{"id":1180,"date":"2019-01-15T22:23:55","date_gmt":"2019-01-15T21:23:55","guid":{"rendered":"http:\/\/albivillecomestible.fr\/?p=1180"},"modified":"2019-01-15T22:23:55","modified_gmt":"2019-01-15T21:23:55","slug":"les-divines-biquettes-cest-vendredi-18-janvier-a-20h30-a-la-mediatheque-de-puygouzon","status":"publish","type":"post","link":"https:\/\/terrescitoyennes.org\/index.php\/2019\/01\/15\/les-divines-biquettes-cest-vendredi-18-janvier-a-20h30-a-la-mediatheque-de-puygouzon\/","title":{"rendered":"\u00ab\u00a0Les divines biquettes\u00a0\u00bb : c&rsquo;est vendredi 18 janvier \u00e0 20h30 \u00e0 la M\u00e9diath\u00e8que de Puygouzon !"},"content":{"rendered":"<p><img loading=\"lazy\" decoding=\"async\" class=\"aligncenter size-full wp-image-1181\" src=\"http:\/\/albivillecomestible.fr\/wp-content\/uploads\/2019\/01\/Dominique-Rousseau.jpg\" alt=\"\" width=\"222\" height=\"314\" srcset=\"https:\/\/terrescitoyennes.org\/wp-content\/uploads\/2019\/01\/Dominique-Rousseau.jpg 222w, https:\/\/terrescitoyennes.org\/wp-content\/uploads\/2019\/01\/Dominique-Rousseau-212x300.jpg 212w\" sizes=\"(max-width: 222px) 100vw, 222px\" \/><\/p>\n<p><strong>\u00ab\u00a0Les divines biquettes\u00a0\u00bb<\/strong>, par Dominique Rousseau, conteuse contrebassiste, c&rsquo;est vendredi 18 janvier 2019, \u00e0 20h30, \u00e0 la m\u00e9diath\u00e8que de Puygouzon, \u00e7a dure 1h10, pour tout public \u00e0 partir de 12 ans et c&rsquo;est gratuit !<\/p>\n<p class=\"font_8\">Plus d&rsquo;infos :<\/p>\n<p class=\"font_8\">&#8211; sur le site de Dominique Rousseau : <a href=\"https:\/\/www.dominiquerousseau.fr\/les-divines-biquettes\" target=\"_blank\" rel=\"noopener\">https:\/\/www.dominiquerousseau.fr\/les-divines-biquettes<\/a><\/p>\n<p>&#8211; sur le site Puygouzon : <a href=\"http:\/\/www.puygouzon.net\/manifestations\/\" target=\"_blank\" rel=\"noopener\">http:\/\/www.puygouzon.net\/manifestations\/<\/a><\/p>\n","protected":false},"excerpt":{"rendered":"<p>\u00ab\u00a0Les divines biquettes\u00a0\u00bb, par Dominique Rousseau, conteuse contrebassiste, c&rsquo;est vendredi 18 janvier 2019, \u00e0 20h30, \u00e0 la m\u00e9diath\u00e8que de Puygouzon, \u00e7a dure 1h10, pour tout public \u00e0 partir de 12 ans et c&rsquo;est gratuit ! Plus d&rsquo;infos : &#8211; sur le site de Dominique Rousseau : https:\/\/www.dominiquerousseau.fr\/les-divines-biquettes &#8211; sur le site Puygouzon : http:\/\/www.puygouzon.net\/manifestations\/<\/p>\n","protected":false},"author":3,"featured_media":0,"comment_status":"closed","ping_status":"closed","sticky":false,"template":"","format":"standard","meta":{"footnotes":""},"categories":[1],"tags":[],"yoast_head":"<!-- This site is optimized with the Yoast SEO plugin v23.5 - https:\/\/yoast.com\/wordpress\/plugins\/seo\/ -->\n<title>&quot;Les divines biquettes&quot; : c&#039;est vendredi 18 janvier \u00e0 20h30 \u00e0 la M\u00e9diath\u00e8que de Puygouzon ! - Terres citoyennes albigeoises<\/title>\n<meta name=\"robots\" content=\"index, follow, max-snippet:-1, max-image-preview:large, max-video-preview:-1\" \/>\n<link rel=\"canonical\" href=\"https:\/\/terrescitoyennes.org\/index.php\/2019\/01\/15\/les-divines-biquettes-cest-vendredi-18-janvier-a-20h30-a-la-mediatheque-de-puygouzon\/\" \/>\n<meta property=\"og:locale\" content=\"fr_FR\" \/>\n<meta property=\"og:type\" content=\"article\" \/>\n<meta property=\"og:title\" content=\"&quot;Les divines biquettes&quot; : c&#039;est vendredi 18 janvier \u00e0 20h30 \u00e0 la M\u00e9diath\u00e8que de Puygouzon ! - Terres citoyennes albigeoises\" \/>\n<meta property=\"og:description\" content=\"\u00ab\u00a0Les divines biquettes\u00a0\u00bb, par Dominique Rousseau, conteuse contrebassiste, c&rsquo;est vendredi 18 janvier 2019, \u00e0 20h30, \u00e0 la m\u00e9diath\u00e8que de Puygouzon, \u00e7a dure 1h10, pour tout public \u00e0 partir de 12 ans et c&rsquo;est gratuit ! Plus d&rsquo;infos : &#8211; sur le site de Dominique Rousseau : https:\/\/www.dominiquerousseau.fr\/les-divines-biquettes &#8211; sur le site Puygouzon : http:\/\/www.puygouzon.net\/manifestations\/\" \/>\n<meta property=\"og:url\" content=\"https:\/\/terrescitoyennes.org\/index.php\/2019\/01\/15\/les-divines-biquettes-cest-vendredi-18-janvier-a-20h30-a-la-mediatheque-de-puygouzon\/\" \/>\n<meta property=\"og:site_name\" content=\"Terres citoyennes albigeoises\" \/>\n<meta property=\"article:publisher\" content=\"https:\/\/www.facebook.com\/Terres-citoyennes-albigeoises-513479312353377\/\" \/>\n<meta property=\"article:published_time\" content=\"2019-01-15T21:23:55+00:00\" \/>\n<meta property=\"og:image\" content=\"http:\/\/albivillecomestible.fr\/wp-content\/uploads\/2019\/01\/Dominique-Rousseau.jpg\" \/>\n<meta name=\"author\" content=\"La r\u00e9daction\" \/>\n<meta name=\"twitter:card\" content=\"summary_large_image\" \/>\n<meta name=\"twitter:label1\" content=\"\u00c9crit par\" \/>\n\t<meta name=\"twitter:data1\" content=\"La r\u00e9daction\" \/>\n<script type=\"application\/ld+json\" class=\"yoast-schema-graph\">{\"@context\":\"https:\/\/schema.org\",\"@graph\":[{\"@type\":\"Article\",\"@id\":\"https:\/\/terrescitoyennes.org\/index.php\/2019\/01\/15\/les-divines-biquettes-cest-vendredi-18-janvier-a-20h30-a-la-mediatheque-de-puygouzon\/#article\",\"isPartOf\":{\"@id\":\"https:\/\/terrescitoyennes.org\/index.php\/2019\/01\/15\/les-divines-biquettes-cest-vendredi-18-janvier-a-20h30-a-la-mediatheque-de-puygouzon\/\"},\"author\":{\"name\":\"La r\u00e9daction\",\"@id\":\"https:\/\/terrescitoyennes.org\/#\/schema\/person\/e0960d6781bbeb4a308a46f01ba3d382\"},\"headline\":\"\u00ab\u00a0Les divines biquettes\u00a0\u00bb : c&rsquo;est vendredi 18 janvier \u00e0 20h30 \u00e0 la M\u00e9diath\u00e8que de Puygouzon !\",\"datePublished\":\"2019-01-15T21:23:55+00:00\",\"dateModified\":\"2019-01-15T21:23:55+00:00\",\"mainEntityOfPage\":{\"@id\":\"https:\/\/terrescitoyennes.org\/index.php\/2019\/01\/15\/les-divines-biquettes-cest-vendredi-18-janvier-a-20h30-a-la-mediatheque-de-puygouzon\/\"},\"wordCount\":67,\"publisher\":{\"@id\":\"https:\/\/terrescitoyennes.org\/#organization\"},\"image\":{\"@id\":\"https:\/\/terrescitoyennes.org\/index.php\/2019\/01\/15\/les-divines-biquettes-cest-vendredi-18-janvier-a-20h30-a-la-mediatheque-de-puygouzon\/#primaryimage\"},\"thumbnailUrl\":\"http:\/\/albivillecomestible.fr\/wp-content\/uploads\/2019\/01\/Dominique-Rousseau.jpg\",\"inLanguage\":\"fr-FR\"},{\"@type\":\"WebPage\",\"@id\":\"https:\/\/terrescitoyennes.org\/index.php\/2019\/01\/15\/les-divines-biquettes-cest-vendredi-18-janvier-a-20h30-a-la-mediatheque-de-puygouzon\/\",\"url\":\"https:\/\/terrescitoyennes.org\/index.php\/2019\/01\/15\/les-divines-biquettes-cest-vendredi-18-janvier-a-20h30-a-la-mediatheque-de-puygouzon\/\",\"name\":\"\\\"Les divines biquettes\\\" : c'est vendredi 18 janvier \u00e0 20h30 \u00e0 la M\u00e9diath\u00e8que de Puygouzon ! - Terres citoyennes albigeoises\",\"isPartOf\":{\"@id\":\"https:\/\/terrescitoyennes.org\/#website\"},\"primaryImageOfPage\":{\"@id\":\"https:\/\/terrescitoyennes.org\/index.php\/2019\/01\/15\/les-divines-biquettes-cest-vendredi-18-janvier-a-20h30-a-la-mediatheque-de-puygouzon\/#primaryimage\"},\"image\":{\"@id\":\"https:\/\/terrescitoyennes.org\/index.php\/2019\/01\/15\/les-divines-biquettes-cest-vendredi-18-janvier-a-20h30-a-la-mediatheque-de-puygouzon\/#primaryimage\"},\"thumbnailUrl\":\"http:\/\/albivillecomestible.fr\/wp-content\/uploads\/2019\/01\/Dominique-Rousseau.jpg\",\"datePublished\":\"2019-01-15T21:23:55+00:00\",\"dateModified\":\"2019-01-15T21:23:55+00:00\",\"breadcrumb\":{\"@id\":\"https:\/\/terrescitoyennes.org\/index.php\/2019\/01\/15\/les-divines-biquettes-cest-vendredi-18-janvier-a-20h30-a-la-mediatheque-de-puygouzon\/#breadcrumb\"},\"inLanguage\":\"fr-FR\",\"potentialAction\":[{\"@type\":\"ReadAction\",\"target\":[\"https:\/\/terrescitoyennes.org\/index.php\/2019\/01\/15\/les-divines-biquettes-cest-vendredi-18-janvier-a-20h30-a-la-mediatheque-de-puygouzon\/\"]}]},{\"@type\":\"ImageObject\",\"inLanguage\":\"fr-FR\",\"@id\":\"https:\/\/terrescitoyennes.org\/index.php\/2019\/01\/15\/les-divines-biquettes-cest-vendredi-18-janvier-a-20h30-a-la-mediatheque-de-puygouzon\/#primaryimage\",\"url\":\"http:\/\/albivillecomestible.fr\/wp-content\/uploads\/2019\/01\/Dominique-Rousseau.jpg\",\"contentUrl\":\"http:\/\/albivillecomestible.fr\/wp-content\/uploads\/2019\/01\/Dominique-Rousseau.jpg\"},{\"@type\":\"BreadcrumbList\",\"@id\":\"https:\/\/terrescitoyennes.org\/index.php\/2019\/01\/15\/les-divines-biquettes-cest-vendredi-18-janvier-a-20h30-a-la-mediatheque-de-puygouzon\/#breadcrumb\",\"itemListElement\":[{\"@type\":\"ListItem\",\"position\":1,\"name\":\"Accueil\",\"item\":\"https:\/\/terrescitoyennes.org\/\"},{\"@type\":\"ListItem\",\"position\":2,\"name\":\"\u00ab\u00a0Les divines biquettes\u00a0\u00bb : c&rsquo;est vendredi 18 janvier \u00e0 20h30 \u00e0 la M\u00e9diath\u00e8que de Puygouzon !\"}]},{\"@type\":\"WebSite\",\"@id\":\"https:\/\/terrescitoyennes.org\/#website\",\"url\":\"https:\/\/terrescitoyennes.org\/\",\"name\":\"Terres Citoyennes Albigeoises\",\"description\":\"\",\"publisher\":{\"@id\":\"https:\/\/terrescitoyennes.org\/#organization\"},\"potentialAction\":[{\"@type\":\"SearchAction\",\"target\":{\"@type\":\"EntryPoint\",\"urlTemplate\":\"https:\/\/terrescitoyennes.org\/?s={search_term_string}\"},\"query-input\":{\"@type\":\"PropertyValueSpecification\",\"valueRequired\":true,\"valueName\":\"search_term_string\"}}],\"inLanguage\":\"fr-FR\"},{\"@type\":\"Organization\",\"@id\":\"https:\/\/terrescitoyennes.org\/#organization\",\"name\":\"Terres Citoyennes Albigeoises\",\"url\":\"https:\/\/terrescitoyennes.org\/\",\"logo\":{\"@type\":\"ImageObject\",\"inLanguage\":\"fr-FR\",\"@id\":\"https:\/\/terrescitoyennes.org\/#\/schema\/logo\/image\/\",\"url\":\"https:\/\/terrescitoyennes.org\/wp-content\/uploads\/2020\/05\/LOGO-TC-propo-01.png\",\"contentUrl\":\"https:\/\/terrescitoyennes.org\/wp-content\/uploads\/2020\/05\/LOGO-TC-propo-01.png\",\"width\":519,\"height\":459,\"caption\":\"Terres Citoyennes Albigeoises\"},\"image\":{\"@id\":\"https:\/\/terrescitoyennes.org\/#\/schema\/logo\/image\/\"},\"sameAs\":[\"https:\/\/www.facebook.com\/Terres-citoyennes-albigeoises-513479312353377\/\"]},{\"@type\":\"Person\",\"@id\":\"https:\/\/terrescitoyennes.org\/#\/schema\/person\/e0960d6781bbeb4a308a46f01ba3d382\",\"name\":\"La r\u00e9daction\",\"image\":{\"@type\":\"ImageObject\",\"inLanguage\":\"fr-FR\",\"@id\":\"https:\/\/terrescitoyennes.org\/#\/schema\/person\/image\/\",\"url\":\"https:\/\/secure.gravatar.com\/avatar\/d799b7c652906e899d85a27d9adbcc8a?s=96&d=mm&r=g\",\"contentUrl\":\"https:\/\/secure.gravatar.com\/avatar\/d799b7c652906e899d85a27d9adbcc8a?s=96&d=mm&r=g\",\"caption\":\"La r\u00e9daction\"},\"url\":\"https:\/\/terrescitoyennes.org\/index.php\/author\/pascal-henry-albi\/\"}]}<\/script>\n<!-- \/ Yoast SEO plugin. -->","yoast_head_json":{"title":"\"Les divines biquettes\" : c'est vendredi 18 janvier \u00e0 20h30 \u00e0 la M\u00e9diath\u00e8que de Puygouzon ! - Terres citoyennes albigeoises","robots":{"index":"index","follow":"follow","max-snippet":"max-snippet:-1","max-image-preview":"max-image-preview:large","max-video-preview":"max-video-preview:-1"},"canonical":"https:\/\/terrescitoyennes.org\/index.php\/2019\/01\/15\/les-divines-biquettes-cest-vendredi-18-janvier-a-20h30-a-la-mediatheque-de-puygouzon\/","og_locale":"fr_FR","og_type":"article","og_title":"\"Les divines biquettes\" : c'est vendredi 18 janvier \u00e0 20h30 \u00e0 la M\u00e9diath\u00e8que de Puygouzon ! - Terres citoyennes albigeoises","og_description":"\u00ab\u00a0Les divines biquettes\u00a0\u00bb, par Dominique Rousseau, conteuse contrebassiste, c&rsquo;est vendredi 18 janvier 2019, \u00e0 20h30, \u00e0 la m\u00e9diath\u00e8que de Puygouzon, \u00e7a dure 1h10, pour tout public \u00e0 partir de 12 ans et c&rsquo;est gratuit ! Plus d&rsquo;infos : &#8211; sur le site de Dominique Rousseau : https:\/\/www.dominiquerousseau.fr\/les-divines-biquettes &#8211; sur le site Puygouzon : http:\/\/www.puygouzon.net\/manifestations\/","og_url":"https:\/\/terrescitoyennes.org\/index.php\/2019\/01\/15\/les-divines-biquettes-cest-vendredi-18-janvier-a-20h30-a-la-mediatheque-de-puygouzon\/","og_site_name":"Terres citoyennes albigeoises","article_publisher":"https:\/\/www.facebook.com\/Terres-citoyennes-albigeoises-513479312353377\/","article_published_time":"2019-01-15T21:23:55+00:00","og_image":[{"url":"http:\/\/albivillecomestible.fr\/wp-content\/uploads\/2019\/01\/Dominique-Rousseau.jpg"}],"author":"La r\u00e9daction","twitter_card":"summary_large_image","twitter_misc":{"\u00c9crit par":"La r\u00e9daction"},"schema":{"@context":"https:\/\/schema.org","@graph":[{"@type":"Article","@id":"https:\/\/terrescitoyennes.org\/index.php\/2019\/01\/15\/les-divines-biquettes-cest-vendredi-18-janvier-a-20h30-a-la-mediatheque-de-puygouzon\/#article","isPartOf":{"@id":"https:\/\/terrescitoyennes.org\/index.php\/2019\/01\/15\/les-divines-biquettes-cest-vendredi-18-janvier-a-20h30-a-la-mediatheque-de-puygouzon\/"},"author":{"name":"La r\u00e9daction","@id":"https:\/\/terrescitoyennes.org\/#\/schema\/person\/e0960d6781bbeb4a308a46f01ba3d382"},"headline":"\u00ab\u00a0Les divines biquettes\u00a0\u00bb : c&rsquo;est vendredi 18 janvier \u00e0 20h30 \u00e0 la M\u00e9diath\u00e8que de Puygouzon !","datePublished":"2019-01-15T21:23:55+00:00","dateModified":"2019-01-15T21:23:55+00:00","mainEntityOfPage":{"@id":"https:\/\/terrescitoyennes.org\/index.php\/2019\/01\/15\/les-divines-biquettes-cest-vendredi-18-janvier-a-20h30-a-la-mediatheque-de-puygouzon\/"},"wordCount":67,"publisher":{"@id":"https:\/\/terrescitoyennes.org\/#organization"},"image":{"@id":"https:\/\/terrescitoyennes.org\/index.php\/2019\/01\/15\/les-divines-biquettes-cest-vendredi-18-janvier-a-20h30-a-la-mediatheque-de-puygouzon\/#primaryimage"},"thumbnailUrl":"http:\/\/albivillecomestible.fr\/wp-content\/uploads\/2019\/01\/Dominique-Rousseau.jpg","inLanguage":"fr-FR"},{"@type":"WebPage","@id":"https:\/\/terrescitoyennes.org\/index.php\/2019\/01\/15\/les-divines-biquettes-cest-vendredi-18-janvier-a-20h30-a-la-mediatheque-de-puygouzon\/","url":"https:\/\/terrescitoyennes.org\/index.php\/2019\/01\/15\/les-divines-biquettes-cest-vendredi-18-janvier-a-20h30-a-la-mediatheque-de-puygouzon\/","name":"\"Les divines biquettes\" : c'est vendredi 18 janvier \u00e0 20h30 \u00e0 la M\u00e9diath\u00e8que de Puygouzon ! - Terres citoyennes albigeoises","isPartOf":{"@id":"https:\/\/terrescitoyennes.org\/#website"},"primaryImageOfPage":{"@id":"https:\/\/terrescitoyennes.org\/index.php\/2019\/01\/15\/les-divines-biquettes-cest-vendredi-18-janvier-a-20h30-a-la-mediatheque-de-puygouzon\/#primaryimage"},"image":{"@id":"https:\/\/terrescitoyennes.org\/index.php\/2019\/01\/15\/les-divines-biquettes-cest-vendredi-18-janvier-a-20h30-a-la-mediatheque-de-puygouzon\/#primaryimage"},"thumbnailUrl":"http:\/\/albivillecomestible.fr\/wp-content\/uploads\/2019\/01\/Dominique-Rousseau.jpg","datePublished":"2019-01-15T21:23:55+00:00","dateModified":"2019-01-15T21:23:55+00:00","breadcrumb":{"@id":"https:\/\/terrescitoyennes.org\/index.php\/2019\/01\/15\/les-divines-biquettes-cest-vendredi-18-janvier-a-20h30-a-la-mediatheque-de-puygouzon\/#breadcrumb"},"inLanguage":"fr-FR","potentialAction":[{"@type":"ReadAction","target":["https:\/\/terrescitoyennes.org\/index.php\/2019\/01\/15\/les-divines-biquettes-cest-vendredi-18-janvier-a-20h30-a-la-mediatheque-de-puygouzon\/"]}]},{"@type":"ImageObject","inLanguage":"fr-FR","@id":"https:\/\/terrescitoyennes.org\/index.php\/2019\/01\/15\/les-divines-biquettes-cest-vendredi-18-janvier-a-20h30-a-la-mediatheque-de-puygouzon\/#primaryimage","url":"http:\/\/albivillecomestible.fr\/wp-content\/uploads\/2019\/01\/Dominique-Rousseau.jpg","contentUrl":"http:\/\/albivillecomestible.fr\/wp-content\/uploads\/2019\/01\/Dominique-Rousseau.jpg"},{"@type":"BreadcrumbList","@id":"https:\/\/terrescitoyennes.org\/index.php\/2019\/01\/15\/les-divines-biquettes-cest-vendredi-18-janvier-a-20h30-a-la-mediatheque-de-puygouzon\/#breadcrumb","itemListElement":[{"@type":"ListItem","position":1,"name":"Accueil","item":"https:\/\/terrescitoyennes.org\/"},{"@type":"ListItem","position":2,"name":"\u00ab\u00a0Les divines biquettes\u00a0\u00bb : c&rsquo;est vendredi 18 janvier \u00e0 20h30 \u00e0 la M\u00e9diath\u00e8que de Puygouzon !"}]},{"@type":"WebSite","@id":"https:\/\/terrescitoyennes.org\/#website","url":"https:\/\/terrescitoyennes.org\/","name":"Terres Citoyennes Albigeoises","description":"","publisher":{"@id":"https:\/\/terrescitoyennes.org\/#organization"},"potentialAction":[{"@type":"SearchAction","target":{"@type":"EntryPoint","urlTemplate":"https:\/\/terrescitoyennes.org\/?s={search_term_string}"},"query-input":{"@type":"PropertyValueSpecification","valueRequired":true,"valueName":"search_term_string"}}],"inLanguage":"fr-FR"},{"@type":"Organization","@id":"https:\/\/terrescitoyennes.org\/#organization","name":"Terres Citoyennes Albigeoises","url":"https:\/\/terrescitoyennes.org\/","logo":{"@type":"ImageObject","inLanguage":"fr-FR","@id":"https:\/\/terrescitoyennes.org\/#\/schema\/logo\/image\/","url":"https:\/\/terrescitoyennes.org\/wp-content\/uploads\/2020\/05\/LOGO-TC-propo-01.png","contentUrl":"https:\/\/terrescitoyennes.org\/wp-content\/uploads\/2020\/05\/LOGO-TC-propo-01.png","width":519,"height":459,"caption":"Terres Citoyennes Albigeoises"},"image":{"@id":"https:\/\/terrescitoyennes.org\/#\/schema\/logo\/image\/"},"sameAs":["https:\/\/www.facebook.com\/Terres-citoyennes-albigeoises-513479312353377\/"]},{"@type":"Person","@id":"https:\/\/terrescitoyennes.org\/#\/schema\/person\/e0960d6781bbeb4a308a46f01ba3d382","name":"La r\u00e9daction","image":{"@type":"ImageObject","inLanguage":"fr-FR","@id":"https:\/\/terrescitoyennes.org\/#\/schema\/person\/image\/","url":"https:\/\/secure.gravatar.com\/avatar\/d799b7c652906e899d85a27d9adbcc8a?s=96&d=mm&r=g","contentUrl":"https:\/\/secure.gravatar.com\/avatar\/d799b7c652906e899d85a27d9adbcc8a?s=96&d=mm&r=g","caption":"La r\u00e9daction"},"url":"https:\/\/terrescitoyennes.org\/index.php\/author\/pascal-henry-albi\/"}]}},"_links":{"self":[{"href":"https:\/\/terrescitoyennes.org\/index.php\/wp-json\/wp\/v2\/posts\/1180"}],"collection":[{"href":"https:\/\/terrescitoyennes.org\/index.php\/wp-json\/wp\/v2\/posts"}],"about":[{"href":"https:\/\/terrescitoyennes.org\/index.php\/wp-json\/wp\/v2\/types\/post"}],"author":[{"embeddable":true,"href":"https:\/\/terrescitoyennes.org\/index.php\/wp-json\/wp\/v2\/users\/3"}],"replies":[{"embeddable":true,"href":"https:\/\/terrescitoyennes.org\/index.php\/wp-json\/wp\/v2\/comments?post=1180"}],"version-history":[{"count":0,"href":"https:\/\/terrescitoyennes.org\/index.php\/wp-json\/wp\/v2\/posts\/1180\/revisions"}],"wp:attachment":[{"href":"https:\/\/terrescitoyennes.org\/index.php\/wp-json\/wp\/v2\/media?parent=1180"}],"wp:term":[{"taxonomy":"category","embeddable":true,"href":"https:\/\/terrescitoyennes.org\/index.php\/wp-json\/wp\/v2\/categories?post=1180"},{"taxonomy":"post_tag","embeddable":true,"href":"https:\/\/terrescitoyennes.org\/index.php\/wp-json\/wp\/v2\/tags?post=1180"}],"curies":[{"name":"wp","href":"https:\/\/api.w.org\/{rel}","templated":true}]}}