{"id":1183,"date":"2019-01-15T23:02:32","date_gmt":"2019-01-15T22:02:32","guid":{"rendered":"http:\/\/albivillecomestible.fr\/?p=1183"},"modified":"2019-01-15T23:02:32","modified_gmt":"2019-01-15T22:02:32","slug":"mercredi-23-janvier-au-cinema-de-la-sna-jeune-bergere-dans-le-cadre-de-utopies-concretes-10","status":"publish","type":"post","link":"https:\/\/terrescitoyennes.org\/index.php\/2019\/01\/15\/mercredi-23-janvier-au-cinema-de-la-sna-jeune-bergere-dans-le-cadre-de-utopies-concretes-10\/","title":{"rendered":"Mercredi 23 janvier au cin\u00e9ma de la SNA : \u00ab\u00a0Jeune berg\u00e8re\u00a0\u00bb, dans le cadre de Utopies concr\u00e8tes #10"},"content":{"rendered":"<p><img loading=\"lazy\" decoding=\"async\" class=\"aligncenter size-large wp-image-1184\" src=\"http:\/\/albivillecomestible.fr\/wp-content\/uploads\/2019\/01\/Jeune-berg\u00e8re-752x1024.jpg\" alt=\"\" width=\"525\" height=\"715\" srcset=\"https:\/\/terrescitoyennes.org\/wp-content\/uploads\/2019\/01\/Jeune-berg\u00e8re-752x1024.jpg 752w, https:\/\/terrescitoyennes.org\/wp-content\/uploads\/2019\/01\/Jeune-berg\u00e8re-220x300.jpg 220w, https:\/\/terrescitoyennes.org\/wp-content\/uploads\/2019\/01\/Jeune-berg\u00e8re-768x1046.jpg 768w, https:\/\/terrescitoyennes.org\/wp-content\/uploads\/2019\/01\/Jeune-berg\u00e8re.jpg 793w\" sizes=\"(max-width: 525px) 100vw, 525px\" \/><\/p>\n<p><em><strong>\u00ab\u00a0Jeune berg\u00e8re\u00a0\u00bb<\/strong><\/em>, film documentaire de Delphine D\u00e9trie, en avant-premi\u00e8re au cin\u00e9ma de la SNA, mercredi 23 janvier \u00e0 21h, en pr\u00e9sence de la r\u00e9alisatrice :<\/p>\n<blockquote><p>C\u2019est l\u2019histoire d\u2019une jeune femme qui a radicalement chang\u00e9 de vie, qui se bat pour pratiquer une agriculture qui lui ressemble, contre vents et mar\u00e9es. Contre des coll\u00e8gues jaloux, une administration tatillonne. C\u2019est l\u2019histoire d\u2019une berg\u00e8re qui questionne notre propre d\u00e9sir de mener une vie en ad\u00e9quation avec ce que nous sommes.<\/p><\/blockquote>\n<p>Cette projection s&rsquo;inscrit dans le cadre de <em><strong>Utopies concr\u00e8tes #10<\/strong><\/em>, du 13 janvier au 1er f\u00e9vrier 2019 \u00e0 la SNA et au fil du Tarn :<\/p>\n<blockquote><p>En 2015, le Cin\u00e9ma SNA en partenariat avec l&rsquo;Institut National Universitaire Champollion et l&rsquo;ALESA de Fonlabour proposait sa premi\u00e8re soir\u00e9e Utopies Concr\u00e8tes avec la projection en cin\u00e9-d\u00e9bat du film <i>Demain<\/i>. Pour la 10e \u00e9dition, c&rsquo;est une semaine enti\u00e8re autour des utopies que nous vous proposons : un spectacle en tourn\u00e9e au fil du Tarn, des films (fiction, documentaire, jeune public, patrimoine) mais aussi une table ronde, un atelier&#8230; Une semaine pour penser ensemble l&rsquo;Utopie.<\/p><\/blockquote>\n<p>Pour consulter le programme de Utopies concr\u00e8tes #10, cliquez <a href=\"http:\/\/albivillecomestible.fr\/wp-content\/uploads\/2019\/01\/UTOPIES-CONCRETES101901-OK.pdf\" target=\"_blank\" rel=\"noopener\">ici<\/a><\/p>\n","protected":false},"excerpt":{"rendered":"<p>\u00ab\u00a0Jeune berg\u00e8re\u00a0\u00bb, film documentaire de Delphine D\u00e9trie, en avant-premi\u00e8re au cin\u00e9ma de la SNA, mercredi 23 janvier \u00e0 21h, en pr\u00e9sence de la r\u00e9alisatrice : C\u2019est l\u2019histoire d\u2019une jeune femme qui a radicalement chang\u00e9 de vie, qui se bat pour pratiquer une agriculture qui lui ressemble, contre vents et mar\u00e9es. Contre des coll\u00e8gues jaloux, une [&hellip;]<\/p>\n","protected":false},"author":3,"featured_media":0,"comment_status":"closed","ping_status":"closed","sticky":false,"template":"","format":"standard","meta":{"footnotes":""},"categories":[1],"tags":[],"yoast_head":"<!-- This site is optimized with the Yoast SEO plugin v23.5 - https:\/\/yoast.com\/wordpress\/plugins\/seo\/ -->\n<title>Mercredi 23 janvier au cin\u00e9ma de la SNA : &quot;Jeune berg\u00e8re&quot;, dans le cadre de Utopies concr\u00e8tes #10 - Terres citoyennes albigeoises<\/title>\n<meta name=\"robots\" content=\"index, follow, max-snippet:-1, max-image-preview:large, max-video-preview:-1\" \/>\n<link rel=\"canonical\" href=\"https:\/\/terrescitoyennes.org\/index.php\/2019\/01\/15\/mercredi-23-janvier-au-cinema-de-la-sna-jeune-bergere-dans-le-cadre-de-utopies-concretes-10\/\" \/>\n<meta property=\"og:locale\" content=\"fr_FR\" \/>\n<meta property=\"og:type\" content=\"article\" \/>\n<meta property=\"og:title\" content=\"Mercredi 23 janvier au cin\u00e9ma de la SNA : &quot;Jeune berg\u00e8re&quot;, dans le cadre de Utopies concr\u00e8tes #10 - Terres citoyennes albigeoises\" \/>\n<meta property=\"og:description\" content=\"\u00ab\u00a0Jeune berg\u00e8re\u00a0\u00bb, film documentaire de Delphine D\u00e9trie, en avant-premi\u00e8re au cin\u00e9ma de la SNA, mercredi 23 janvier \u00e0 21h, en pr\u00e9sence de la r\u00e9alisatrice : C\u2019est l\u2019histoire d\u2019une jeune femme qui a radicalement chang\u00e9 de vie, qui se bat pour pratiquer une agriculture qui lui ressemble, contre vents et mar\u00e9es. Contre des coll\u00e8gues jaloux, une [&hellip;]\" \/>\n<meta property=\"og:url\" content=\"https:\/\/terrescitoyennes.org\/index.php\/2019\/01\/15\/mercredi-23-janvier-au-cinema-de-la-sna-jeune-bergere-dans-le-cadre-de-utopies-concretes-10\/\" \/>\n<meta property=\"og:site_name\" content=\"Terres citoyennes albigeoises\" \/>\n<meta property=\"article:publisher\" content=\"https:\/\/www.facebook.com\/Terres-citoyennes-albigeoises-513479312353377\/\" \/>\n<meta property=\"article:published_time\" content=\"2019-01-15T22:02:32+00:00\" \/>\n<meta property=\"og:image\" content=\"http:\/\/albivillecomestible.fr\/wp-content\/uploads\/2019\/01\/Jeune-berg\u00e8re-752x1024.jpg\" \/>\n<meta name=\"author\" content=\"La r\u00e9daction\" \/>\n<meta name=\"twitter:card\" content=\"summary_large_image\" \/>\n<meta name=\"twitter:label1\" content=\"\u00c9crit par\" \/>\n\t<meta name=\"twitter:data1\" content=\"La r\u00e9daction\" \/>\n\t<meta name=\"twitter:label2\" content=\"Dur\u00e9e de lecture estim\u00e9e\" \/>\n\t<meta name=\"twitter:data2\" content=\"1 minute\" \/>\n<script type=\"application\/ld+json\" class=\"yoast-schema-graph\">{\"@context\":\"https:\/\/schema.org\",\"@graph\":[{\"@type\":\"Article\",\"@id\":\"https:\/\/terrescitoyennes.org\/index.php\/2019\/01\/15\/mercredi-23-janvier-au-cinema-de-la-sna-jeune-bergere-dans-le-cadre-de-utopies-concretes-10\/#article\",\"isPartOf\":{\"@id\":\"https:\/\/terrescitoyennes.org\/index.php\/2019\/01\/15\/mercredi-23-janvier-au-cinema-de-la-sna-jeune-bergere-dans-le-cadre-de-utopies-concretes-10\/\"},\"author\":{\"name\":\"La r\u00e9daction\",\"@id\":\"https:\/\/terrescitoyennes.org\/#\/schema\/person\/e0960d6781bbeb4a308a46f01ba3d382\"},\"headline\":\"Mercredi 23 janvier au cin\u00e9ma de la SNA : \u00ab\u00a0Jeune berg\u00e8re\u00a0\u00bb, dans le cadre de Utopies concr\u00e8tes #10\",\"datePublished\":\"2019-01-15T22:02:32+00:00\",\"dateModified\":\"2019-01-15T22:02:32+00:00\",\"mainEntityOfPage\":{\"@id\":\"https:\/\/terrescitoyennes.org\/index.php\/2019\/01\/15\/mercredi-23-janvier-au-cinema-de-la-sna-jeune-bergere-dans-le-cadre-de-utopies-concretes-10\/\"},\"wordCount\":222,\"publisher\":{\"@id\":\"https:\/\/terrescitoyennes.org\/#organization\"},\"inLanguage\":\"fr-FR\"},{\"@type\":\"WebPage\",\"@id\":\"https:\/\/terrescitoyennes.org\/index.php\/2019\/01\/15\/mercredi-23-janvier-au-cinema-de-la-sna-jeune-bergere-dans-le-cadre-de-utopies-concretes-10\/\",\"url\":\"https:\/\/terrescitoyennes.org\/index.php\/2019\/01\/15\/mercredi-23-janvier-au-cinema-de-la-sna-jeune-bergere-dans-le-cadre-de-utopies-concretes-10\/\",\"name\":\"Mercredi 23 janvier au cin\u00e9ma de la SNA : \\\"Jeune berg\u00e8re\\\", dans le cadre de Utopies concr\u00e8tes #10 - Terres citoyennes albigeoises\",\"isPartOf\":{\"@id\":\"https:\/\/terrescitoyennes.org\/#website\"},\"datePublished\":\"2019-01-15T22:02:32+00:00\",\"dateModified\":\"2019-01-15T22:02:32+00:00\",\"breadcrumb\":{\"@id\":\"https:\/\/terrescitoyennes.org\/index.php\/2019\/01\/15\/mercredi-23-janvier-au-cinema-de-la-sna-jeune-bergere-dans-le-cadre-de-utopies-concretes-10\/#breadcrumb\"},\"inLanguage\":\"fr-FR\",\"potentialAction\":[{\"@type\":\"ReadAction\",\"target\":[\"https:\/\/terrescitoyennes.org\/index.php\/2019\/01\/15\/mercredi-23-janvier-au-cinema-de-la-sna-jeune-bergere-dans-le-cadre-de-utopies-concretes-10\/\"]}]},{\"@type\":\"BreadcrumbList\",\"@id\":\"https:\/\/terrescitoyennes.org\/index.php\/2019\/01\/15\/mercredi-23-janvier-au-cinema-de-la-sna-jeune-bergere-dans-le-cadre-de-utopies-concretes-10\/#breadcrumb\",\"itemListElement\":[{\"@type\":\"ListItem\",\"position\":1,\"name\":\"Accueil\",\"item\":\"https:\/\/terrescitoyennes.org\/\"},{\"@type\":\"ListItem\",\"position\":2,\"name\":\"Mercredi 23 janvier au cin\u00e9ma de la SNA : \u00ab\u00a0Jeune berg\u00e8re\u00a0\u00bb, dans le cadre de Utopies concr\u00e8tes #10\"}]},{\"@type\":\"WebSite\",\"@id\":\"https:\/\/terrescitoyennes.org\/#website\",\"url\":\"https:\/\/terrescitoyennes.org\/\",\"name\":\"Terres Citoyennes Albigeoises\",\"description\":\"\",\"publisher\":{\"@id\":\"https:\/\/terrescitoyennes.org\/#organization\"},\"potentialAction\":[{\"@type\":\"SearchAction\",\"target\":{\"@type\":\"EntryPoint\",\"urlTemplate\":\"https:\/\/terrescitoyennes.org\/?s={search_term_string}\"},\"query-input\":{\"@type\":\"PropertyValueSpecification\",\"valueRequired\":true,\"valueName\":\"search_term_string\"}}],\"inLanguage\":\"fr-FR\"},{\"@type\":\"Organization\",\"@id\":\"https:\/\/terrescitoyennes.org\/#organization\",\"name\":\"Terres Citoyennes Albigeoises\",\"url\":\"https:\/\/terrescitoyennes.org\/\",\"logo\":{\"@type\":\"ImageObject\",\"inLanguage\":\"fr-FR\",\"@id\":\"https:\/\/terrescitoyennes.org\/#\/schema\/logo\/image\/\",\"url\":\"https:\/\/terrescitoyennes.org\/wp-content\/uploads\/2020\/05\/LOGO-TC-propo-01.png\",\"contentUrl\":\"https:\/\/terrescitoyennes.org\/wp-content\/uploads\/2020\/05\/LOGO-TC-propo-01.png\",\"width\":519,\"height\":459,\"caption\":\"Terres Citoyennes Albigeoises\"},\"image\":{\"@id\":\"https:\/\/terrescitoyennes.org\/#\/schema\/logo\/image\/\"},\"sameAs\":[\"https:\/\/www.facebook.com\/Terres-citoyennes-albigeoises-513479312353377\/\"]},{\"@type\":\"Person\",\"@id\":\"https:\/\/terrescitoyennes.org\/#\/schema\/person\/e0960d6781bbeb4a308a46f01ba3d382\",\"name\":\"La r\u00e9daction\",\"image\":{\"@type\":\"ImageObject\",\"inLanguage\":\"fr-FR\",\"@id\":\"https:\/\/terrescitoyennes.org\/#\/schema\/person\/image\/\",\"url\":\"https:\/\/secure.gravatar.com\/avatar\/d799b7c652906e899d85a27d9adbcc8a?s=96&d=mm&r=g\",\"contentUrl\":\"https:\/\/secure.gravatar.com\/avatar\/d799b7c652906e899d85a27d9adbcc8a?s=96&d=mm&r=g\",\"caption\":\"La r\u00e9daction\"},\"url\":\"https:\/\/terrescitoyennes.org\/index.php\/author\/pascal-henry-albi\/\"}]}<\/script>\n<!-- \/ Yoast SEO plugin. -->","yoast_head_json":{"title":"Mercredi 23 janvier au cin\u00e9ma de la SNA : \"Jeune berg\u00e8re\", dans le cadre de Utopies concr\u00e8tes #10 - Terres citoyennes albigeoises","robots":{"index":"index","follow":"follow","max-snippet":"max-snippet:-1","max-image-preview":"max-image-preview:large","max-video-preview":"max-video-preview:-1"},"canonical":"https:\/\/terrescitoyennes.org\/index.php\/2019\/01\/15\/mercredi-23-janvier-au-cinema-de-la-sna-jeune-bergere-dans-le-cadre-de-utopies-concretes-10\/","og_locale":"fr_FR","og_type":"article","og_title":"Mercredi 23 janvier au cin\u00e9ma de la SNA : \"Jeune berg\u00e8re\", dans le cadre de Utopies concr\u00e8tes #10 - Terres citoyennes albigeoises","og_description":"\u00ab\u00a0Jeune berg\u00e8re\u00a0\u00bb, film documentaire de Delphine D\u00e9trie, en avant-premi\u00e8re au cin\u00e9ma de la SNA, mercredi 23 janvier \u00e0 21h, en pr\u00e9sence de la r\u00e9alisatrice : C\u2019est l\u2019histoire d\u2019une jeune femme qui a radicalement chang\u00e9 de vie, qui se bat pour pratiquer une agriculture qui lui ressemble, contre vents et mar\u00e9es. Contre des coll\u00e8gues jaloux, une [&hellip;]","og_url":"https:\/\/terrescitoyennes.org\/index.php\/2019\/01\/15\/mercredi-23-janvier-au-cinema-de-la-sna-jeune-bergere-dans-le-cadre-de-utopies-concretes-10\/","og_site_name":"Terres citoyennes albigeoises","article_publisher":"https:\/\/www.facebook.com\/Terres-citoyennes-albigeoises-513479312353377\/","article_published_time":"2019-01-15T22:02:32+00:00","og_image":[{"url":"http:\/\/albivillecomestible.fr\/wp-content\/uploads\/2019\/01\/Jeune-berg\u00e8re-752x1024.jpg"}],"author":"La r\u00e9daction","twitter_card":"summary_large_image","twitter_misc":{"\u00c9crit par":"La r\u00e9daction","Dur\u00e9e de lecture estim\u00e9e":"1 minute"},"schema":{"@context":"https:\/\/schema.org","@graph":[{"@type":"Article","@id":"https:\/\/terrescitoyennes.org\/index.php\/2019\/01\/15\/mercredi-23-janvier-au-cinema-de-la-sna-jeune-bergere-dans-le-cadre-de-utopies-concretes-10\/#article","isPartOf":{"@id":"https:\/\/terrescitoyennes.org\/index.php\/2019\/01\/15\/mercredi-23-janvier-au-cinema-de-la-sna-jeune-bergere-dans-le-cadre-de-utopies-concretes-10\/"},"author":{"name":"La r\u00e9daction","@id":"https:\/\/terrescitoyennes.org\/#\/schema\/person\/e0960d6781bbeb4a308a46f01ba3d382"},"headline":"Mercredi 23 janvier au cin\u00e9ma de la SNA : \u00ab\u00a0Jeune berg\u00e8re\u00a0\u00bb, dans le cadre de Utopies concr\u00e8tes #10","datePublished":"2019-01-15T22:02:32+00:00","dateModified":"2019-01-15T22:02:32+00:00","mainEntityOfPage":{"@id":"https:\/\/terrescitoyennes.org\/index.php\/2019\/01\/15\/mercredi-23-janvier-au-cinema-de-la-sna-jeune-bergere-dans-le-cadre-de-utopies-concretes-10\/"},"wordCount":222,"publisher":{"@id":"https:\/\/terrescitoyennes.org\/#organization"},"inLanguage":"fr-FR"},{"@type":"WebPage","@id":"https:\/\/terrescitoyennes.org\/index.php\/2019\/01\/15\/mercredi-23-janvier-au-cinema-de-la-sna-jeune-bergere-dans-le-cadre-de-utopies-concretes-10\/","url":"https:\/\/terrescitoyennes.org\/index.php\/2019\/01\/15\/mercredi-23-janvier-au-cinema-de-la-sna-jeune-bergere-dans-le-cadre-de-utopies-concretes-10\/","name":"Mercredi 23 janvier au cin\u00e9ma de la SNA : \"Jeune berg\u00e8re\", dans le cadre de Utopies concr\u00e8tes #10 - Terres citoyennes albigeoises","isPartOf":{"@id":"https:\/\/terrescitoyennes.org\/#website"},"datePublished":"2019-01-15T22:02:32+00:00","dateModified":"2019-01-15T22:02:32+00:00","breadcrumb":{"@id":"https:\/\/terrescitoyennes.org\/index.php\/2019\/01\/15\/mercredi-23-janvier-au-cinema-de-la-sna-jeune-bergere-dans-le-cadre-de-utopies-concretes-10\/#breadcrumb"},"inLanguage":"fr-FR","potentialAction":[{"@type":"ReadAction","target":["https:\/\/terrescitoyennes.org\/index.php\/2019\/01\/15\/mercredi-23-janvier-au-cinema-de-la-sna-jeune-bergere-dans-le-cadre-de-utopies-concretes-10\/"]}]},{"@type":"BreadcrumbList","@id":"https:\/\/terrescitoyennes.org\/index.php\/2019\/01\/15\/mercredi-23-janvier-au-cinema-de-la-sna-jeune-bergere-dans-le-cadre-de-utopies-concretes-10\/#breadcrumb","itemListElement":[{"@type":"ListItem","position":1,"name":"Accueil","item":"https:\/\/terrescitoyennes.org\/"},{"@type":"ListItem","position":2,"name":"Mercredi 23 janvier au cin\u00e9ma de la SNA : \u00ab\u00a0Jeune berg\u00e8re\u00a0\u00bb, dans le cadre de Utopies concr\u00e8tes #10"}]},{"@type":"WebSite","@id":"https:\/\/terrescitoyennes.org\/#website","url":"https:\/\/terrescitoyennes.org\/","name":"Terres Citoyennes Albigeoises","description":"","publisher":{"@id":"https:\/\/terrescitoyennes.org\/#organization"},"potentialAction":[{"@type":"SearchAction","target":{"@type":"EntryPoint","urlTemplate":"https:\/\/terrescitoyennes.org\/?s={search_term_string}"},"query-input":{"@type":"PropertyValueSpecification","valueRequired":true,"valueName":"search_term_string"}}],"inLanguage":"fr-FR"},{"@type":"Organization","@id":"https:\/\/terrescitoyennes.org\/#organization","name":"Terres Citoyennes Albigeoises","url":"https:\/\/terrescitoyennes.org\/","logo":{"@type":"ImageObject","inLanguage":"fr-FR","@id":"https:\/\/terrescitoyennes.org\/#\/schema\/logo\/image\/","url":"https:\/\/terrescitoyennes.org\/wp-content\/uploads\/2020\/05\/LOGO-TC-propo-01.png","contentUrl":"https:\/\/terrescitoyennes.org\/wp-content\/uploads\/2020\/05\/LOGO-TC-propo-01.png","width":519,"height":459,"caption":"Terres Citoyennes Albigeoises"},"image":{"@id":"https:\/\/terrescitoyennes.org\/#\/schema\/logo\/image\/"},"sameAs":["https:\/\/www.facebook.com\/Terres-citoyennes-albigeoises-513479312353377\/"]},{"@type":"Person","@id":"https:\/\/terrescitoyennes.org\/#\/schema\/person\/e0960d6781bbeb4a308a46f01ba3d382","name":"La r\u00e9daction","image":{"@type":"ImageObject","inLanguage":"fr-FR","@id":"https:\/\/terrescitoyennes.org\/#\/schema\/person\/image\/","url":"https:\/\/secure.gravatar.com\/avatar\/d799b7c652906e899d85a27d9adbcc8a?s=96&d=mm&r=g","contentUrl":"https:\/\/secure.gravatar.com\/avatar\/d799b7c652906e899d85a27d9adbcc8a?s=96&d=mm&r=g","caption":"La r\u00e9daction"},"url":"https:\/\/terrescitoyennes.org\/index.php\/author\/pascal-henry-albi\/"}]}},"_links":{"self":[{"href":"https:\/\/terrescitoyennes.org\/index.php\/wp-json\/wp\/v2\/posts\/1183"}],"collection":[{"href":"https:\/\/terrescitoyennes.org\/index.php\/wp-json\/wp\/v2\/posts"}],"about":[{"href":"https:\/\/terrescitoyennes.org\/index.php\/wp-json\/wp\/v2\/types\/post"}],"author":[{"embeddable":true,"href":"https:\/\/terrescitoyennes.org\/index.php\/wp-json\/wp\/v2\/users\/3"}],"replies":[{"embeddable":true,"href":"https:\/\/terrescitoyennes.org\/index.php\/wp-json\/wp\/v2\/comments?post=1183"}],"version-history":[{"count":0,"href":"https:\/\/terrescitoyennes.org\/index.php\/wp-json\/wp\/v2\/posts\/1183\/revisions"}],"wp:attachment":[{"href":"https:\/\/terrescitoyennes.org\/index.php\/wp-json\/wp\/v2\/media?parent=1183"}],"wp:term":[{"taxonomy":"category","embeddable":true,"href":"https:\/\/terrescitoyennes.org\/index.php\/wp-json\/wp\/v2\/categories?post=1183"},{"taxonomy":"post_tag","embeddable":true,"href":"https:\/\/terrescitoyennes.org\/index.php\/wp-json\/wp\/v2\/tags?post=1183"}],"curies":[{"name":"wp","href":"https:\/\/api.w.org\/{rel}","templated":true}]}}