{"id":1422,"date":"2019-04-29T10:08:43","date_gmt":"2019-04-29T08:08:43","guid":{"rendered":"http:\/\/albivillecomestible.fr\/?p=1422"},"modified":"2019-04-29T10:08:43","modified_gmt":"2019-04-29T08:08:43","slug":"les-48h-sur-les-ondes-et-en-podcast-avec-radio-albiges","status":"publish","type":"post","link":"https:\/\/terrescitoyennes.org\/index.php\/2019\/04\/29\/les-48h-sur-les-ondes-et-en-podcast-avec-radio-albiges\/","title":{"rendered":"Les 48H sur les ondes et en podcast avec Radio Albig\u00e9s !"},"content":{"rendered":"<p><img loading=\"lazy\" decoding=\"async\" class=\"size-full wp-image-1423 aligncenter\" src=\"http:\/\/albivillecomestible.fr\/wp-content\/uploads\/2019\/04\/image-radio-albig\u00e9s.jpg\" alt=\"\" width=\"555\" height=\"262\" srcset=\"https:\/\/terrescitoyennes.org\/wp-content\/uploads\/2019\/04\/image-radio-albig\u00e9s.jpg 555w, https:\/\/terrescitoyennes.org\/wp-content\/uploads\/2019\/04\/image-radio-albig\u00e9s-300x142.jpg 300w\" sizes=\"(max-width: 555px) 100vw, 555px\" \/><\/p>\n<p>Radio Albig\u00e9s a enregistr\u00e9 et mont\u00e9 une \u00e9mission compl\u00e8te consacr\u00e9e \u00e0 l&rsquo;annonce des 48H de l&rsquo;agriculture urbaine \u00e9dition 2019 !<\/p>\n<p>Pour \u00e9couter et r\u00e9\u00e9couter l&rsquo;\u00e9mission, le podcast est ici : <a href=\"https:\/\/hearthis.at\/radio.albiges\/gardarem24041948hagricultureurbaine2019pad\/\" target=\"_blank\" rel=\"noopener noreferrer\">https:\/\/hearthis.at\/radio.albiges\/gardarem24041948hagricultureurbaine2019pad\/<\/a><\/p>\n<p>Radio Albig\u00e9s, c&rsquo;est aussi (entre autres) <strong>\u00ab\u00a0un message apr\u00e8s le bip !\u00a0\u00bb :<\/strong><\/p>\n<blockquote>\n<p style=\"padding-left: 30px;\"><span class=\"author-a-i9z73z2z70zsz89z8z86zz85z9z80zqz74z12\">\u00ab\u00a0Vous voulez passer un coup de gueule, une petite annonce, un coup de c\u0153ur, une d\u00e9dicace, une question existentielle ou pratique, un souhait de bonne ann\u00e9e (ou de mauvaise), un partage de r\u00e9flexion ou de lecture, un message \u00e0 un.e animateur.trice de la radio&#8230; <strong>l\u00e2chez vous et on diffusera sur les ondes<\/strong> (dans les limites de notre charte et des r\u00e8gles du CSA). <strong>Utilisez notre bo\u00eete vocale, en laissant un message<\/strong> apr\u00e8s les 4 sonneries, au <strong>05 63 77 61 75.<\/strong> Notez le sur vos portables, calepins et agendas pour pouvoir y laisser un message quand vous voulez !\u00a0\u00bb<br \/>\n<\/span><\/p>\n<\/blockquote>\n<p>&#8230; alors profitez-en !<\/p>\n<p>Radio Albig\u00e9s, c&rsquo;est sur 95.4 et 104.2 FM, et sur <a href=\"https:\/\/www.radioalbiges.com\/\" target=\"_blank\" rel=\"noopener\">radioalbiges.com<\/a><\/p>\n","protected":false},"excerpt":{"rendered":"<p>Radio Albig\u00e9s a enregistr\u00e9 et mont\u00e9 une \u00e9mission compl\u00e8te consacr\u00e9e \u00e0 l&rsquo;annonce des 48H de l&rsquo;agriculture urbaine \u00e9dition 2019 ! Pour \u00e9couter et r\u00e9\u00e9couter l&rsquo;\u00e9mission, le podcast est ici : https:\/\/hearthis.at\/radio.albiges\/gardarem24041948hagricultureurbaine2019pad\/ Radio Albig\u00e9s, c&rsquo;est aussi (entre autres) \u00ab\u00a0un message apr\u00e8s le bip !\u00a0\u00bb : \u00ab\u00a0Vous voulez passer un coup de gueule, une petite annonce, un [&hellip;]<\/p>\n","protected":false},"author":3,"featured_media":0,"comment_status":"closed","ping_status":"closed","sticky":false,"template":"","format":"standard","meta":{"footnotes":""},"categories":[1],"tags":[],"yoast_head":"<!-- This site is optimized with the Yoast SEO plugin v23.5 - https:\/\/yoast.com\/wordpress\/plugins\/seo\/ -->\n<title>Les 48H sur les ondes et en podcast avec Radio Albig\u00e9s ! - Terres citoyennes albigeoises<\/title>\n<meta name=\"robots\" content=\"index, follow, max-snippet:-1, max-image-preview:large, max-video-preview:-1\" \/>\n<link rel=\"canonical\" href=\"https:\/\/terrescitoyennes.org\/index.php\/2019\/04\/29\/les-48h-sur-les-ondes-et-en-podcast-avec-radio-albiges\/\" \/>\n<meta property=\"og:locale\" content=\"fr_FR\" \/>\n<meta property=\"og:type\" content=\"article\" \/>\n<meta property=\"og:title\" content=\"Les 48H sur les ondes et en podcast avec Radio Albig\u00e9s ! - Terres citoyennes albigeoises\" \/>\n<meta property=\"og:description\" content=\"Radio Albig\u00e9s a enregistr\u00e9 et mont\u00e9 une \u00e9mission compl\u00e8te consacr\u00e9e \u00e0 l&rsquo;annonce des 48H de l&rsquo;agriculture urbaine \u00e9dition 2019 ! Pour \u00e9couter et r\u00e9\u00e9couter l&rsquo;\u00e9mission, le podcast est ici : https:\/\/hearthis.at\/radio.albiges\/gardarem24041948hagricultureurbaine2019pad\/ Radio Albig\u00e9s, c&rsquo;est aussi (entre autres) \u00ab\u00a0un message apr\u00e8s le bip !\u00a0\u00bb : \u00ab\u00a0Vous voulez passer un coup de gueule, une petite annonce, un [&hellip;]\" \/>\n<meta property=\"og:url\" content=\"https:\/\/terrescitoyennes.org\/index.php\/2019\/04\/29\/les-48h-sur-les-ondes-et-en-podcast-avec-radio-albiges\/\" \/>\n<meta property=\"og:site_name\" content=\"Terres citoyennes albigeoises\" \/>\n<meta property=\"article:publisher\" content=\"https:\/\/www.facebook.com\/Terres-citoyennes-albigeoises-513479312353377\/\" \/>\n<meta property=\"article:published_time\" content=\"2019-04-29T08:08:43+00:00\" \/>\n<meta property=\"og:image\" content=\"http:\/\/albivillecomestible.fr\/wp-content\/uploads\/2019\/04\/image-radio-albig\u00e9s.jpg\" \/>\n<meta name=\"author\" content=\"La r\u00e9daction\" \/>\n<meta name=\"twitter:card\" content=\"summary_large_image\" \/>\n<meta name=\"twitter:label1\" content=\"\u00c9crit par\" \/>\n\t<meta name=\"twitter:data1\" content=\"La r\u00e9daction\" \/>\n\t<meta name=\"twitter:label2\" content=\"Dur\u00e9e de lecture estim\u00e9e\" \/>\n\t<meta name=\"twitter:data2\" content=\"1 minute\" \/>\n<script type=\"application\/ld+json\" class=\"yoast-schema-graph\">{\"@context\":\"https:\/\/schema.org\",\"@graph\":[{\"@type\":\"Article\",\"@id\":\"https:\/\/terrescitoyennes.org\/index.php\/2019\/04\/29\/les-48h-sur-les-ondes-et-en-podcast-avec-radio-albiges\/#article\",\"isPartOf\":{\"@id\":\"https:\/\/terrescitoyennes.org\/index.php\/2019\/04\/29\/les-48h-sur-les-ondes-et-en-podcast-avec-radio-albiges\/\"},\"author\":{\"name\":\"La r\u00e9daction\",\"@id\":\"https:\/\/terrescitoyennes.org\/#\/schema\/person\/e0960d6781bbeb4a308a46f01ba3d382\"},\"headline\":\"Les 48H sur les ondes et en podcast avec Radio Albig\u00e9s !\",\"datePublished\":\"2019-04-29T08:08:43+00:00\",\"dateModified\":\"2019-04-29T08:08:43+00:00\",\"mainEntityOfPage\":{\"@id\":\"https:\/\/terrescitoyennes.org\/index.php\/2019\/04\/29\/les-48h-sur-les-ondes-et-en-podcast-avec-radio-albiges\/\"},\"wordCount\":178,\"publisher\":{\"@id\":\"https:\/\/terrescitoyennes.org\/#organization\"},\"inLanguage\":\"fr-FR\"},{\"@type\":\"WebPage\",\"@id\":\"https:\/\/terrescitoyennes.org\/index.php\/2019\/04\/29\/les-48h-sur-les-ondes-et-en-podcast-avec-radio-albiges\/\",\"url\":\"https:\/\/terrescitoyennes.org\/index.php\/2019\/04\/29\/les-48h-sur-les-ondes-et-en-podcast-avec-radio-albiges\/\",\"name\":\"Les 48H sur les ondes et en podcast avec Radio Albig\u00e9s ! - Terres citoyennes albigeoises\",\"isPartOf\":{\"@id\":\"https:\/\/terrescitoyennes.org\/#website\"},\"datePublished\":\"2019-04-29T08:08:43+00:00\",\"dateModified\":\"2019-04-29T08:08:43+00:00\",\"breadcrumb\":{\"@id\":\"https:\/\/terrescitoyennes.org\/index.php\/2019\/04\/29\/les-48h-sur-les-ondes-et-en-podcast-avec-radio-albiges\/#breadcrumb\"},\"inLanguage\":\"fr-FR\",\"potentialAction\":[{\"@type\":\"ReadAction\",\"target\":[\"https:\/\/terrescitoyennes.org\/index.php\/2019\/04\/29\/les-48h-sur-les-ondes-et-en-podcast-avec-radio-albiges\/\"]}]},{\"@type\":\"BreadcrumbList\",\"@id\":\"https:\/\/terrescitoyennes.org\/index.php\/2019\/04\/29\/les-48h-sur-les-ondes-et-en-podcast-avec-radio-albiges\/#breadcrumb\",\"itemListElement\":[{\"@type\":\"ListItem\",\"position\":1,\"name\":\"Accueil\",\"item\":\"https:\/\/terrescitoyennes.org\/\"},{\"@type\":\"ListItem\",\"position\":2,\"name\":\"Les 48H sur les ondes et en podcast avec Radio Albig\u00e9s !\"}]},{\"@type\":\"WebSite\",\"@id\":\"https:\/\/terrescitoyennes.org\/#website\",\"url\":\"https:\/\/terrescitoyennes.org\/\",\"name\":\"Terres Citoyennes Albigeoises\",\"description\":\"\",\"publisher\":{\"@id\":\"https:\/\/terrescitoyennes.org\/#organization\"},\"potentialAction\":[{\"@type\":\"SearchAction\",\"target\":{\"@type\":\"EntryPoint\",\"urlTemplate\":\"https:\/\/terrescitoyennes.org\/?s={search_term_string}\"},\"query-input\":{\"@type\":\"PropertyValueSpecification\",\"valueRequired\":true,\"valueName\":\"search_term_string\"}}],\"inLanguage\":\"fr-FR\"},{\"@type\":\"Organization\",\"@id\":\"https:\/\/terrescitoyennes.org\/#organization\",\"name\":\"Terres Citoyennes Albigeoises\",\"url\":\"https:\/\/terrescitoyennes.org\/\",\"logo\":{\"@type\":\"ImageObject\",\"inLanguage\":\"fr-FR\",\"@id\":\"https:\/\/terrescitoyennes.org\/#\/schema\/logo\/image\/\",\"url\":\"https:\/\/terrescitoyennes.org\/wp-content\/uploads\/2020\/05\/LOGO-TC-propo-01.png\",\"contentUrl\":\"https:\/\/terrescitoyennes.org\/wp-content\/uploads\/2020\/05\/LOGO-TC-propo-01.png\",\"width\":519,\"height\":459,\"caption\":\"Terres Citoyennes Albigeoises\"},\"image\":{\"@id\":\"https:\/\/terrescitoyennes.org\/#\/schema\/logo\/image\/\"},\"sameAs\":[\"https:\/\/www.facebook.com\/Terres-citoyennes-albigeoises-513479312353377\/\"]},{\"@type\":\"Person\",\"@id\":\"https:\/\/terrescitoyennes.org\/#\/schema\/person\/e0960d6781bbeb4a308a46f01ba3d382\",\"name\":\"La r\u00e9daction\",\"image\":{\"@type\":\"ImageObject\",\"inLanguage\":\"fr-FR\",\"@id\":\"https:\/\/terrescitoyennes.org\/#\/schema\/person\/image\/\",\"url\":\"https:\/\/secure.gravatar.com\/avatar\/d799b7c652906e899d85a27d9adbcc8a?s=96&d=mm&r=g\",\"contentUrl\":\"https:\/\/secure.gravatar.com\/avatar\/d799b7c652906e899d85a27d9adbcc8a?s=96&d=mm&r=g\",\"caption\":\"La r\u00e9daction\"},\"url\":\"https:\/\/terrescitoyennes.org\/index.php\/author\/pascal-henry-albi\/\"}]}<\/script>\n<!-- \/ Yoast SEO plugin. -->","yoast_head_json":{"title":"Les 48H sur les ondes et en podcast avec Radio Albig\u00e9s ! - Terres citoyennes albigeoises","robots":{"index":"index","follow":"follow","max-snippet":"max-snippet:-1","max-image-preview":"max-image-preview:large","max-video-preview":"max-video-preview:-1"},"canonical":"https:\/\/terrescitoyennes.org\/index.php\/2019\/04\/29\/les-48h-sur-les-ondes-et-en-podcast-avec-radio-albiges\/","og_locale":"fr_FR","og_type":"article","og_title":"Les 48H sur les ondes et en podcast avec Radio Albig\u00e9s ! - Terres citoyennes albigeoises","og_description":"Radio Albig\u00e9s a enregistr\u00e9 et mont\u00e9 une \u00e9mission compl\u00e8te consacr\u00e9e \u00e0 l&rsquo;annonce des 48H de l&rsquo;agriculture urbaine \u00e9dition 2019 ! Pour \u00e9couter et r\u00e9\u00e9couter l&rsquo;\u00e9mission, le podcast est ici : https:\/\/hearthis.at\/radio.albiges\/gardarem24041948hagricultureurbaine2019pad\/ Radio Albig\u00e9s, c&rsquo;est aussi (entre autres) \u00ab\u00a0un message apr\u00e8s le bip !\u00a0\u00bb : \u00ab\u00a0Vous voulez passer un coup de gueule, une petite annonce, un [&hellip;]","og_url":"https:\/\/terrescitoyennes.org\/index.php\/2019\/04\/29\/les-48h-sur-les-ondes-et-en-podcast-avec-radio-albiges\/","og_site_name":"Terres citoyennes albigeoises","article_publisher":"https:\/\/www.facebook.com\/Terres-citoyennes-albigeoises-513479312353377\/","article_published_time":"2019-04-29T08:08:43+00:00","og_image":[{"url":"http:\/\/albivillecomestible.fr\/wp-content\/uploads\/2019\/04\/image-radio-albig\u00e9s.jpg"}],"author":"La r\u00e9daction","twitter_card":"summary_large_image","twitter_misc":{"\u00c9crit par":"La r\u00e9daction","Dur\u00e9e de lecture estim\u00e9e":"1 minute"},"schema":{"@context":"https:\/\/schema.org","@graph":[{"@type":"Article","@id":"https:\/\/terrescitoyennes.org\/index.php\/2019\/04\/29\/les-48h-sur-les-ondes-et-en-podcast-avec-radio-albiges\/#article","isPartOf":{"@id":"https:\/\/terrescitoyennes.org\/index.php\/2019\/04\/29\/les-48h-sur-les-ondes-et-en-podcast-avec-radio-albiges\/"},"author":{"name":"La r\u00e9daction","@id":"https:\/\/terrescitoyennes.org\/#\/schema\/person\/e0960d6781bbeb4a308a46f01ba3d382"},"headline":"Les 48H sur les ondes et en podcast avec Radio Albig\u00e9s !","datePublished":"2019-04-29T08:08:43+00:00","dateModified":"2019-04-29T08:08:43+00:00","mainEntityOfPage":{"@id":"https:\/\/terrescitoyennes.org\/index.php\/2019\/04\/29\/les-48h-sur-les-ondes-et-en-podcast-avec-radio-albiges\/"},"wordCount":178,"publisher":{"@id":"https:\/\/terrescitoyennes.org\/#organization"},"inLanguage":"fr-FR"},{"@type":"WebPage","@id":"https:\/\/terrescitoyennes.org\/index.php\/2019\/04\/29\/les-48h-sur-les-ondes-et-en-podcast-avec-radio-albiges\/","url":"https:\/\/terrescitoyennes.org\/index.php\/2019\/04\/29\/les-48h-sur-les-ondes-et-en-podcast-avec-radio-albiges\/","name":"Les 48H sur les ondes et en podcast avec Radio Albig\u00e9s ! - Terres citoyennes albigeoises","isPartOf":{"@id":"https:\/\/terrescitoyennes.org\/#website"},"datePublished":"2019-04-29T08:08:43+00:00","dateModified":"2019-04-29T08:08:43+00:00","breadcrumb":{"@id":"https:\/\/terrescitoyennes.org\/index.php\/2019\/04\/29\/les-48h-sur-les-ondes-et-en-podcast-avec-radio-albiges\/#breadcrumb"},"inLanguage":"fr-FR","potentialAction":[{"@type":"ReadAction","target":["https:\/\/terrescitoyennes.org\/index.php\/2019\/04\/29\/les-48h-sur-les-ondes-et-en-podcast-avec-radio-albiges\/"]}]},{"@type":"BreadcrumbList","@id":"https:\/\/terrescitoyennes.org\/index.php\/2019\/04\/29\/les-48h-sur-les-ondes-et-en-podcast-avec-radio-albiges\/#breadcrumb","itemListElement":[{"@type":"ListItem","position":1,"name":"Accueil","item":"https:\/\/terrescitoyennes.org\/"},{"@type":"ListItem","position":2,"name":"Les 48H sur les ondes et en podcast avec Radio Albig\u00e9s !"}]},{"@type":"WebSite","@id":"https:\/\/terrescitoyennes.org\/#website","url":"https:\/\/terrescitoyennes.org\/","name":"Terres Citoyennes Albigeoises","description":"","publisher":{"@id":"https:\/\/terrescitoyennes.org\/#organization"},"potentialAction":[{"@type":"SearchAction","target":{"@type":"EntryPoint","urlTemplate":"https:\/\/terrescitoyennes.org\/?s={search_term_string}"},"query-input":{"@type":"PropertyValueSpecification","valueRequired":true,"valueName":"search_term_string"}}],"inLanguage":"fr-FR"},{"@type":"Organization","@id":"https:\/\/terrescitoyennes.org\/#organization","name":"Terres Citoyennes Albigeoises","url":"https:\/\/terrescitoyennes.org\/","logo":{"@type":"ImageObject","inLanguage":"fr-FR","@id":"https:\/\/terrescitoyennes.org\/#\/schema\/logo\/image\/","url":"https:\/\/terrescitoyennes.org\/wp-content\/uploads\/2020\/05\/LOGO-TC-propo-01.png","contentUrl":"https:\/\/terrescitoyennes.org\/wp-content\/uploads\/2020\/05\/LOGO-TC-propo-01.png","width":519,"height":459,"caption":"Terres Citoyennes Albigeoises"},"image":{"@id":"https:\/\/terrescitoyennes.org\/#\/schema\/logo\/image\/"},"sameAs":["https:\/\/www.facebook.com\/Terres-citoyennes-albigeoises-513479312353377\/"]},{"@type":"Person","@id":"https:\/\/terrescitoyennes.org\/#\/schema\/person\/e0960d6781bbeb4a308a46f01ba3d382","name":"La r\u00e9daction","image":{"@type":"ImageObject","inLanguage":"fr-FR","@id":"https:\/\/terrescitoyennes.org\/#\/schema\/person\/image\/","url":"https:\/\/secure.gravatar.com\/avatar\/d799b7c652906e899d85a27d9adbcc8a?s=96&d=mm&r=g","contentUrl":"https:\/\/secure.gravatar.com\/avatar\/d799b7c652906e899d85a27d9adbcc8a?s=96&d=mm&r=g","caption":"La r\u00e9daction"},"url":"https:\/\/terrescitoyennes.org\/index.php\/author\/pascal-henry-albi\/"}]}},"_links":{"self":[{"href":"https:\/\/terrescitoyennes.org\/index.php\/wp-json\/wp\/v2\/posts\/1422"}],"collection":[{"href":"https:\/\/terrescitoyennes.org\/index.php\/wp-json\/wp\/v2\/posts"}],"about":[{"href":"https:\/\/terrescitoyennes.org\/index.php\/wp-json\/wp\/v2\/types\/post"}],"author":[{"embeddable":true,"href":"https:\/\/terrescitoyennes.org\/index.php\/wp-json\/wp\/v2\/users\/3"}],"replies":[{"embeddable":true,"href":"https:\/\/terrescitoyennes.org\/index.php\/wp-json\/wp\/v2\/comments?post=1422"}],"version-history":[{"count":0,"href":"https:\/\/terrescitoyennes.org\/index.php\/wp-json\/wp\/v2\/posts\/1422\/revisions"}],"wp:attachment":[{"href":"https:\/\/terrescitoyennes.org\/index.php\/wp-json\/wp\/v2\/media?parent=1422"}],"wp:term":[{"taxonomy":"category","embeddable":true,"href":"https:\/\/terrescitoyennes.org\/index.php\/wp-json\/wp\/v2\/categories?post=1422"},{"taxonomy":"post_tag","embeddable":true,"href":"https:\/\/terrescitoyennes.org\/index.php\/wp-json\/wp\/v2\/tags?post=1422"}],"curies":[{"name":"wp","href":"https:\/\/api.w.org\/{rel}","templated":true}]}}