{"id":1528,"date":"2019-06-16T22:43:00","date_gmt":"2019-06-16T20:43:00","guid":{"rendered":"http:\/\/albivillecomestible.fr\/?p=1528"},"modified":"2019-06-16T22:43:00","modified_gmt":"2019-06-16T20:43:00","slug":"primeur-bio-fraicheur-un-nouveau-magasin-a-albi-pour-des-produits-locaux-et-100-bio","status":"publish","type":"post","link":"https:\/\/terrescitoyennes.org\/index.php\/2019\/06\/16\/primeur-bio-fraicheur-un-nouveau-magasin-a-albi-pour-des-produits-locaux-et-100-bio\/","title":{"rendered":"\u00ab\u00a0Primeur bio fra\u00eecheur\u00a0\u00bb : un nouveau magasin \u00e0 Albi, pour des produits locaux et 100% bio !"},"content":{"rendered":"<p><img loading=\"lazy\" decoding=\"async\" class=\"aligncenter size-full wp-image-1529\" src=\"http:\/\/albivillecomestible.fr\/wp-content\/uploads\/2019\/06\/primeur-bio-fraicheur.jpg\" alt=\"\" width=\"960\" height=\"720\" srcset=\"https:\/\/terrescitoyennes.org\/wp-content\/uploads\/2019\/06\/primeur-bio-fraicheur.jpg 960w, https:\/\/terrescitoyennes.org\/wp-content\/uploads\/2019\/06\/primeur-bio-fraicheur-300x225.jpg 300w, https:\/\/terrescitoyennes.org\/wp-content\/uploads\/2019\/06\/primeur-bio-fraicheur-768x576.jpg 768w\" sizes=\"(max-width: 960px) 100vw, 960px\" \/><\/p>\n<p>\u00ab\u00a0Primeur Bio Fra\u00eecheur\u00a0\u00bb, c&rsquo;est un nouveau magasin \u00e0 Albi, d\u00e9di\u00e9 en priorit\u00e9 aux produits locaux, et 100% bio.<\/p>\n<p>Il est situ\u00e9 boulevard Valmy, entre la place Pelloutier et le rond-point de la place du Maquis ; il est ouvert du mardi au vendredi de 13h \u00e0 19h, et le samedi de 9h \u00e0 midi.<\/p>\n<p>Il a \u00e9t\u00e9 mis en place par Julien Patin, ancien d\u00e9bardeur \u00e0 cheval reconverti dans le mara\u00eechage en agriculture biologique.<\/p>\n<p>Install\u00e9 depuis 2006 sur la commune de Puylaurens, sur 30 hectares environ, il continue \u00e0 garder la passion du cheval qui l\u2019aide encore dans son travail. A force d\u2019\u00eatre l\u00e9s\u00e9 par les magasins bio, il a d\u00e9cid\u00e9 d\u2019ouvrir ses propres primeurs de fruits et l\u00e9gumes bio, en commen\u00e7ant par Revel, Toulouse, Castres et maintenant Albi. Connaissant les probl\u00e9matiques du mara\u00eechage et de la vente pour les petits producteur locaux et bio, il a d\u00e9cid\u00e9 de leur donner la priorit\u00e9.<\/p>\n<p><img loading=\"lazy\" decoding=\"async\" class=\"aligncenter size-large wp-image-1530\" src=\"http:\/\/albivillecomestible.fr\/wp-content\/uploads\/2019\/06\/primeur-bio-fraicheur-2-1024x683.jpg\" alt=\"\" width=\"525\" height=\"350\" srcset=\"https:\/\/terrescitoyennes.org\/wp-content\/uploads\/2019\/06\/primeur-bio-fraicheur-2.jpg 1024w, https:\/\/terrescitoyennes.org\/wp-content\/uploads\/2019\/06\/primeur-bio-fraicheur-2-300x200.jpg 300w, https:\/\/terrescitoyennes.org\/wp-content\/uploads\/2019\/06\/primeur-bio-fraicheur-2-768x512.jpg 768w, https:\/\/terrescitoyennes.org\/wp-content\/uploads\/2019\/06\/primeur-bio-fraicheur-2-360x240.jpg 360w\" sizes=\"(max-width: 525px) 100vw, 525px\" \/><\/p>\n<p>Bienvenue \u00e0 ce nouveau lieu de vente \u00e0 Albi de produits locaux et bio !<\/p>\n<p>Prochainement, le magasin sera aussi un lieu de distribution de commandes \u00e0 passer sur internet&#8230;<\/p>\n<p>Pour plus d&rsquo;infos :<\/p>\n<p style=\"padding-left: 30px;\">&#8211; un site internet : <a href=\"https:\/\/panierbiofraicheur.fr\/\" target=\"_blank\" rel=\"noopener\">https:\/\/panierbiofraicheur.fr\/<\/a><\/p>\n<p style=\"padding-left: 30px;\">&#8211; et une page facebook : <a href=\"https:\/\/www.facebook.com\/Primeur-Bio-Fraicheur-au-plus-pr%C3%A8s-des-producteurs-Albi-587624871757852\/\" target=\"_blank\" rel=\"noopener\">ici<\/a>.<\/p>\n","protected":false},"excerpt":{"rendered":"<p>\u00ab\u00a0Primeur Bio Fra\u00eecheur\u00a0\u00bb, c&rsquo;est un nouveau magasin \u00e0 Albi, d\u00e9di\u00e9 en priorit\u00e9 aux produits locaux, et 100% bio. Il est situ\u00e9 boulevard Valmy, entre la place Pelloutier et le rond-point de la place du Maquis ; il est ouvert du mardi au vendredi de 13h \u00e0 19h, et le samedi de 9h \u00e0 midi. Il [&hellip;]<\/p>\n","protected":false},"author":3,"featured_media":0,"comment_status":"closed","ping_status":"closed","sticky":false,"template":"","format":"standard","meta":{"footnotes":""},"categories":[1],"tags":[],"yoast_head":"<!-- This site is optimized with the Yoast SEO plugin v23.5 - https:\/\/yoast.com\/wordpress\/plugins\/seo\/ -->\n<title>&quot;Primeur bio fra\u00eecheur&quot; : un nouveau magasin \u00e0 Albi, pour des produits locaux et 100% bio ! - Terres citoyennes albigeoises<\/title>\n<meta name=\"robots\" content=\"index, follow, max-snippet:-1, max-image-preview:large, max-video-preview:-1\" \/>\n<link rel=\"canonical\" href=\"https:\/\/terrescitoyennes.org\/index.php\/2019\/06\/16\/primeur-bio-fraicheur-un-nouveau-magasin-a-albi-pour-des-produits-locaux-et-100-bio\/\" \/>\n<meta property=\"og:locale\" content=\"fr_FR\" \/>\n<meta property=\"og:type\" content=\"article\" \/>\n<meta property=\"og:title\" content=\"&quot;Primeur bio fra\u00eecheur&quot; : un nouveau magasin \u00e0 Albi, pour des produits locaux et 100% bio ! - Terres citoyennes albigeoises\" \/>\n<meta property=\"og:description\" content=\"\u00ab\u00a0Primeur Bio Fra\u00eecheur\u00a0\u00bb, c&rsquo;est un nouveau magasin \u00e0 Albi, d\u00e9di\u00e9 en priorit\u00e9 aux produits locaux, et 100% bio. Il est situ\u00e9 boulevard Valmy, entre la place Pelloutier et le rond-point de la place du Maquis ; il est ouvert du mardi au vendredi de 13h \u00e0 19h, et le samedi de 9h \u00e0 midi. Il [&hellip;]\" \/>\n<meta property=\"og:url\" content=\"https:\/\/terrescitoyennes.org\/index.php\/2019\/06\/16\/primeur-bio-fraicheur-un-nouveau-magasin-a-albi-pour-des-produits-locaux-et-100-bio\/\" \/>\n<meta property=\"og:site_name\" content=\"Terres citoyennes albigeoises\" \/>\n<meta property=\"article:publisher\" content=\"https:\/\/www.facebook.com\/Terres-citoyennes-albigeoises-513479312353377\/\" \/>\n<meta property=\"article:published_time\" content=\"2019-06-16T20:43:00+00:00\" \/>\n<meta property=\"og:image\" content=\"http:\/\/albivillecomestible.fr\/wp-content\/uploads\/2019\/06\/primeur-bio-fraicheur.jpg\" \/>\n<meta name=\"author\" content=\"La r\u00e9daction\" \/>\n<meta name=\"twitter:card\" content=\"summary_large_image\" \/>\n<meta name=\"twitter:label1\" content=\"\u00c9crit par\" \/>\n\t<meta name=\"twitter:data1\" content=\"La r\u00e9daction\" \/>\n\t<meta name=\"twitter:label2\" content=\"Dur\u00e9e de lecture estim\u00e9e\" \/>\n\t<meta name=\"twitter:data2\" content=\"1 minute\" \/>\n<script type=\"application\/ld+json\" class=\"yoast-schema-graph\">{\"@context\":\"https:\/\/schema.org\",\"@graph\":[{\"@type\":\"Article\",\"@id\":\"https:\/\/terrescitoyennes.org\/index.php\/2019\/06\/16\/primeur-bio-fraicheur-un-nouveau-magasin-a-albi-pour-des-produits-locaux-et-100-bio\/#article\",\"isPartOf\":{\"@id\":\"https:\/\/terrescitoyennes.org\/index.php\/2019\/06\/16\/primeur-bio-fraicheur-un-nouveau-magasin-a-albi-pour-des-produits-locaux-et-100-bio\/\"},\"author\":{\"name\":\"La r\u00e9daction\",\"@id\":\"https:\/\/terrescitoyennes.org\/#\/schema\/person\/e0960d6781bbeb4a308a46f01ba3d382\"},\"headline\":\"\u00ab\u00a0Primeur bio fra\u00eecheur\u00a0\u00bb : un nouveau magasin \u00e0 Albi, pour des produits locaux et 100% bio !\",\"datePublished\":\"2019-06-16T20:43:00+00:00\",\"dateModified\":\"2019-06-16T20:43:00+00:00\",\"mainEntityOfPage\":{\"@id\":\"https:\/\/terrescitoyennes.org\/index.php\/2019\/06\/16\/primeur-bio-fraicheur-un-nouveau-magasin-a-albi-pour-des-produits-locaux-et-100-bio\/\"},\"wordCount\":214,\"publisher\":{\"@id\":\"https:\/\/terrescitoyennes.org\/#organization\"},\"image\":{\"@id\":\"https:\/\/terrescitoyennes.org\/index.php\/2019\/06\/16\/primeur-bio-fraicheur-un-nouveau-magasin-a-albi-pour-des-produits-locaux-et-100-bio\/#primaryimage\"},\"thumbnailUrl\":\"http:\/\/albivillecomestible.fr\/wp-content\/uploads\/2019\/06\/primeur-bio-fraicheur.jpg\",\"inLanguage\":\"fr-FR\"},{\"@type\":\"WebPage\",\"@id\":\"https:\/\/terrescitoyennes.org\/index.php\/2019\/06\/16\/primeur-bio-fraicheur-un-nouveau-magasin-a-albi-pour-des-produits-locaux-et-100-bio\/\",\"url\":\"https:\/\/terrescitoyennes.org\/index.php\/2019\/06\/16\/primeur-bio-fraicheur-un-nouveau-magasin-a-albi-pour-des-produits-locaux-et-100-bio\/\",\"name\":\"\\\"Primeur bio fra\u00eecheur\\\" : un nouveau magasin \u00e0 Albi, pour des produits locaux et 100% bio ! - Terres citoyennes albigeoises\",\"isPartOf\":{\"@id\":\"https:\/\/terrescitoyennes.org\/#website\"},\"primaryImageOfPage\":{\"@id\":\"https:\/\/terrescitoyennes.org\/index.php\/2019\/06\/16\/primeur-bio-fraicheur-un-nouveau-magasin-a-albi-pour-des-produits-locaux-et-100-bio\/#primaryimage\"},\"image\":{\"@id\":\"https:\/\/terrescitoyennes.org\/index.php\/2019\/06\/16\/primeur-bio-fraicheur-un-nouveau-magasin-a-albi-pour-des-produits-locaux-et-100-bio\/#primaryimage\"},\"thumbnailUrl\":\"http:\/\/albivillecomestible.fr\/wp-content\/uploads\/2019\/06\/primeur-bio-fraicheur.jpg\",\"datePublished\":\"2019-06-16T20:43:00+00:00\",\"dateModified\":\"2019-06-16T20:43:00+00:00\",\"breadcrumb\":{\"@id\":\"https:\/\/terrescitoyennes.org\/index.php\/2019\/06\/16\/primeur-bio-fraicheur-un-nouveau-magasin-a-albi-pour-des-produits-locaux-et-100-bio\/#breadcrumb\"},\"inLanguage\":\"fr-FR\",\"potentialAction\":[{\"@type\":\"ReadAction\",\"target\":[\"https:\/\/terrescitoyennes.org\/index.php\/2019\/06\/16\/primeur-bio-fraicheur-un-nouveau-magasin-a-albi-pour-des-produits-locaux-et-100-bio\/\"]}]},{\"@type\":\"ImageObject\",\"inLanguage\":\"fr-FR\",\"@id\":\"https:\/\/terrescitoyennes.org\/index.php\/2019\/06\/16\/primeur-bio-fraicheur-un-nouveau-magasin-a-albi-pour-des-produits-locaux-et-100-bio\/#primaryimage\",\"url\":\"http:\/\/albivillecomestible.fr\/wp-content\/uploads\/2019\/06\/primeur-bio-fraicheur.jpg\",\"contentUrl\":\"http:\/\/albivillecomestible.fr\/wp-content\/uploads\/2019\/06\/primeur-bio-fraicheur.jpg\"},{\"@type\":\"BreadcrumbList\",\"@id\":\"https:\/\/terrescitoyennes.org\/index.php\/2019\/06\/16\/primeur-bio-fraicheur-un-nouveau-magasin-a-albi-pour-des-produits-locaux-et-100-bio\/#breadcrumb\",\"itemListElement\":[{\"@type\":\"ListItem\",\"position\":1,\"name\":\"Accueil\",\"item\":\"https:\/\/terrescitoyennes.org\/\"},{\"@type\":\"ListItem\",\"position\":2,\"name\":\"\u00ab\u00a0Primeur bio fra\u00eecheur\u00a0\u00bb : un nouveau magasin \u00e0 Albi, pour des produits locaux et 100% bio !\"}]},{\"@type\":\"WebSite\",\"@id\":\"https:\/\/terrescitoyennes.org\/#website\",\"url\":\"https:\/\/terrescitoyennes.org\/\",\"name\":\"Terres Citoyennes Albigeoises\",\"description\":\"\",\"publisher\":{\"@id\":\"https:\/\/terrescitoyennes.org\/#organization\"},\"potentialAction\":[{\"@type\":\"SearchAction\",\"target\":{\"@type\":\"EntryPoint\",\"urlTemplate\":\"https:\/\/terrescitoyennes.org\/?s={search_term_string}\"},\"query-input\":{\"@type\":\"PropertyValueSpecification\",\"valueRequired\":true,\"valueName\":\"search_term_string\"}}],\"inLanguage\":\"fr-FR\"},{\"@type\":\"Organization\",\"@id\":\"https:\/\/terrescitoyennes.org\/#organization\",\"name\":\"Terres Citoyennes Albigeoises\",\"url\":\"https:\/\/terrescitoyennes.org\/\",\"logo\":{\"@type\":\"ImageObject\",\"inLanguage\":\"fr-FR\",\"@id\":\"https:\/\/terrescitoyennes.org\/#\/schema\/logo\/image\/\",\"url\":\"https:\/\/terrescitoyennes.org\/wp-content\/uploads\/2020\/05\/LOGO-TC-propo-01.png\",\"contentUrl\":\"https:\/\/terrescitoyennes.org\/wp-content\/uploads\/2020\/05\/LOGO-TC-propo-01.png\",\"width\":519,\"height\":459,\"caption\":\"Terres Citoyennes Albigeoises\"},\"image\":{\"@id\":\"https:\/\/terrescitoyennes.org\/#\/schema\/logo\/image\/\"},\"sameAs\":[\"https:\/\/www.facebook.com\/Terres-citoyennes-albigeoises-513479312353377\/\"]},{\"@type\":\"Person\",\"@id\":\"https:\/\/terrescitoyennes.org\/#\/schema\/person\/e0960d6781bbeb4a308a46f01ba3d382\",\"name\":\"La r\u00e9daction\",\"image\":{\"@type\":\"ImageObject\",\"inLanguage\":\"fr-FR\",\"@id\":\"https:\/\/terrescitoyennes.org\/#\/schema\/person\/image\/\",\"url\":\"https:\/\/secure.gravatar.com\/avatar\/d799b7c652906e899d85a27d9adbcc8a?s=96&d=mm&r=g\",\"contentUrl\":\"https:\/\/secure.gravatar.com\/avatar\/d799b7c652906e899d85a27d9adbcc8a?s=96&d=mm&r=g\",\"caption\":\"La r\u00e9daction\"},\"url\":\"https:\/\/terrescitoyennes.org\/index.php\/author\/pascal-henry-albi\/\"}]}<\/script>\n<!-- \/ Yoast SEO plugin. -->","yoast_head_json":{"title":"\"Primeur bio fra\u00eecheur\" : un nouveau magasin \u00e0 Albi, pour des produits locaux et 100% bio ! - Terres citoyennes albigeoises","robots":{"index":"index","follow":"follow","max-snippet":"max-snippet:-1","max-image-preview":"max-image-preview:large","max-video-preview":"max-video-preview:-1"},"canonical":"https:\/\/terrescitoyennes.org\/index.php\/2019\/06\/16\/primeur-bio-fraicheur-un-nouveau-magasin-a-albi-pour-des-produits-locaux-et-100-bio\/","og_locale":"fr_FR","og_type":"article","og_title":"\"Primeur bio fra\u00eecheur\" : un nouveau magasin \u00e0 Albi, pour des produits locaux et 100% bio ! - Terres citoyennes albigeoises","og_description":"\u00ab\u00a0Primeur Bio Fra\u00eecheur\u00a0\u00bb, c&rsquo;est un nouveau magasin \u00e0 Albi, d\u00e9di\u00e9 en priorit\u00e9 aux produits locaux, et 100% bio. Il est situ\u00e9 boulevard Valmy, entre la place Pelloutier et le rond-point de la place du Maquis ; il est ouvert du mardi au vendredi de 13h \u00e0 19h, et le samedi de 9h \u00e0 midi. Il [&hellip;]","og_url":"https:\/\/terrescitoyennes.org\/index.php\/2019\/06\/16\/primeur-bio-fraicheur-un-nouveau-magasin-a-albi-pour-des-produits-locaux-et-100-bio\/","og_site_name":"Terres citoyennes albigeoises","article_publisher":"https:\/\/www.facebook.com\/Terres-citoyennes-albigeoises-513479312353377\/","article_published_time":"2019-06-16T20:43:00+00:00","og_image":[{"url":"http:\/\/albivillecomestible.fr\/wp-content\/uploads\/2019\/06\/primeur-bio-fraicheur.jpg"}],"author":"La r\u00e9daction","twitter_card":"summary_large_image","twitter_misc":{"\u00c9crit par":"La r\u00e9daction","Dur\u00e9e de lecture estim\u00e9e":"1 minute"},"schema":{"@context":"https:\/\/schema.org","@graph":[{"@type":"Article","@id":"https:\/\/terrescitoyennes.org\/index.php\/2019\/06\/16\/primeur-bio-fraicheur-un-nouveau-magasin-a-albi-pour-des-produits-locaux-et-100-bio\/#article","isPartOf":{"@id":"https:\/\/terrescitoyennes.org\/index.php\/2019\/06\/16\/primeur-bio-fraicheur-un-nouveau-magasin-a-albi-pour-des-produits-locaux-et-100-bio\/"},"author":{"name":"La r\u00e9daction","@id":"https:\/\/terrescitoyennes.org\/#\/schema\/person\/e0960d6781bbeb4a308a46f01ba3d382"},"headline":"\u00ab\u00a0Primeur bio fra\u00eecheur\u00a0\u00bb : un nouveau magasin \u00e0 Albi, pour des produits locaux et 100% bio !","datePublished":"2019-06-16T20:43:00+00:00","dateModified":"2019-06-16T20:43:00+00:00","mainEntityOfPage":{"@id":"https:\/\/terrescitoyennes.org\/index.php\/2019\/06\/16\/primeur-bio-fraicheur-un-nouveau-magasin-a-albi-pour-des-produits-locaux-et-100-bio\/"},"wordCount":214,"publisher":{"@id":"https:\/\/terrescitoyennes.org\/#organization"},"image":{"@id":"https:\/\/terrescitoyennes.org\/index.php\/2019\/06\/16\/primeur-bio-fraicheur-un-nouveau-magasin-a-albi-pour-des-produits-locaux-et-100-bio\/#primaryimage"},"thumbnailUrl":"http:\/\/albivillecomestible.fr\/wp-content\/uploads\/2019\/06\/primeur-bio-fraicheur.jpg","inLanguage":"fr-FR"},{"@type":"WebPage","@id":"https:\/\/terrescitoyennes.org\/index.php\/2019\/06\/16\/primeur-bio-fraicheur-un-nouveau-magasin-a-albi-pour-des-produits-locaux-et-100-bio\/","url":"https:\/\/terrescitoyennes.org\/index.php\/2019\/06\/16\/primeur-bio-fraicheur-un-nouveau-magasin-a-albi-pour-des-produits-locaux-et-100-bio\/","name":"\"Primeur bio fra\u00eecheur\" : un nouveau magasin \u00e0 Albi, pour des produits locaux et 100% bio ! - Terres citoyennes albigeoises","isPartOf":{"@id":"https:\/\/terrescitoyennes.org\/#website"},"primaryImageOfPage":{"@id":"https:\/\/terrescitoyennes.org\/index.php\/2019\/06\/16\/primeur-bio-fraicheur-un-nouveau-magasin-a-albi-pour-des-produits-locaux-et-100-bio\/#primaryimage"},"image":{"@id":"https:\/\/terrescitoyennes.org\/index.php\/2019\/06\/16\/primeur-bio-fraicheur-un-nouveau-magasin-a-albi-pour-des-produits-locaux-et-100-bio\/#primaryimage"},"thumbnailUrl":"http:\/\/albivillecomestible.fr\/wp-content\/uploads\/2019\/06\/primeur-bio-fraicheur.jpg","datePublished":"2019-06-16T20:43:00+00:00","dateModified":"2019-06-16T20:43:00+00:00","breadcrumb":{"@id":"https:\/\/terrescitoyennes.org\/index.php\/2019\/06\/16\/primeur-bio-fraicheur-un-nouveau-magasin-a-albi-pour-des-produits-locaux-et-100-bio\/#breadcrumb"},"inLanguage":"fr-FR","potentialAction":[{"@type":"ReadAction","target":["https:\/\/terrescitoyennes.org\/index.php\/2019\/06\/16\/primeur-bio-fraicheur-un-nouveau-magasin-a-albi-pour-des-produits-locaux-et-100-bio\/"]}]},{"@type":"ImageObject","inLanguage":"fr-FR","@id":"https:\/\/terrescitoyennes.org\/index.php\/2019\/06\/16\/primeur-bio-fraicheur-un-nouveau-magasin-a-albi-pour-des-produits-locaux-et-100-bio\/#primaryimage","url":"http:\/\/albivillecomestible.fr\/wp-content\/uploads\/2019\/06\/primeur-bio-fraicheur.jpg","contentUrl":"http:\/\/albivillecomestible.fr\/wp-content\/uploads\/2019\/06\/primeur-bio-fraicheur.jpg"},{"@type":"BreadcrumbList","@id":"https:\/\/terrescitoyennes.org\/index.php\/2019\/06\/16\/primeur-bio-fraicheur-un-nouveau-magasin-a-albi-pour-des-produits-locaux-et-100-bio\/#breadcrumb","itemListElement":[{"@type":"ListItem","position":1,"name":"Accueil","item":"https:\/\/terrescitoyennes.org\/"},{"@type":"ListItem","position":2,"name":"\u00ab\u00a0Primeur bio fra\u00eecheur\u00a0\u00bb : un nouveau magasin \u00e0 Albi, pour des produits locaux et 100% bio !"}]},{"@type":"WebSite","@id":"https:\/\/terrescitoyennes.org\/#website","url":"https:\/\/terrescitoyennes.org\/","name":"Terres Citoyennes Albigeoises","description":"","publisher":{"@id":"https:\/\/terrescitoyennes.org\/#organization"},"potentialAction":[{"@type":"SearchAction","target":{"@type":"EntryPoint","urlTemplate":"https:\/\/terrescitoyennes.org\/?s={search_term_string}"},"query-input":{"@type":"PropertyValueSpecification","valueRequired":true,"valueName":"search_term_string"}}],"inLanguage":"fr-FR"},{"@type":"Organization","@id":"https:\/\/terrescitoyennes.org\/#organization","name":"Terres Citoyennes Albigeoises","url":"https:\/\/terrescitoyennes.org\/","logo":{"@type":"ImageObject","inLanguage":"fr-FR","@id":"https:\/\/terrescitoyennes.org\/#\/schema\/logo\/image\/","url":"https:\/\/terrescitoyennes.org\/wp-content\/uploads\/2020\/05\/LOGO-TC-propo-01.png","contentUrl":"https:\/\/terrescitoyennes.org\/wp-content\/uploads\/2020\/05\/LOGO-TC-propo-01.png","width":519,"height":459,"caption":"Terres Citoyennes Albigeoises"},"image":{"@id":"https:\/\/terrescitoyennes.org\/#\/schema\/logo\/image\/"},"sameAs":["https:\/\/www.facebook.com\/Terres-citoyennes-albigeoises-513479312353377\/"]},{"@type":"Person","@id":"https:\/\/terrescitoyennes.org\/#\/schema\/person\/e0960d6781bbeb4a308a46f01ba3d382","name":"La r\u00e9daction","image":{"@type":"ImageObject","inLanguage":"fr-FR","@id":"https:\/\/terrescitoyennes.org\/#\/schema\/person\/image\/","url":"https:\/\/secure.gravatar.com\/avatar\/d799b7c652906e899d85a27d9adbcc8a?s=96&d=mm&r=g","contentUrl":"https:\/\/secure.gravatar.com\/avatar\/d799b7c652906e899d85a27d9adbcc8a?s=96&d=mm&r=g","caption":"La r\u00e9daction"},"url":"https:\/\/terrescitoyennes.org\/index.php\/author\/pascal-henry-albi\/"}]}},"_links":{"self":[{"href":"https:\/\/terrescitoyennes.org\/index.php\/wp-json\/wp\/v2\/posts\/1528"}],"collection":[{"href":"https:\/\/terrescitoyennes.org\/index.php\/wp-json\/wp\/v2\/posts"}],"about":[{"href":"https:\/\/terrescitoyennes.org\/index.php\/wp-json\/wp\/v2\/types\/post"}],"author":[{"embeddable":true,"href":"https:\/\/terrescitoyennes.org\/index.php\/wp-json\/wp\/v2\/users\/3"}],"replies":[{"embeddable":true,"href":"https:\/\/terrescitoyennes.org\/index.php\/wp-json\/wp\/v2\/comments?post=1528"}],"version-history":[{"count":0,"href":"https:\/\/terrescitoyennes.org\/index.php\/wp-json\/wp\/v2\/posts\/1528\/revisions"}],"wp:attachment":[{"href":"https:\/\/terrescitoyennes.org\/index.php\/wp-json\/wp\/v2\/media?parent=1528"}],"wp:term":[{"taxonomy":"category","embeddable":true,"href":"https:\/\/terrescitoyennes.org\/index.php\/wp-json\/wp\/v2\/categories?post=1528"},{"taxonomy":"post_tag","embeddable":true,"href":"https:\/\/terrescitoyennes.org\/index.php\/wp-json\/wp\/v2\/tags?post=1528"}],"curies":[{"name":"wp","href":"https:\/\/api.w.org\/{rel}","templated":true}]}}