{"id":1568,"date":"2019-07-19T22:35:56","date_gmt":"2019-07-19T20:35:56","guid":{"rendered":"http:\/\/albivillecomestible.fr\/?p=1568"},"modified":"2019-07-19T22:35:56","modified_gmt":"2019-07-19T20:35:56","slug":"cascade-de-chantiers-participatifs-rencontres-conviviales-a-la-grange-du-serayol-les-22-26-27-juillet-2019","status":"publish","type":"post","link":"https:\/\/terrescitoyennes.org\/index.php\/2019\/07\/19\/cascade-de-chantiers-participatifs-rencontres-conviviales-a-la-grange-du-serayol-les-22-26-27-juillet-2019\/","title":{"rendered":"Cascade de chantiers participatifs &#038; rencontres conviviales \u00e0 la Grange du Serayol, les 22, 26 &#038; 27 juillet 2019 !"},"content":{"rendered":"<p><img loading=\"lazy\" decoding=\"async\" class=\"aligncenter wp-image-1569 size-full\" src=\"http:\/\/albivillecomestible.fr\/wp-content\/uploads\/2019\/07\/QG-chantier-13-14-juillet-2019.jpg\" alt=\"\" width=\"960\" height=\"960\" srcset=\"https:\/\/terrescitoyennes.org\/wp-content\/uploads\/2019\/07\/QG-chantier-13-14-juillet-2019.jpg 960w, https:\/\/terrescitoyennes.org\/wp-content\/uploads\/2019\/07\/QG-chantier-13-14-juillet-2019-150x150.jpg 150w, https:\/\/terrescitoyennes.org\/wp-content\/uploads\/2019\/07\/QG-chantier-13-14-juillet-2019-300x300.jpg 300w, https:\/\/terrescitoyennes.org\/wp-content\/uploads\/2019\/07\/QG-chantier-13-14-juillet-2019-768x768.jpg 768w\" sizes=\"(max-width: 960px) 100vw, 960px\" \/><\/p>\n<p>Les chantiers participatifs reprennent \u00e0 \u00ab\u00a0la Grange du Serayol\u00a0\u00bb, \u00e0 Lescure d&rsquo;Albigeois, aussi bien aux champs qu&rsquo;au QG d&rsquo;Albi Ville Comestible !<\/p>\n<p>Apr\u00e8s un week-end de relance du chantier d&rsquo;am\u00e9nagement du QG, les 13-14 juillet, nous programmons une prochaine journ\u00e9e de <strong>chantier samedi 27 juillet 2019 \u00e0 partir de 10h.<\/strong> Au programme : suite de l&rsquo;isolation et pose des parements int\u00e9rieurs&#8230;<\/p>\n<p>Mais d&rsquo;ici l\u00e0, deux autres dates \u00e0 noter :<\/p>\n<p>&#8211; ce <strong>lundi 22 juillet \u00e0 partir de 18H : op\u00e9ration de d\u00e9sherbage manuel de la haie<\/strong> (600 arbres) que nous avions contribu\u00e9 \u00e0 planter l&rsquo;hiver dernier&#8230;<\/p>\n<p>&#8211; et <strong>vendredi 26 juillet \u00e0 partir de 18H : soir\u00e9e de r\u00e9union et rencontres conviviales, avec repas partag\u00e9 et projection cin\u00e9<\/strong> (et possibilit\u00e9 de dormir sur place pour encha\u00eener avec le chantier du lendemain !)<\/p>\n<p>&#8230; Bref, autant d&rsquo;occasions de d\u00e9couvrir ou retrouver les activit\u00e9s d&rsquo;Albi Ville Comestible !<\/p>\n<p>&gt; Le QG de \u00ab\u00a0la Grange du Serayol\u00a0\u00bb, c&rsquo;est au 138 chemin du Serayol Haut, \u00e0 Lescure d&rsquo;Albigeois (entre le lotissement en construction et la nouvelle salle de sport), et le champ est situ\u00e9 de l&rsquo;autre c\u00f4t\u00e9 de la salle de sports, chemin des Courduraries&#8230;<\/p>\n<p><img loading=\"lazy\" decoding=\"async\" class=\"aligncenter wp-image-683 size-full\" src=\"http:\/\/albivillecomestible.fr\/wp-content\/uploads\/2018\/05\/Grange_du_Serayol_plan.jpg\" alt=\"\" width=\"1731\" height=\"813\" srcset=\"https:\/\/terrescitoyennes.org\/wp-content\/uploads\/2018\/05\/Grange_du_Serayol_plan.jpg 1731w, https:\/\/terrescitoyennes.org\/wp-content\/uploads\/2018\/05\/Grange_du_Serayol_plan-300x141.jpg 300w, https:\/\/terrescitoyennes.org\/wp-content\/uploads\/2018\/05\/Grange_du_Serayol_plan-768x361.jpg 768w, https:\/\/terrescitoyennes.org\/wp-content\/uploads\/2018\/05\/Grange_du_Serayol_plan-1024x481.jpg 1024w\" sizes=\"(max-width: 1731px) 100vw, 1731px\" \/><\/p>\n","protected":false},"excerpt":{"rendered":"<p>Les chantiers participatifs reprennent \u00e0 \u00ab\u00a0la Grange du Serayol\u00a0\u00bb, \u00e0 Lescure d&rsquo;Albigeois, aussi bien aux champs qu&rsquo;au QG d&rsquo;Albi Ville Comestible ! Apr\u00e8s un week-end de relance du chantier d&rsquo;am\u00e9nagement du QG, les 13-14 juillet, nous programmons une prochaine journ\u00e9e de chantier samedi 27 juillet 2019 \u00e0 partir de 10h. Au programme : suite de [&hellip;]<\/p>\n","protected":false},"author":3,"featured_media":0,"comment_status":"closed","ping_status":"closed","sticky":false,"template":"","format":"standard","meta":{"footnotes":""},"categories":[1],"tags":[],"yoast_head":"<!-- This site is optimized with the Yoast SEO plugin v23.5 - https:\/\/yoast.com\/wordpress\/plugins\/seo\/ -->\n<title>Cascade de chantiers participatifs &amp; rencontres conviviales \u00e0 la Grange du Serayol, les 22, 26 &amp; 27 juillet 2019 ! - Terres citoyennes albigeoises<\/title>\n<meta name=\"robots\" content=\"index, follow, max-snippet:-1, max-image-preview:large, max-video-preview:-1\" \/>\n<link rel=\"canonical\" href=\"https:\/\/terrescitoyennes.org\/index.php\/2019\/07\/19\/cascade-de-chantiers-participatifs-rencontres-conviviales-a-la-grange-du-serayol-les-22-26-27-juillet-2019\/\" \/>\n<meta property=\"og:locale\" content=\"fr_FR\" \/>\n<meta property=\"og:type\" content=\"article\" \/>\n<meta property=\"og:title\" content=\"Cascade de chantiers participatifs &amp; rencontres conviviales \u00e0 la Grange du Serayol, les 22, 26 &amp; 27 juillet 2019 ! - Terres citoyennes albigeoises\" \/>\n<meta property=\"og:description\" content=\"Les chantiers participatifs reprennent \u00e0 \u00ab\u00a0la Grange du Serayol\u00a0\u00bb, \u00e0 Lescure d&rsquo;Albigeois, aussi bien aux champs qu&rsquo;au QG d&rsquo;Albi Ville Comestible ! Apr\u00e8s un week-end de relance du chantier d&rsquo;am\u00e9nagement du QG, les 13-14 juillet, nous programmons une prochaine journ\u00e9e de chantier samedi 27 juillet 2019 \u00e0 partir de 10h. Au programme : suite de [&hellip;]\" \/>\n<meta property=\"og:url\" content=\"https:\/\/terrescitoyennes.org\/index.php\/2019\/07\/19\/cascade-de-chantiers-participatifs-rencontres-conviviales-a-la-grange-du-serayol-les-22-26-27-juillet-2019\/\" \/>\n<meta property=\"og:site_name\" content=\"Terres citoyennes albigeoises\" \/>\n<meta property=\"article:publisher\" content=\"https:\/\/www.facebook.com\/Terres-citoyennes-albigeoises-513479312353377\/\" \/>\n<meta property=\"article:published_time\" content=\"2019-07-19T20:35:56+00:00\" \/>\n<meta property=\"og:image\" content=\"http:\/\/albivillecomestible.fr\/wp-content\/uploads\/2019\/07\/QG-chantier-13-14-juillet-2019.jpg\" \/>\n<meta name=\"author\" content=\"La r\u00e9daction\" \/>\n<meta name=\"twitter:card\" content=\"summary_large_image\" \/>\n<meta name=\"twitter:label1\" content=\"\u00c9crit par\" \/>\n\t<meta name=\"twitter:data1\" content=\"La r\u00e9daction\" \/>\n\t<meta name=\"twitter:label2\" content=\"Dur\u00e9e de lecture estim\u00e9e\" \/>\n\t<meta name=\"twitter:data2\" content=\"1 minute\" \/>\n<script type=\"application\/ld+json\" class=\"yoast-schema-graph\">{\"@context\":\"https:\/\/schema.org\",\"@graph\":[{\"@type\":\"Article\",\"@id\":\"https:\/\/terrescitoyennes.org\/index.php\/2019\/07\/19\/cascade-de-chantiers-participatifs-rencontres-conviviales-a-la-grange-du-serayol-les-22-26-27-juillet-2019\/#article\",\"isPartOf\":{\"@id\":\"https:\/\/terrescitoyennes.org\/index.php\/2019\/07\/19\/cascade-de-chantiers-participatifs-rencontres-conviviales-a-la-grange-du-serayol-les-22-26-27-juillet-2019\/\"},\"author\":{\"name\":\"La r\u00e9daction\",\"@id\":\"https:\/\/terrescitoyennes.org\/#\/schema\/person\/e0960d6781bbeb4a308a46f01ba3d382\"},\"headline\":\"Cascade de chantiers participatifs &#038; rencontres conviviales \u00e0 la Grange du Serayol, les 22, 26 &#038; 27 juillet 2019 !\",\"datePublished\":\"2019-07-19T20:35:56+00:00\",\"dateModified\":\"2019-07-19T20:35:56+00:00\",\"mainEntityOfPage\":{\"@id\":\"https:\/\/terrescitoyennes.org\/index.php\/2019\/07\/19\/cascade-de-chantiers-participatifs-rencontres-conviviales-a-la-grange-du-serayol-les-22-26-27-juillet-2019\/\"},\"wordCount\":194,\"publisher\":{\"@id\":\"https:\/\/terrescitoyennes.org\/#organization\"},\"image\":{\"@id\":\"https:\/\/terrescitoyennes.org\/index.php\/2019\/07\/19\/cascade-de-chantiers-participatifs-rencontres-conviviales-a-la-grange-du-serayol-les-22-26-27-juillet-2019\/#primaryimage\"},\"thumbnailUrl\":\"http:\/\/albivillecomestible.fr\/wp-content\/uploads\/2019\/07\/QG-chantier-13-14-juillet-2019.jpg\",\"inLanguage\":\"fr-FR\"},{\"@type\":\"WebPage\",\"@id\":\"https:\/\/terrescitoyennes.org\/index.php\/2019\/07\/19\/cascade-de-chantiers-participatifs-rencontres-conviviales-a-la-grange-du-serayol-les-22-26-27-juillet-2019\/\",\"url\":\"https:\/\/terrescitoyennes.org\/index.php\/2019\/07\/19\/cascade-de-chantiers-participatifs-rencontres-conviviales-a-la-grange-du-serayol-les-22-26-27-juillet-2019\/\",\"name\":\"Cascade de chantiers participatifs & rencontres conviviales \u00e0 la Grange du Serayol, les 22, 26 & 27 juillet 2019 ! - Terres citoyennes albigeoises\",\"isPartOf\":{\"@id\":\"https:\/\/terrescitoyennes.org\/#website\"},\"primaryImageOfPage\":{\"@id\":\"https:\/\/terrescitoyennes.org\/index.php\/2019\/07\/19\/cascade-de-chantiers-participatifs-rencontres-conviviales-a-la-grange-du-serayol-les-22-26-27-juillet-2019\/#primaryimage\"},\"image\":{\"@id\":\"https:\/\/terrescitoyennes.org\/index.php\/2019\/07\/19\/cascade-de-chantiers-participatifs-rencontres-conviviales-a-la-grange-du-serayol-les-22-26-27-juillet-2019\/#primaryimage\"},\"thumbnailUrl\":\"http:\/\/albivillecomestible.fr\/wp-content\/uploads\/2019\/07\/QG-chantier-13-14-juillet-2019.jpg\",\"datePublished\":\"2019-07-19T20:35:56+00:00\",\"dateModified\":\"2019-07-19T20:35:56+00:00\",\"breadcrumb\":{\"@id\":\"https:\/\/terrescitoyennes.org\/index.php\/2019\/07\/19\/cascade-de-chantiers-participatifs-rencontres-conviviales-a-la-grange-du-serayol-les-22-26-27-juillet-2019\/#breadcrumb\"},\"inLanguage\":\"fr-FR\",\"potentialAction\":[{\"@type\":\"ReadAction\",\"target\":[\"https:\/\/terrescitoyennes.org\/index.php\/2019\/07\/19\/cascade-de-chantiers-participatifs-rencontres-conviviales-a-la-grange-du-serayol-les-22-26-27-juillet-2019\/\"]}]},{\"@type\":\"ImageObject\",\"inLanguage\":\"fr-FR\",\"@id\":\"https:\/\/terrescitoyennes.org\/index.php\/2019\/07\/19\/cascade-de-chantiers-participatifs-rencontres-conviviales-a-la-grange-du-serayol-les-22-26-27-juillet-2019\/#primaryimage\",\"url\":\"http:\/\/albivillecomestible.fr\/wp-content\/uploads\/2019\/07\/QG-chantier-13-14-juillet-2019.jpg\",\"contentUrl\":\"http:\/\/albivillecomestible.fr\/wp-content\/uploads\/2019\/07\/QG-chantier-13-14-juillet-2019.jpg\"},{\"@type\":\"BreadcrumbList\",\"@id\":\"https:\/\/terrescitoyennes.org\/index.php\/2019\/07\/19\/cascade-de-chantiers-participatifs-rencontres-conviviales-a-la-grange-du-serayol-les-22-26-27-juillet-2019\/#breadcrumb\",\"itemListElement\":[{\"@type\":\"ListItem\",\"position\":1,\"name\":\"Accueil\",\"item\":\"https:\/\/terrescitoyennes.org\/\"},{\"@type\":\"ListItem\",\"position\":2,\"name\":\"Cascade de chantiers participatifs &#038; rencontres conviviales \u00e0 la Grange du Serayol, les 22, 26 &#038; 27 juillet 2019 !\"}]},{\"@type\":\"WebSite\",\"@id\":\"https:\/\/terrescitoyennes.org\/#website\",\"url\":\"https:\/\/terrescitoyennes.org\/\",\"name\":\"Terres Citoyennes Albigeoises\",\"description\":\"\",\"publisher\":{\"@id\":\"https:\/\/terrescitoyennes.org\/#organization\"},\"potentialAction\":[{\"@type\":\"SearchAction\",\"target\":{\"@type\":\"EntryPoint\",\"urlTemplate\":\"https:\/\/terrescitoyennes.org\/?s={search_term_string}\"},\"query-input\":{\"@type\":\"PropertyValueSpecification\",\"valueRequired\":true,\"valueName\":\"search_term_string\"}}],\"inLanguage\":\"fr-FR\"},{\"@type\":\"Organization\",\"@id\":\"https:\/\/terrescitoyennes.org\/#organization\",\"name\":\"Terres Citoyennes Albigeoises\",\"url\":\"https:\/\/terrescitoyennes.org\/\",\"logo\":{\"@type\":\"ImageObject\",\"inLanguage\":\"fr-FR\",\"@id\":\"https:\/\/terrescitoyennes.org\/#\/schema\/logo\/image\/\",\"url\":\"https:\/\/terrescitoyennes.org\/wp-content\/uploads\/2020\/05\/LOGO-TC-propo-01.png\",\"contentUrl\":\"https:\/\/terrescitoyennes.org\/wp-content\/uploads\/2020\/05\/LOGO-TC-propo-01.png\",\"width\":519,\"height\":459,\"caption\":\"Terres Citoyennes Albigeoises\"},\"image\":{\"@id\":\"https:\/\/terrescitoyennes.org\/#\/schema\/logo\/image\/\"},\"sameAs\":[\"https:\/\/www.facebook.com\/Terres-citoyennes-albigeoises-513479312353377\/\"]},{\"@type\":\"Person\",\"@id\":\"https:\/\/terrescitoyennes.org\/#\/schema\/person\/e0960d6781bbeb4a308a46f01ba3d382\",\"name\":\"La r\u00e9daction\",\"image\":{\"@type\":\"ImageObject\",\"inLanguage\":\"fr-FR\",\"@id\":\"https:\/\/terrescitoyennes.org\/#\/schema\/person\/image\/\",\"url\":\"https:\/\/secure.gravatar.com\/avatar\/d799b7c652906e899d85a27d9adbcc8a?s=96&d=mm&r=g\",\"contentUrl\":\"https:\/\/secure.gravatar.com\/avatar\/d799b7c652906e899d85a27d9adbcc8a?s=96&d=mm&r=g\",\"caption\":\"La r\u00e9daction\"},\"url\":\"https:\/\/terrescitoyennes.org\/index.php\/author\/pascal-henry-albi\/\"}]}<\/script>\n<!-- \/ Yoast SEO plugin. -->","yoast_head_json":{"title":"Cascade de chantiers participatifs & rencontres conviviales \u00e0 la Grange du Serayol, les 22, 26 & 27 juillet 2019 ! - Terres citoyennes albigeoises","robots":{"index":"index","follow":"follow","max-snippet":"max-snippet:-1","max-image-preview":"max-image-preview:large","max-video-preview":"max-video-preview:-1"},"canonical":"https:\/\/terrescitoyennes.org\/index.php\/2019\/07\/19\/cascade-de-chantiers-participatifs-rencontres-conviviales-a-la-grange-du-serayol-les-22-26-27-juillet-2019\/","og_locale":"fr_FR","og_type":"article","og_title":"Cascade de chantiers participatifs & rencontres conviviales \u00e0 la Grange du Serayol, les 22, 26 & 27 juillet 2019 ! - Terres citoyennes albigeoises","og_description":"Les chantiers participatifs reprennent \u00e0 \u00ab\u00a0la Grange du Serayol\u00a0\u00bb, \u00e0 Lescure d&rsquo;Albigeois, aussi bien aux champs qu&rsquo;au QG d&rsquo;Albi Ville Comestible ! Apr\u00e8s un week-end de relance du chantier d&rsquo;am\u00e9nagement du QG, les 13-14 juillet, nous programmons une prochaine journ\u00e9e de chantier samedi 27 juillet 2019 \u00e0 partir de 10h. Au programme : suite de [&hellip;]","og_url":"https:\/\/terrescitoyennes.org\/index.php\/2019\/07\/19\/cascade-de-chantiers-participatifs-rencontres-conviviales-a-la-grange-du-serayol-les-22-26-27-juillet-2019\/","og_site_name":"Terres citoyennes albigeoises","article_publisher":"https:\/\/www.facebook.com\/Terres-citoyennes-albigeoises-513479312353377\/","article_published_time":"2019-07-19T20:35:56+00:00","og_image":[{"url":"http:\/\/albivillecomestible.fr\/wp-content\/uploads\/2019\/07\/QG-chantier-13-14-juillet-2019.jpg"}],"author":"La r\u00e9daction","twitter_card":"summary_large_image","twitter_misc":{"\u00c9crit par":"La r\u00e9daction","Dur\u00e9e de lecture estim\u00e9e":"1 minute"},"schema":{"@context":"https:\/\/schema.org","@graph":[{"@type":"Article","@id":"https:\/\/terrescitoyennes.org\/index.php\/2019\/07\/19\/cascade-de-chantiers-participatifs-rencontres-conviviales-a-la-grange-du-serayol-les-22-26-27-juillet-2019\/#article","isPartOf":{"@id":"https:\/\/terrescitoyennes.org\/index.php\/2019\/07\/19\/cascade-de-chantiers-participatifs-rencontres-conviviales-a-la-grange-du-serayol-les-22-26-27-juillet-2019\/"},"author":{"name":"La r\u00e9daction","@id":"https:\/\/terrescitoyennes.org\/#\/schema\/person\/e0960d6781bbeb4a308a46f01ba3d382"},"headline":"Cascade de chantiers participatifs &#038; rencontres conviviales \u00e0 la Grange du Serayol, les 22, 26 &#038; 27 juillet 2019 !","datePublished":"2019-07-19T20:35:56+00:00","dateModified":"2019-07-19T20:35:56+00:00","mainEntityOfPage":{"@id":"https:\/\/terrescitoyennes.org\/index.php\/2019\/07\/19\/cascade-de-chantiers-participatifs-rencontres-conviviales-a-la-grange-du-serayol-les-22-26-27-juillet-2019\/"},"wordCount":194,"publisher":{"@id":"https:\/\/terrescitoyennes.org\/#organization"},"image":{"@id":"https:\/\/terrescitoyennes.org\/index.php\/2019\/07\/19\/cascade-de-chantiers-participatifs-rencontres-conviviales-a-la-grange-du-serayol-les-22-26-27-juillet-2019\/#primaryimage"},"thumbnailUrl":"http:\/\/albivillecomestible.fr\/wp-content\/uploads\/2019\/07\/QG-chantier-13-14-juillet-2019.jpg","inLanguage":"fr-FR"},{"@type":"WebPage","@id":"https:\/\/terrescitoyennes.org\/index.php\/2019\/07\/19\/cascade-de-chantiers-participatifs-rencontres-conviviales-a-la-grange-du-serayol-les-22-26-27-juillet-2019\/","url":"https:\/\/terrescitoyennes.org\/index.php\/2019\/07\/19\/cascade-de-chantiers-participatifs-rencontres-conviviales-a-la-grange-du-serayol-les-22-26-27-juillet-2019\/","name":"Cascade de chantiers participatifs & rencontres conviviales \u00e0 la Grange du Serayol, les 22, 26 & 27 juillet 2019 ! - Terres citoyennes albigeoises","isPartOf":{"@id":"https:\/\/terrescitoyennes.org\/#website"},"primaryImageOfPage":{"@id":"https:\/\/terrescitoyennes.org\/index.php\/2019\/07\/19\/cascade-de-chantiers-participatifs-rencontres-conviviales-a-la-grange-du-serayol-les-22-26-27-juillet-2019\/#primaryimage"},"image":{"@id":"https:\/\/terrescitoyennes.org\/index.php\/2019\/07\/19\/cascade-de-chantiers-participatifs-rencontres-conviviales-a-la-grange-du-serayol-les-22-26-27-juillet-2019\/#primaryimage"},"thumbnailUrl":"http:\/\/albivillecomestible.fr\/wp-content\/uploads\/2019\/07\/QG-chantier-13-14-juillet-2019.jpg","datePublished":"2019-07-19T20:35:56+00:00","dateModified":"2019-07-19T20:35:56+00:00","breadcrumb":{"@id":"https:\/\/terrescitoyennes.org\/index.php\/2019\/07\/19\/cascade-de-chantiers-participatifs-rencontres-conviviales-a-la-grange-du-serayol-les-22-26-27-juillet-2019\/#breadcrumb"},"inLanguage":"fr-FR","potentialAction":[{"@type":"ReadAction","target":["https:\/\/terrescitoyennes.org\/index.php\/2019\/07\/19\/cascade-de-chantiers-participatifs-rencontres-conviviales-a-la-grange-du-serayol-les-22-26-27-juillet-2019\/"]}]},{"@type":"ImageObject","inLanguage":"fr-FR","@id":"https:\/\/terrescitoyennes.org\/index.php\/2019\/07\/19\/cascade-de-chantiers-participatifs-rencontres-conviviales-a-la-grange-du-serayol-les-22-26-27-juillet-2019\/#primaryimage","url":"http:\/\/albivillecomestible.fr\/wp-content\/uploads\/2019\/07\/QG-chantier-13-14-juillet-2019.jpg","contentUrl":"http:\/\/albivillecomestible.fr\/wp-content\/uploads\/2019\/07\/QG-chantier-13-14-juillet-2019.jpg"},{"@type":"BreadcrumbList","@id":"https:\/\/terrescitoyennes.org\/index.php\/2019\/07\/19\/cascade-de-chantiers-participatifs-rencontres-conviviales-a-la-grange-du-serayol-les-22-26-27-juillet-2019\/#breadcrumb","itemListElement":[{"@type":"ListItem","position":1,"name":"Accueil","item":"https:\/\/terrescitoyennes.org\/"},{"@type":"ListItem","position":2,"name":"Cascade de chantiers participatifs &#038; rencontres conviviales \u00e0 la Grange du Serayol, les 22, 26 &#038; 27 juillet 2019 !"}]},{"@type":"WebSite","@id":"https:\/\/terrescitoyennes.org\/#website","url":"https:\/\/terrescitoyennes.org\/","name":"Terres Citoyennes Albigeoises","description":"","publisher":{"@id":"https:\/\/terrescitoyennes.org\/#organization"},"potentialAction":[{"@type":"SearchAction","target":{"@type":"EntryPoint","urlTemplate":"https:\/\/terrescitoyennes.org\/?s={search_term_string}"},"query-input":{"@type":"PropertyValueSpecification","valueRequired":true,"valueName":"search_term_string"}}],"inLanguage":"fr-FR"},{"@type":"Organization","@id":"https:\/\/terrescitoyennes.org\/#organization","name":"Terres Citoyennes Albigeoises","url":"https:\/\/terrescitoyennes.org\/","logo":{"@type":"ImageObject","inLanguage":"fr-FR","@id":"https:\/\/terrescitoyennes.org\/#\/schema\/logo\/image\/","url":"https:\/\/terrescitoyennes.org\/wp-content\/uploads\/2020\/05\/LOGO-TC-propo-01.png","contentUrl":"https:\/\/terrescitoyennes.org\/wp-content\/uploads\/2020\/05\/LOGO-TC-propo-01.png","width":519,"height":459,"caption":"Terres Citoyennes Albigeoises"},"image":{"@id":"https:\/\/terrescitoyennes.org\/#\/schema\/logo\/image\/"},"sameAs":["https:\/\/www.facebook.com\/Terres-citoyennes-albigeoises-513479312353377\/"]},{"@type":"Person","@id":"https:\/\/terrescitoyennes.org\/#\/schema\/person\/e0960d6781bbeb4a308a46f01ba3d382","name":"La r\u00e9daction","image":{"@type":"ImageObject","inLanguage":"fr-FR","@id":"https:\/\/terrescitoyennes.org\/#\/schema\/person\/image\/","url":"https:\/\/secure.gravatar.com\/avatar\/d799b7c652906e899d85a27d9adbcc8a?s=96&d=mm&r=g","contentUrl":"https:\/\/secure.gravatar.com\/avatar\/d799b7c652906e899d85a27d9adbcc8a?s=96&d=mm&r=g","caption":"La r\u00e9daction"},"url":"https:\/\/terrescitoyennes.org\/index.php\/author\/pascal-henry-albi\/"}]}},"_links":{"self":[{"href":"https:\/\/terrescitoyennes.org\/index.php\/wp-json\/wp\/v2\/posts\/1568"}],"collection":[{"href":"https:\/\/terrescitoyennes.org\/index.php\/wp-json\/wp\/v2\/posts"}],"about":[{"href":"https:\/\/terrescitoyennes.org\/index.php\/wp-json\/wp\/v2\/types\/post"}],"author":[{"embeddable":true,"href":"https:\/\/terrescitoyennes.org\/index.php\/wp-json\/wp\/v2\/users\/3"}],"replies":[{"embeddable":true,"href":"https:\/\/terrescitoyennes.org\/index.php\/wp-json\/wp\/v2\/comments?post=1568"}],"version-history":[{"count":0,"href":"https:\/\/terrescitoyennes.org\/index.php\/wp-json\/wp\/v2\/posts\/1568\/revisions"}],"wp:attachment":[{"href":"https:\/\/terrescitoyennes.org\/index.php\/wp-json\/wp\/v2\/media?parent=1568"}],"wp:term":[{"taxonomy":"category","embeddable":true,"href":"https:\/\/terrescitoyennes.org\/index.php\/wp-json\/wp\/v2\/categories?post=1568"},{"taxonomy":"post_tag","embeddable":true,"href":"https:\/\/terrescitoyennes.org\/index.php\/wp-json\/wp\/v2\/tags?post=1568"}],"curies":[{"name":"wp","href":"https:\/\/api.w.org\/{rel}","templated":true}]}}