{"id":1594,"date":"2019-09-04T23:09:13","date_gmt":"2019-09-04T21:09:13","guid":{"rendered":"http:\/\/albivillecomestible.fr\/?p=1594"},"modified":"2019-09-04T23:09:13","modified_gmt":"2019-09-04T21:09:13","slug":"samedi-14-septembre-battage-de-la-collection-de-bles-de-petanielle-pres-de-salles-sur-lhers","status":"publish","type":"post","link":"https:\/\/terrescitoyennes.org\/index.php\/2019\/09\/04\/samedi-14-septembre-battage-de-la-collection-de-bles-de-petanielle-pres-de-salles-sur-lhers\/","title":{"rendered":"Samedi 14 septembre : battage de la collection de bl\u00e9s de P\u00e9tanielle, pr\u00e8s de Salles sur l\u2019Hers"},"content":{"rendered":"<p><img loading=\"lazy\" decoding=\"async\" class=\"aligncenter size-full wp-image-1195\" src=\"http:\/\/albivillecomestible.fr\/wp-content\/uploads\/2019\/01\/Logo-Peta2.jpg\" alt=\"\" width=\"500\" height=\"333\" srcset=\"https:\/\/terrescitoyennes.org\/wp-content\/uploads\/2019\/01\/Logo-Peta2.jpg 500w, https:\/\/terrescitoyennes.org\/wp-content\/uploads\/2019\/01\/Logo-Peta2-300x200.jpg 300w, https:\/\/terrescitoyennes.org\/wp-content\/uploads\/2019\/01\/Logo-Peta2-360x240.jpg 360w\" sizes=\"(max-width: 500px) 100vw, 500px\" \/><\/p>\n<div class=\"entry-header\">\n<p class=\"entry-title\">Samedi 14 septembre, ce sera le battage de la collection de bl\u00e9s de P\u00e9tanielle, \u00e0 partir de 9h30, sur la ferme de Daniel pr\u00e8s de Salles sur l&rsquo;Hers.<\/p>\n<p>Le battage est l\u2019un des points forts de la vie l&rsquo;association P\u00e9tanielle\u2026 et il y a du travail !<\/p>\n<p>Au programme :<\/p>\n<ul>\n<li>accueil \u00e0 partir de 9h30<\/li>\n<li>jusqu\u2019\u00e0 11h : r\u00e9ception des gerbes et regroupement par vari\u00e9t\u00e9s sur des grandes b\u00e2ches. Attention, les gerbes apport\u00e9es apr\u00e8s le d\u00e9but du battage ne pourront \u00eatre battues : elles rejoindront le \u00ab\u00a0m\u00e9lange des semeurs\u00a0\u00bb.<\/li>\n<li>de 11h \u00e0 13h : battage, ensachage<\/li>\n<li>\u00e0 13h pique-nique tir\u00e9 du sac (n\u2019oubliez pas assiettes, couverts, verres\u2026)<\/li>\n<li>apr\u00e8s-midi : discussion sur les objectifs et le fonctionnement de l\u2019association<\/li>\n<li>vers 16h, premi\u00e8re distribution des sachets de grains pour la saison prochaine<\/li>\n<\/ul>\n<p>Pour les jardiniers qui auraient cultiv\u00e9 1 m\u00b2 d&rsquo;une vari\u00e9t\u00e9 de bl\u00e9 cette ann\u00e9e, qui auraient r\u00e9colt\u00e9 une gerbe, mais qui ne pourraient par se rendre au battage, il est possible de faire passer leur r\u00e9colte \u00e0 l&rsquo;AMAP d&rsquo;Albi la Madeleine, au 48 rue du Capitaine Julia, lors de la distribution mardi 10 septembre entre 18h et 19h. Jean-Luc, H\u00e9l\u00e8ne ou Pascal pourront la r\u00e9ceptionner.<\/p>\n<p>Pplus d&rsquo;infos ici, sur le site de P\u00e9tanielle : <a href=\"http:\/\/www.petanielle.org\/battage-des-gerbes-des-jardiniers\/\" target=\"_blank\" rel=\"noopener\">http:\/\/www.petanielle.org\/battage-des-gerbes-des-jardiniers\/<\/a><\/p>\n<\/div>\n","protected":false},"excerpt":{"rendered":"<p>Samedi 14 septembre, ce sera le battage de la collection de bl\u00e9s de P\u00e9tanielle, \u00e0 partir de 9h30, sur la ferme de Daniel pr\u00e8s de Salles sur l&rsquo;Hers. Le battage est l\u2019un des points forts de la vie l&rsquo;association P\u00e9tanielle\u2026 et il y a du travail ! Au programme : accueil \u00e0 partir de 9h30 [&hellip;]<\/p>\n","protected":false},"author":3,"featured_media":0,"comment_status":"closed","ping_status":"closed","sticky":false,"template":"","format":"standard","meta":{"footnotes":""},"categories":[1],"tags":[],"yoast_head":"<!-- This site is optimized with the Yoast SEO plugin v23.5 - https:\/\/yoast.com\/wordpress\/plugins\/seo\/ -->\n<title>Samedi 14 septembre : battage de la collection de bl\u00e9s de P\u00e9tanielle, pr\u00e8s de Salles sur l\u2019Hers - Terres citoyennes albigeoises<\/title>\n<meta name=\"robots\" content=\"index, follow, max-snippet:-1, max-image-preview:large, max-video-preview:-1\" \/>\n<link rel=\"canonical\" href=\"https:\/\/terrescitoyennes.org\/index.php\/2019\/09\/04\/samedi-14-septembre-battage-de-la-collection-de-bles-de-petanielle-pres-de-salles-sur-lhers\/\" \/>\n<meta property=\"og:locale\" content=\"fr_FR\" \/>\n<meta property=\"og:type\" content=\"article\" \/>\n<meta property=\"og:title\" content=\"Samedi 14 septembre : battage de la collection de bl\u00e9s de P\u00e9tanielle, pr\u00e8s de Salles sur l\u2019Hers - Terres citoyennes albigeoises\" \/>\n<meta property=\"og:description\" content=\"Samedi 14 septembre, ce sera le battage de la collection de bl\u00e9s de P\u00e9tanielle, \u00e0 partir de 9h30, sur la ferme de Daniel pr\u00e8s de Salles sur l&rsquo;Hers. Le battage est l\u2019un des points forts de la vie l&rsquo;association P\u00e9tanielle\u2026 et il y a du travail ! Au programme : accueil \u00e0 partir de 9h30 [&hellip;]\" \/>\n<meta property=\"og:url\" content=\"https:\/\/terrescitoyennes.org\/index.php\/2019\/09\/04\/samedi-14-septembre-battage-de-la-collection-de-bles-de-petanielle-pres-de-salles-sur-lhers\/\" \/>\n<meta property=\"og:site_name\" content=\"Terres citoyennes albigeoises\" \/>\n<meta property=\"article:publisher\" content=\"https:\/\/www.facebook.com\/Terres-citoyennes-albigeoises-513479312353377\/\" \/>\n<meta property=\"article:published_time\" content=\"2019-09-04T21:09:13+00:00\" \/>\n<meta property=\"og:image\" content=\"http:\/\/albivillecomestible.fr\/wp-content\/uploads\/2019\/01\/Logo-Peta2.jpg\" \/>\n<meta name=\"author\" content=\"La r\u00e9daction\" \/>\n<meta name=\"twitter:card\" content=\"summary_large_image\" \/>\n<meta name=\"twitter:label1\" content=\"\u00c9crit par\" \/>\n\t<meta name=\"twitter:data1\" content=\"La r\u00e9daction\" \/>\n\t<meta name=\"twitter:label2\" content=\"Dur\u00e9e de lecture estim\u00e9e\" \/>\n\t<meta name=\"twitter:data2\" content=\"1 minute\" \/>\n<script type=\"application\/ld+json\" class=\"yoast-schema-graph\">{\"@context\":\"https:\/\/schema.org\",\"@graph\":[{\"@type\":\"Article\",\"@id\":\"https:\/\/terrescitoyennes.org\/index.php\/2019\/09\/04\/samedi-14-septembre-battage-de-la-collection-de-bles-de-petanielle-pres-de-salles-sur-lhers\/#article\",\"isPartOf\":{\"@id\":\"https:\/\/terrescitoyennes.org\/index.php\/2019\/09\/04\/samedi-14-septembre-battage-de-la-collection-de-bles-de-petanielle-pres-de-salles-sur-lhers\/\"},\"author\":{\"name\":\"La r\u00e9daction\",\"@id\":\"https:\/\/terrescitoyennes.org\/#\/schema\/person\/e0960d6781bbeb4a308a46f01ba3d382\"},\"headline\":\"Samedi 14 septembre : battage de la collection de bl\u00e9s de P\u00e9tanielle, pr\u00e8s de Salles sur l\u2019Hers\",\"datePublished\":\"2019-09-04T21:09:13+00:00\",\"dateModified\":\"2019-09-04T21:09:13+00:00\",\"mainEntityOfPage\":{\"@id\":\"https:\/\/terrescitoyennes.org\/index.php\/2019\/09\/04\/samedi-14-septembre-battage-de-la-collection-de-bles-de-petanielle-pres-de-salles-sur-lhers\/\"},\"wordCount\":237,\"publisher\":{\"@id\":\"https:\/\/terrescitoyennes.org\/#organization\"},\"image\":{\"@id\":\"https:\/\/terrescitoyennes.org\/index.php\/2019\/09\/04\/samedi-14-septembre-battage-de-la-collection-de-bles-de-petanielle-pres-de-salles-sur-lhers\/#primaryimage\"},\"thumbnailUrl\":\"http:\/\/albivillecomestible.fr\/wp-content\/uploads\/2019\/01\/Logo-Peta2.jpg\",\"inLanguage\":\"fr-FR\"},{\"@type\":\"WebPage\",\"@id\":\"https:\/\/terrescitoyennes.org\/index.php\/2019\/09\/04\/samedi-14-septembre-battage-de-la-collection-de-bles-de-petanielle-pres-de-salles-sur-lhers\/\",\"url\":\"https:\/\/terrescitoyennes.org\/index.php\/2019\/09\/04\/samedi-14-septembre-battage-de-la-collection-de-bles-de-petanielle-pres-de-salles-sur-lhers\/\",\"name\":\"Samedi 14 septembre : battage de la collection de bl\u00e9s de P\u00e9tanielle, pr\u00e8s de Salles sur l\u2019Hers - Terres citoyennes albigeoises\",\"isPartOf\":{\"@id\":\"https:\/\/terrescitoyennes.org\/#website\"},\"primaryImageOfPage\":{\"@id\":\"https:\/\/terrescitoyennes.org\/index.php\/2019\/09\/04\/samedi-14-septembre-battage-de-la-collection-de-bles-de-petanielle-pres-de-salles-sur-lhers\/#primaryimage\"},\"image\":{\"@id\":\"https:\/\/terrescitoyennes.org\/index.php\/2019\/09\/04\/samedi-14-septembre-battage-de-la-collection-de-bles-de-petanielle-pres-de-salles-sur-lhers\/#primaryimage\"},\"thumbnailUrl\":\"http:\/\/albivillecomestible.fr\/wp-content\/uploads\/2019\/01\/Logo-Peta2.jpg\",\"datePublished\":\"2019-09-04T21:09:13+00:00\",\"dateModified\":\"2019-09-04T21:09:13+00:00\",\"breadcrumb\":{\"@id\":\"https:\/\/terrescitoyennes.org\/index.php\/2019\/09\/04\/samedi-14-septembre-battage-de-la-collection-de-bles-de-petanielle-pres-de-salles-sur-lhers\/#breadcrumb\"},\"inLanguage\":\"fr-FR\",\"potentialAction\":[{\"@type\":\"ReadAction\",\"target\":[\"https:\/\/terrescitoyennes.org\/index.php\/2019\/09\/04\/samedi-14-septembre-battage-de-la-collection-de-bles-de-petanielle-pres-de-salles-sur-lhers\/\"]}]},{\"@type\":\"ImageObject\",\"inLanguage\":\"fr-FR\",\"@id\":\"https:\/\/terrescitoyennes.org\/index.php\/2019\/09\/04\/samedi-14-septembre-battage-de-la-collection-de-bles-de-petanielle-pres-de-salles-sur-lhers\/#primaryimage\",\"url\":\"http:\/\/albivillecomestible.fr\/wp-content\/uploads\/2019\/01\/Logo-Peta2.jpg\",\"contentUrl\":\"http:\/\/albivillecomestible.fr\/wp-content\/uploads\/2019\/01\/Logo-Peta2.jpg\"},{\"@type\":\"BreadcrumbList\",\"@id\":\"https:\/\/terrescitoyennes.org\/index.php\/2019\/09\/04\/samedi-14-septembre-battage-de-la-collection-de-bles-de-petanielle-pres-de-salles-sur-lhers\/#breadcrumb\",\"itemListElement\":[{\"@type\":\"ListItem\",\"position\":1,\"name\":\"Accueil\",\"item\":\"https:\/\/terrescitoyennes.org\/\"},{\"@type\":\"ListItem\",\"position\":2,\"name\":\"Samedi 14 septembre : battage de la collection de bl\u00e9s de P\u00e9tanielle, pr\u00e8s de Salles sur l\u2019Hers\"}]},{\"@type\":\"WebSite\",\"@id\":\"https:\/\/terrescitoyennes.org\/#website\",\"url\":\"https:\/\/terrescitoyennes.org\/\",\"name\":\"Terres Citoyennes Albigeoises\",\"description\":\"\",\"publisher\":{\"@id\":\"https:\/\/terrescitoyennes.org\/#organization\"},\"potentialAction\":[{\"@type\":\"SearchAction\",\"target\":{\"@type\":\"EntryPoint\",\"urlTemplate\":\"https:\/\/terrescitoyennes.org\/?s={search_term_string}\"},\"query-input\":{\"@type\":\"PropertyValueSpecification\",\"valueRequired\":true,\"valueName\":\"search_term_string\"}}],\"inLanguage\":\"fr-FR\"},{\"@type\":\"Organization\",\"@id\":\"https:\/\/terrescitoyennes.org\/#organization\",\"name\":\"Terres Citoyennes Albigeoises\",\"url\":\"https:\/\/terrescitoyennes.org\/\",\"logo\":{\"@type\":\"ImageObject\",\"inLanguage\":\"fr-FR\",\"@id\":\"https:\/\/terrescitoyennes.org\/#\/schema\/logo\/image\/\",\"url\":\"https:\/\/terrescitoyennes.org\/wp-content\/uploads\/2020\/05\/LOGO-TC-propo-01.png\",\"contentUrl\":\"https:\/\/terrescitoyennes.org\/wp-content\/uploads\/2020\/05\/LOGO-TC-propo-01.png\",\"width\":519,\"height\":459,\"caption\":\"Terres Citoyennes Albigeoises\"},\"image\":{\"@id\":\"https:\/\/terrescitoyennes.org\/#\/schema\/logo\/image\/\"},\"sameAs\":[\"https:\/\/www.facebook.com\/Terres-citoyennes-albigeoises-513479312353377\/\"]},{\"@type\":\"Person\",\"@id\":\"https:\/\/terrescitoyennes.org\/#\/schema\/person\/e0960d6781bbeb4a308a46f01ba3d382\",\"name\":\"La r\u00e9daction\",\"image\":{\"@type\":\"ImageObject\",\"inLanguage\":\"fr-FR\",\"@id\":\"https:\/\/terrescitoyennes.org\/#\/schema\/person\/image\/\",\"url\":\"https:\/\/secure.gravatar.com\/avatar\/d799b7c652906e899d85a27d9adbcc8a?s=96&d=mm&r=g\",\"contentUrl\":\"https:\/\/secure.gravatar.com\/avatar\/d799b7c652906e899d85a27d9adbcc8a?s=96&d=mm&r=g\",\"caption\":\"La r\u00e9daction\"},\"url\":\"https:\/\/terrescitoyennes.org\/index.php\/author\/pascal-henry-albi\/\"}]}<\/script>\n<!-- \/ Yoast SEO plugin. -->","yoast_head_json":{"title":"Samedi 14 septembre : battage de la collection de bl\u00e9s de P\u00e9tanielle, pr\u00e8s de Salles sur l\u2019Hers - Terres citoyennes albigeoises","robots":{"index":"index","follow":"follow","max-snippet":"max-snippet:-1","max-image-preview":"max-image-preview:large","max-video-preview":"max-video-preview:-1"},"canonical":"https:\/\/terrescitoyennes.org\/index.php\/2019\/09\/04\/samedi-14-septembre-battage-de-la-collection-de-bles-de-petanielle-pres-de-salles-sur-lhers\/","og_locale":"fr_FR","og_type":"article","og_title":"Samedi 14 septembre : battage de la collection de bl\u00e9s de P\u00e9tanielle, pr\u00e8s de Salles sur l\u2019Hers - Terres citoyennes albigeoises","og_description":"Samedi 14 septembre, ce sera le battage de la collection de bl\u00e9s de P\u00e9tanielle, \u00e0 partir de 9h30, sur la ferme de Daniel pr\u00e8s de Salles sur l&rsquo;Hers. Le battage est l\u2019un des points forts de la vie l&rsquo;association P\u00e9tanielle\u2026 et il y a du travail ! Au programme : accueil \u00e0 partir de 9h30 [&hellip;]","og_url":"https:\/\/terrescitoyennes.org\/index.php\/2019\/09\/04\/samedi-14-septembre-battage-de-la-collection-de-bles-de-petanielle-pres-de-salles-sur-lhers\/","og_site_name":"Terres citoyennes albigeoises","article_publisher":"https:\/\/www.facebook.com\/Terres-citoyennes-albigeoises-513479312353377\/","article_published_time":"2019-09-04T21:09:13+00:00","og_image":[{"url":"http:\/\/albivillecomestible.fr\/wp-content\/uploads\/2019\/01\/Logo-Peta2.jpg"}],"author":"La r\u00e9daction","twitter_card":"summary_large_image","twitter_misc":{"\u00c9crit par":"La r\u00e9daction","Dur\u00e9e de lecture estim\u00e9e":"1 minute"},"schema":{"@context":"https:\/\/schema.org","@graph":[{"@type":"Article","@id":"https:\/\/terrescitoyennes.org\/index.php\/2019\/09\/04\/samedi-14-septembre-battage-de-la-collection-de-bles-de-petanielle-pres-de-salles-sur-lhers\/#article","isPartOf":{"@id":"https:\/\/terrescitoyennes.org\/index.php\/2019\/09\/04\/samedi-14-septembre-battage-de-la-collection-de-bles-de-petanielle-pres-de-salles-sur-lhers\/"},"author":{"name":"La r\u00e9daction","@id":"https:\/\/terrescitoyennes.org\/#\/schema\/person\/e0960d6781bbeb4a308a46f01ba3d382"},"headline":"Samedi 14 septembre : battage de la collection de bl\u00e9s de P\u00e9tanielle, pr\u00e8s de Salles sur l\u2019Hers","datePublished":"2019-09-04T21:09:13+00:00","dateModified":"2019-09-04T21:09:13+00:00","mainEntityOfPage":{"@id":"https:\/\/terrescitoyennes.org\/index.php\/2019\/09\/04\/samedi-14-septembre-battage-de-la-collection-de-bles-de-petanielle-pres-de-salles-sur-lhers\/"},"wordCount":237,"publisher":{"@id":"https:\/\/terrescitoyennes.org\/#organization"},"image":{"@id":"https:\/\/terrescitoyennes.org\/index.php\/2019\/09\/04\/samedi-14-septembre-battage-de-la-collection-de-bles-de-petanielle-pres-de-salles-sur-lhers\/#primaryimage"},"thumbnailUrl":"http:\/\/albivillecomestible.fr\/wp-content\/uploads\/2019\/01\/Logo-Peta2.jpg","inLanguage":"fr-FR"},{"@type":"WebPage","@id":"https:\/\/terrescitoyennes.org\/index.php\/2019\/09\/04\/samedi-14-septembre-battage-de-la-collection-de-bles-de-petanielle-pres-de-salles-sur-lhers\/","url":"https:\/\/terrescitoyennes.org\/index.php\/2019\/09\/04\/samedi-14-septembre-battage-de-la-collection-de-bles-de-petanielle-pres-de-salles-sur-lhers\/","name":"Samedi 14 septembre : battage de la collection de bl\u00e9s de P\u00e9tanielle, pr\u00e8s de Salles sur l\u2019Hers - Terres citoyennes albigeoises","isPartOf":{"@id":"https:\/\/terrescitoyennes.org\/#website"},"primaryImageOfPage":{"@id":"https:\/\/terrescitoyennes.org\/index.php\/2019\/09\/04\/samedi-14-septembre-battage-de-la-collection-de-bles-de-petanielle-pres-de-salles-sur-lhers\/#primaryimage"},"image":{"@id":"https:\/\/terrescitoyennes.org\/index.php\/2019\/09\/04\/samedi-14-septembre-battage-de-la-collection-de-bles-de-petanielle-pres-de-salles-sur-lhers\/#primaryimage"},"thumbnailUrl":"http:\/\/albivillecomestible.fr\/wp-content\/uploads\/2019\/01\/Logo-Peta2.jpg","datePublished":"2019-09-04T21:09:13+00:00","dateModified":"2019-09-04T21:09:13+00:00","breadcrumb":{"@id":"https:\/\/terrescitoyennes.org\/index.php\/2019\/09\/04\/samedi-14-septembre-battage-de-la-collection-de-bles-de-petanielle-pres-de-salles-sur-lhers\/#breadcrumb"},"inLanguage":"fr-FR","potentialAction":[{"@type":"ReadAction","target":["https:\/\/terrescitoyennes.org\/index.php\/2019\/09\/04\/samedi-14-septembre-battage-de-la-collection-de-bles-de-petanielle-pres-de-salles-sur-lhers\/"]}]},{"@type":"ImageObject","inLanguage":"fr-FR","@id":"https:\/\/terrescitoyennes.org\/index.php\/2019\/09\/04\/samedi-14-septembre-battage-de-la-collection-de-bles-de-petanielle-pres-de-salles-sur-lhers\/#primaryimage","url":"http:\/\/albivillecomestible.fr\/wp-content\/uploads\/2019\/01\/Logo-Peta2.jpg","contentUrl":"http:\/\/albivillecomestible.fr\/wp-content\/uploads\/2019\/01\/Logo-Peta2.jpg"},{"@type":"BreadcrumbList","@id":"https:\/\/terrescitoyennes.org\/index.php\/2019\/09\/04\/samedi-14-septembre-battage-de-la-collection-de-bles-de-petanielle-pres-de-salles-sur-lhers\/#breadcrumb","itemListElement":[{"@type":"ListItem","position":1,"name":"Accueil","item":"https:\/\/terrescitoyennes.org\/"},{"@type":"ListItem","position":2,"name":"Samedi 14 septembre : battage de la collection de bl\u00e9s de P\u00e9tanielle, pr\u00e8s de Salles sur l\u2019Hers"}]},{"@type":"WebSite","@id":"https:\/\/terrescitoyennes.org\/#website","url":"https:\/\/terrescitoyennes.org\/","name":"Terres Citoyennes Albigeoises","description":"","publisher":{"@id":"https:\/\/terrescitoyennes.org\/#organization"},"potentialAction":[{"@type":"SearchAction","target":{"@type":"EntryPoint","urlTemplate":"https:\/\/terrescitoyennes.org\/?s={search_term_string}"},"query-input":{"@type":"PropertyValueSpecification","valueRequired":true,"valueName":"search_term_string"}}],"inLanguage":"fr-FR"},{"@type":"Organization","@id":"https:\/\/terrescitoyennes.org\/#organization","name":"Terres Citoyennes Albigeoises","url":"https:\/\/terrescitoyennes.org\/","logo":{"@type":"ImageObject","inLanguage":"fr-FR","@id":"https:\/\/terrescitoyennes.org\/#\/schema\/logo\/image\/","url":"https:\/\/terrescitoyennes.org\/wp-content\/uploads\/2020\/05\/LOGO-TC-propo-01.png","contentUrl":"https:\/\/terrescitoyennes.org\/wp-content\/uploads\/2020\/05\/LOGO-TC-propo-01.png","width":519,"height":459,"caption":"Terres Citoyennes Albigeoises"},"image":{"@id":"https:\/\/terrescitoyennes.org\/#\/schema\/logo\/image\/"},"sameAs":["https:\/\/www.facebook.com\/Terres-citoyennes-albigeoises-513479312353377\/"]},{"@type":"Person","@id":"https:\/\/terrescitoyennes.org\/#\/schema\/person\/e0960d6781bbeb4a308a46f01ba3d382","name":"La r\u00e9daction","image":{"@type":"ImageObject","inLanguage":"fr-FR","@id":"https:\/\/terrescitoyennes.org\/#\/schema\/person\/image\/","url":"https:\/\/secure.gravatar.com\/avatar\/d799b7c652906e899d85a27d9adbcc8a?s=96&d=mm&r=g","contentUrl":"https:\/\/secure.gravatar.com\/avatar\/d799b7c652906e899d85a27d9adbcc8a?s=96&d=mm&r=g","caption":"La r\u00e9daction"},"url":"https:\/\/terrescitoyennes.org\/index.php\/author\/pascal-henry-albi\/"}]}},"_links":{"self":[{"href":"https:\/\/terrescitoyennes.org\/index.php\/wp-json\/wp\/v2\/posts\/1594"}],"collection":[{"href":"https:\/\/terrescitoyennes.org\/index.php\/wp-json\/wp\/v2\/posts"}],"about":[{"href":"https:\/\/terrescitoyennes.org\/index.php\/wp-json\/wp\/v2\/types\/post"}],"author":[{"embeddable":true,"href":"https:\/\/terrescitoyennes.org\/index.php\/wp-json\/wp\/v2\/users\/3"}],"replies":[{"embeddable":true,"href":"https:\/\/terrescitoyennes.org\/index.php\/wp-json\/wp\/v2\/comments?post=1594"}],"version-history":[{"count":0,"href":"https:\/\/terrescitoyennes.org\/index.php\/wp-json\/wp\/v2\/posts\/1594\/revisions"}],"wp:attachment":[{"href":"https:\/\/terrescitoyennes.org\/index.php\/wp-json\/wp\/v2\/media?parent=1594"}],"wp:term":[{"taxonomy":"category","embeddable":true,"href":"https:\/\/terrescitoyennes.org\/index.php\/wp-json\/wp\/v2\/categories?post=1594"},{"taxonomy":"post_tag","embeddable":true,"href":"https:\/\/terrescitoyennes.org\/index.php\/wp-json\/wp\/v2\/tags?post=1594"}],"curies":[{"name":"wp","href":"https:\/\/api.w.org\/{rel}","templated":true}]}}