{"id":1650,"date":"2019-09-12T08:01:36","date_gmt":"2019-09-12T06:01:36","guid":{"rendered":"http:\/\/albivillecomestible.fr\/?p=1650"},"modified":"2019-09-12T08:01:36","modified_gmt":"2019-09-12T06:01:36","slug":"lundi-23-septembre-a-partir-de-18h-a-saint-juery-noctambio-marche-gourmand","status":"publish","type":"post","link":"https:\/\/terrescitoyennes.org\/index.php\/2019\/09\/12\/lundi-23-septembre-a-partir-de-18h-a-saint-juery-noctambio-marche-gourmand\/","title":{"rendered":"Lundi 23 septembre \u00e0 partir de 18h \u00e0 Saint-Ju\u00e9ry : Noctambio + March\u00e9 gourmand !"},"content":{"rendered":"<p><img loading=\"lazy\" decoding=\"async\" class=\"aligncenter size-full wp-image-1651\" src=\"http:\/\/albivillecomestible.fr\/wp-content\/uploads\/2019\/09\/noctambio-23-2019.jpg\" alt=\"\" width=\"576\" height=\"815\" srcset=\"https:\/\/terrescitoyennes.org\/wp-content\/uploads\/2019\/09\/noctambio-23-2019.jpg 576w, https:\/\/terrescitoyennes.org\/wp-content\/uploads\/2019\/09\/noctambio-23-2019-212x300.jpg 212w\" sizes=\"(max-width: 576px) 100vw, 576px\" \/><\/p>\n<p>Le march\u00e9 noctambio, \u00e0 Saint-Ju\u00e9ry, c&rsquo;est tous les lundis. Mais lundi 23 septembre, le noctambio se transformera en march\u00e9 gourmand !<\/p>\n<p>C&rsquo;est l&rsquo;occasion de rencontrer les productrices et producteurs de ce march\u00e9 100% Agriculture Biologique et\/ou Nature &amp; Progr\u00e8s !<\/p>\n","protected":false},"excerpt":{"rendered":"<p>Le march\u00e9 noctambio, \u00e0 Saint-Ju\u00e9ry, c&rsquo;est tous les lundis. Mais lundi 23 septembre, le noctambio se transformera en march\u00e9 gourmand ! C&rsquo;est l&rsquo;occasion de rencontrer les productrices et producteurs de ce march\u00e9 100% Agriculture Biologique et\/ou Nature &amp; Progr\u00e8s !<\/p>\n","protected":false},"author":3,"featured_media":0,"comment_status":"closed","ping_status":"closed","sticky":false,"template":"","format":"standard","meta":{"footnotes":""},"categories":[1],"tags":[],"yoast_head":"<!-- This site is optimized with the Yoast SEO plugin v23.5 - https:\/\/yoast.com\/wordpress\/plugins\/seo\/ -->\n<title>Lundi 23 septembre \u00e0 partir de 18h \u00e0 Saint-Ju\u00e9ry : Noctambio + March\u00e9 gourmand ! - Terres citoyennes albigeoises<\/title>\n<meta name=\"robots\" content=\"index, follow, max-snippet:-1, max-image-preview:large, max-video-preview:-1\" \/>\n<link rel=\"canonical\" href=\"https:\/\/terrescitoyennes.org\/index.php\/2019\/09\/12\/lundi-23-septembre-a-partir-de-18h-a-saint-juery-noctambio-marche-gourmand\/\" \/>\n<meta property=\"og:locale\" content=\"fr_FR\" \/>\n<meta property=\"og:type\" content=\"article\" \/>\n<meta property=\"og:title\" content=\"Lundi 23 septembre \u00e0 partir de 18h \u00e0 Saint-Ju\u00e9ry : Noctambio + March\u00e9 gourmand ! - Terres citoyennes albigeoises\" \/>\n<meta property=\"og:description\" content=\"Le march\u00e9 noctambio, \u00e0 Saint-Ju\u00e9ry, c&rsquo;est tous les lundis. Mais lundi 23 septembre, le noctambio se transformera en march\u00e9 gourmand ! C&rsquo;est l&rsquo;occasion de rencontrer les productrices et producteurs de ce march\u00e9 100% Agriculture Biologique et\/ou Nature &amp; Progr\u00e8s !\" \/>\n<meta property=\"og:url\" content=\"https:\/\/terrescitoyennes.org\/index.php\/2019\/09\/12\/lundi-23-septembre-a-partir-de-18h-a-saint-juery-noctambio-marche-gourmand\/\" \/>\n<meta property=\"og:site_name\" content=\"Terres citoyennes albigeoises\" \/>\n<meta property=\"article:publisher\" content=\"https:\/\/www.facebook.com\/Terres-citoyennes-albigeoises-513479312353377\/\" \/>\n<meta property=\"article:published_time\" content=\"2019-09-12T06:01:36+00:00\" \/>\n<meta property=\"og:image\" content=\"http:\/\/albivillecomestible.fr\/wp-content\/uploads\/2019\/09\/noctambio-23-2019.jpg\" \/>\n<meta name=\"author\" content=\"La r\u00e9daction\" \/>\n<meta name=\"twitter:card\" content=\"summary_large_image\" \/>\n<meta name=\"twitter:label1\" content=\"\u00c9crit par\" \/>\n\t<meta name=\"twitter:data1\" content=\"La r\u00e9daction\" \/>\n<script type=\"application\/ld+json\" class=\"yoast-schema-graph\">{\"@context\":\"https:\/\/schema.org\",\"@graph\":[{\"@type\":\"Article\",\"@id\":\"https:\/\/terrescitoyennes.org\/index.php\/2019\/09\/12\/lundi-23-septembre-a-partir-de-18h-a-saint-juery-noctambio-marche-gourmand\/#article\",\"isPartOf\":{\"@id\":\"https:\/\/terrescitoyennes.org\/index.php\/2019\/09\/12\/lundi-23-septembre-a-partir-de-18h-a-saint-juery-noctambio-marche-gourmand\/\"},\"author\":{\"name\":\"La r\u00e9daction\",\"@id\":\"https:\/\/terrescitoyennes.org\/#\/schema\/person\/e0960d6781bbeb4a308a46f01ba3d382\"},\"headline\":\"Lundi 23 septembre \u00e0 partir de 18h \u00e0 Saint-Ju\u00e9ry : Noctambio + March\u00e9 gourmand !\",\"datePublished\":\"2019-09-12T06:01:36+00:00\",\"dateModified\":\"2019-09-12T06:01:36+00:00\",\"mainEntityOfPage\":{\"@id\":\"https:\/\/terrescitoyennes.org\/index.php\/2019\/09\/12\/lundi-23-septembre-a-partir-de-18h-a-saint-juery-noctambio-marche-gourmand\/\"},\"wordCount\":48,\"publisher\":{\"@id\":\"https:\/\/terrescitoyennes.org\/#organization\"},\"image\":{\"@id\":\"https:\/\/terrescitoyennes.org\/index.php\/2019\/09\/12\/lundi-23-septembre-a-partir-de-18h-a-saint-juery-noctambio-marche-gourmand\/#primaryimage\"},\"thumbnailUrl\":\"http:\/\/albivillecomestible.fr\/wp-content\/uploads\/2019\/09\/noctambio-23-2019.jpg\",\"inLanguage\":\"fr-FR\"},{\"@type\":\"WebPage\",\"@id\":\"https:\/\/terrescitoyennes.org\/index.php\/2019\/09\/12\/lundi-23-septembre-a-partir-de-18h-a-saint-juery-noctambio-marche-gourmand\/\",\"url\":\"https:\/\/terrescitoyennes.org\/index.php\/2019\/09\/12\/lundi-23-septembre-a-partir-de-18h-a-saint-juery-noctambio-marche-gourmand\/\",\"name\":\"Lundi 23 septembre \u00e0 partir de 18h \u00e0 Saint-Ju\u00e9ry : Noctambio + March\u00e9 gourmand ! - Terres citoyennes albigeoises\",\"isPartOf\":{\"@id\":\"https:\/\/terrescitoyennes.org\/#website\"},\"primaryImageOfPage\":{\"@id\":\"https:\/\/terrescitoyennes.org\/index.php\/2019\/09\/12\/lundi-23-septembre-a-partir-de-18h-a-saint-juery-noctambio-marche-gourmand\/#primaryimage\"},\"image\":{\"@id\":\"https:\/\/terrescitoyennes.org\/index.php\/2019\/09\/12\/lundi-23-septembre-a-partir-de-18h-a-saint-juery-noctambio-marche-gourmand\/#primaryimage\"},\"thumbnailUrl\":\"http:\/\/albivillecomestible.fr\/wp-content\/uploads\/2019\/09\/noctambio-23-2019.jpg\",\"datePublished\":\"2019-09-12T06:01:36+00:00\",\"dateModified\":\"2019-09-12T06:01:36+00:00\",\"breadcrumb\":{\"@id\":\"https:\/\/terrescitoyennes.org\/index.php\/2019\/09\/12\/lundi-23-septembre-a-partir-de-18h-a-saint-juery-noctambio-marche-gourmand\/#breadcrumb\"},\"inLanguage\":\"fr-FR\",\"potentialAction\":[{\"@type\":\"ReadAction\",\"target\":[\"https:\/\/terrescitoyennes.org\/index.php\/2019\/09\/12\/lundi-23-septembre-a-partir-de-18h-a-saint-juery-noctambio-marche-gourmand\/\"]}]},{\"@type\":\"ImageObject\",\"inLanguage\":\"fr-FR\",\"@id\":\"https:\/\/terrescitoyennes.org\/index.php\/2019\/09\/12\/lundi-23-septembre-a-partir-de-18h-a-saint-juery-noctambio-marche-gourmand\/#primaryimage\",\"url\":\"http:\/\/albivillecomestible.fr\/wp-content\/uploads\/2019\/09\/noctambio-23-2019.jpg\",\"contentUrl\":\"http:\/\/albivillecomestible.fr\/wp-content\/uploads\/2019\/09\/noctambio-23-2019.jpg\"},{\"@type\":\"BreadcrumbList\",\"@id\":\"https:\/\/terrescitoyennes.org\/index.php\/2019\/09\/12\/lundi-23-septembre-a-partir-de-18h-a-saint-juery-noctambio-marche-gourmand\/#breadcrumb\",\"itemListElement\":[{\"@type\":\"ListItem\",\"position\":1,\"name\":\"Accueil\",\"item\":\"https:\/\/terrescitoyennes.org\/\"},{\"@type\":\"ListItem\",\"position\":2,\"name\":\"Lundi 23 septembre \u00e0 partir de 18h \u00e0 Saint-Ju\u00e9ry : Noctambio + March\u00e9 gourmand !\"}]},{\"@type\":\"WebSite\",\"@id\":\"https:\/\/terrescitoyennes.org\/#website\",\"url\":\"https:\/\/terrescitoyennes.org\/\",\"name\":\"Terres Citoyennes Albigeoises\",\"description\":\"\",\"publisher\":{\"@id\":\"https:\/\/terrescitoyennes.org\/#organization\"},\"potentialAction\":[{\"@type\":\"SearchAction\",\"target\":{\"@type\":\"EntryPoint\",\"urlTemplate\":\"https:\/\/terrescitoyennes.org\/?s={search_term_string}\"},\"query-input\":{\"@type\":\"PropertyValueSpecification\",\"valueRequired\":true,\"valueName\":\"search_term_string\"}}],\"inLanguage\":\"fr-FR\"},{\"@type\":\"Organization\",\"@id\":\"https:\/\/terrescitoyennes.org\/#organization\",\"name\":\"Terres Citoyennes Albigeoises\",\"url\":\"https:\/\/terrescitoyennes.org\/\",\"logo\":{\"@type\":\"ImageObject\",\"inLanguage\":\"fr-FR\",\"@id\":\"https:\/\/terrescitoyennes.org\/#\/schema\/logo\/image\/\",\"url\":\"https:\/\/terrescitoyennes.org\/wp-content\/uploads\/2020\/05\/LOGO-TC-propo-01.png\",\"contentUrl\":\"https:\/\/terrescitoyennes.org\/wp-content\/uploads\/2020\/05\/LOGO-TC-propo-01.png\",\"width\":519,\"height\":459,\"caption\":\"Terres Citoyennes Albigeoises\"},\"image\":{\"@id\":\"https:\/\/terrescitoyennes.org\/#\/schema\/logo\/image\/\"},\"sameAs\":[\"https:\/\/www.facebook.com\/Terres-citoyennes-albigeoises-513479312353377\/\"]},{\"@type\":\"Person\",\"@id\":\"https:\/\/terrescitoyennes.org\/#\/schema\/person\/e0960d6781bbeb4a308a46f01ba3d382\",\"name\":\"La r\u00e9daction\",\"image\":{\"@type\":\"ImageObject\",\"inLanguage\":\"fr-FR\",\"@id\":\"https:\/\/terrescitoyennes.org\/#\/schema\/person\/image\/\",\"url\":\"https:\/\/secure.gravatar.com\/avatar\/d799b7c652906e899d85a27d9adbcc8a?s=96&d=mm&r=g\",\"contentUrl\":\"https:\/\/secure.gravatar.com\/avatar\/d799b7c652906e899d85a27d9adbcc8a?s=96&d=mm&r=g\",\"caption\":\"La r\u00e9daction\"},\"url\":\"https:\/\/terrescitoyennes.org\/index.php\/author\/pascal-henry-albi\/\"}]}<\/script>\n<!-- \/ Yoast SEO plugin. -->","yoast_head_json":{"title":"Lundi 23 septembre \u00e0 partir de 18h \u00e0 Saint-Ju\u00e9ry : Noctambio + March\u00e9 gourmand ! - Terres citoyennes albigeoises","robots":{"index":"index","follow":"follow","max-snippet":"max-snippet:-1","max-image-preview":"max-image-preview:large","max-video-preview":"max-video-preview:-1"},"canonical":"https:\/\/terrescitoyennes.org\/index.php\/2019\/09\/12\/lundi-23-septembre-a-partir-de-18h-a-saint-juery-noctambio-marche-gourmand\/","og_locale":"fr_FR","og_type":"article","og_title":"Lundi 23 septembre \u00e0 partir de 18h \u00e0 Saint-Ju\u00e9ry : Noctambio + March\u00e9 gourmand ! - Terres citoyennes albigeoises","og_description":"Le march\u00e9 noctambio, \u00e0 Saint-Ju\u00e9ry, c&rsquo;est tous les lundis. Mais lundi 23 septembre, le noctambio se transformera en march\u00e9 gourmand ! C&rsquo;est l&rsquo;occasion de rencontrer les productrices et producteurs de ce march\u00e9 100% Agriculture Biologique et\/ou Nature &amp; Progr\u00e8s !","og_url":"https:\/\/terrescitoyennes.org\/index.php\/2019\/09\/12\/lundi-23-septembre-a-partir-de-18h-a-saint-juery-noctambio-marche-gourmand\/","og_site_name":"Terres citoyennes albigeoises","article_publisher":"https:\/\/www.facebook.com\/Terres-citoyennes-albigeoises-513479312353377\/","article_published_time":"2019-09-12T06:01:36+00:00","og_image":[{"url":"http:\/\/albivillecomestible.fr\/wp-content\/uploads\/2019\/09\/noctambio-23-2019.jpg"}],"author":"La r\u00e9daction","twitter_card":"summary_large_image","twitter_misc":{"\u00c9crit par":"La r\u00e9daction"},"schema":{"@context":"https:\/\/schema.org","@graph":[{"@type":"Article","@id":"https:\/\/terrescitoyennes.org\/index.php\/2019\/09\/12\/lundi-23-septembre-a-partir-de-18h-a-saint-juery-noctambio-marche-gourmand\/#article","isPartOf":{"@id":"https:\/\/terrescitoyennes.org\/index.php\/2019\/09\/12\/lundi-23-septembre-a-partir-de-18h-a-saint-juery-noctambio-marche-gourmand\/"},"author":{"name":"La r\u00e9daction","@id":"https:\/\/terrescitoyennes.org\/#\/schema\/person\/e0960d6781bbeb4a308a46f01ba3d382"},"headline":"Lundi 23 septembre \u00e0 partir de 18h \u00e0 Saint-Ju\u00e9ry : Noctambio + March\u00e9 gourmand !","datePublished":"2019-09-12T06:01:36+00:00","dateModified":"2019-09-12T06:01:36+00:00","mainEntityOfPage":{"@id":"https:\/\/terrescitoyennes.org\/index.php\/2019\/09\/12\/lundi-23-septembre-a-partir-de-18h-a-saint-juery-noctambio-marche-gourmand\/"},"wordCount":48,"publisher":{"@id":"https:\/\/terrescitoyennes.org\/#organization"},"image":{"@id":"https:\/\/terrescitoyennes.org\/index.php\/2019\/09\/12\/lundi-23-septembre-a-partir-de-18h-a-saint-juery-noctambio-marche-gourmand\/#primaryimage"},"thumbnailUrl":"http:\/\/albivillecomestible.fr\/wp-content\/uploads\/2019\/09\/noctambio-23-2019.jpg","inLanguage":"fr-FR"},{"@type":"WebPage","@id":"https:\/\/terrescitoyennes.org\/index.php\/2019\/09\/12\/lundi-23-septembre-a-partir-de-18h-a-saint-juery-noctambio-marche-gourmand\/","url":"https:\/\/terrescitoyennes.org\/index.php\/2019\/09\/12\/lundi-23-septembre-a-partir-de-18h-a-saint-juery-noctambio-marche-gourmand\/","name":"Lundi 23 septembre \u00e0 partir de 18h \u00e0 Saint-Ju\u00e9ry : Noctambio + March\u00e9 gourmand ! - Terres citoyennes albigeoises","isPartOf":{"@id":"https:\/\/terrescitoyennes.org\/#website"},"primaryImageOfPage":{"@id":"https:\/\/terrescitoyennes.org\/index.php\/2019\/09\/12\/lundi-23-septembre-a-partir-de-18h-a-saint-juery-noctambio-marche-gourmand\/#primaryimage"},"image":{"@id":"https:\/\/terrescitoyennes.org\/index.php\/2019\/09\/12\/lundi-23-septembre-a-partir-de-18h-a-saint-juery-noctambio-marche-gourmand\/#primaryimage"},"thumbnailUrl":"http:\/\/albivillecomestible.fr\/wp-content\/uploads\/2019\/09\/noctambio-23-2019.jpg","datePublished":"2019-09-12T06:01:36+00:00","dateModified":"2019-09-12T06:01:36+00:00","breadcrumb":{"@id":"https:\/\/terrescitoyennes.org\/index.php\/2019\/09\/12\/lundi-23-septembre-a-partir-de-18h-a-saint-juery-noctambio-marche-gourmand\/#breadcrumb"},"inLanguage":"fr-FR","potentialAction":[{"@type":"ReadAction","target":["https:\/\/terrescitoyennes.org\/index.php\/2019\/09\/12\/lundi-23-septembre-a-partir-de-18h-a-saint-juery-noctambio-marche-gourmand\/"]}]},{"@type":"ImageObject","inLanguage":"fr-FR","@id":"https:\/\/terrescitoyennes.org\/index.php\/2019\/09\/12\/lundi-23-septembre-a-partir-de-18h-a-saint-juery-noctambio-marche-gourmand\/#primaryimage","url":"http:\/\/albivillecomestible.fr\/wp-content\/uploads\/2019\/09\/noctambio-23-2019.jpg","contentUrl":"http:\/\/albivillecomestible.fr\/wp-content\/uploads\/2019\/09\/noctambio-23-2019.jpg"},{"@type":"BreadcrumbList","@id":"https:\/\/terrescitoyennes.org\/index.php\/2019\/09\/12\/lundi-23-septembre-a-partir-de-18h-a-saint-juery-noctambio-marche-gourmand\/#breadcrumb","itemListElement":[{"@type":"ListItem","position":1,"name":"Accueil","item":"https:\/\/terrescitoyennes.org\/"},{"@type":"ListItem","position":2,"name":"Lundi 23 septembre \u00e0 partir de 18h \u00e0 Saint-Ju\u00e9ry : Noctambio + March\u00e9 gourmand !"}]},{"@type":"WebSite","@id":"https:\/\/terrescitoyennes.org\/#website","url":"https:\/\/terrescitoyennes.org\/","name":"Terres Citoyennes Albigeoises","description":"","publisher":{"@id":"https:\/\/terrescitoyennes.org\/#organization"},"potentialAction":[{"@type":"SearchAction","target":{"@type":"EntryPoint","urlTemplate":"https:\/\/terrescitoyennes.org\/?s={search_term_string}"},"query-input":{"@type":"PropertyValueSpecification","valueRequired":true,"valueName":"search_term_string"}}],"inLanguage":"fr-FR"},{"@type":"Organization","@id":"https:\/\/terrescitoyennes.org\/#organization","name":"Terres Citoyennes Albigeoises","url":"https:\/\/terrescitoyennes.org\/","logo":{"@type":"ImageObject","inLanguage":"fr-FR","@id":"https:\/\/terrescitoyennes.org\/#\/schema\/logo\/image\/","url":"https:\/\/terrescitoyennes.org\/wp-content\/uploads\/2020\/05\/LOGO-TC-propo-01.png","contentUrl":"https:\/\/terrescitoyennes.org\/wp-content\/uploads\/2020\/05\/LOGO-TC-propo-01.png","width":519,"height":459,"caption":"Terres Citoyennes Albigeoises"},"image":{"@id":"https:\/\/terrescitoyennes.org\/#\/schema\/logo\/image\/"},"sameAs":["https:\/\/www.facebook.com\/Terres-citoyennes-albigeoises-513479312353377\/"]},{"@type":"Person","@id":"https:\/\/terrescitoyennes.org\/#\/schema\/person\/e0960d6781bbeb4a308a46f01ba3d382","name":"La r\u00e9daction","image":{"@type":"ImageObject","inLanguage":"fr-FR","@id":"https:\/\/terrescitoyennes.org\/#\/schema\/person\/image\/","url":"https:\/\/secure.gravatar.com\/avatar\/d799b7c652906e899d85a27d9adbcc8a?s=96&d=mm&r=g","contentUrl":"https:\/\/secure.gravatar.com\/avatar\/d799b7c652906e899d85a27d9adbcc8a?s=96&d=mm&r=g","caption":"La r\u00e9daction"},"url":"https:\/\/terrescitoyennes.org\/index.php\/author\/pascal-henry-albi\/"}]}},"_links":{"self":[{"href":"https:\/\/terrescitoyennes.org\/index.php\/wp-json\/wp\/v2\/posts\/1650"}],"collection":[{"href":"https:\/\/terrescitoyennes.org\/index.php\/wp-json\/wp\/v2\/posts"}],"about":[{"href":"https:\/\/terrescitoyennes.org\/index.php\/wp-json\/wp\/v2\/types\/post"}],"author":[{"embeddable":true,"href":"https:\/\/terrescitoyennes.org\/index.php\/wp-json\/wp\/v2\/users\/3"}],"replies":[{"embeddable":true,"href":"https:\/\/terrescitoyennes.org\/index.php\/wp-json\/wp\/v2\/comments?post=1650"}],"version-history":[{"count":0,"href":"https:\/\/terrescitoyennes.org\/index.php\/wp-json\/wp\/v2\/posts\/1650\/revisions"}],"wp:attachment":[{"href":"https:\/\/terrescitoyennes.org\/index.php\/wp-json\/wp\/v2\/media?parent=1650"}],"wp:term":[{"taxonomy":"category","embeddable":true,"href":"https:\/\/terrescitoyennes.org\/index.php\/wp-json\/wp\/v2\/categories?post=1650"},{"taxonomy":"post_tag","embeddable":true,"href":"https:\/\/terrescitoyennes.org\/index.php\/wp-json\/wp\/v2\/tags?post=1650"}],"curies":[{"name":"wp","href":"https:\/\/api.w.org\/{rel}","templated":true}]}}