{"id":1675,"date":"2019-09-19T09:15:07","date_gmt":"2019-09-19T07:15:07","guid":{"rendered":"http:\/\/albivillecomestible.fr\/?p=1675"},"modified":"2019-09-19T09:15:07","modified_gmt":"2019-09-19T07:15:07","slug":"dimanche-6-octobre-de-10h-a-18h-chantier-participatif-a-la-ferme-chez-ernst-eva-a-rivieres","status":"publish","type":"post","link":"https:\/\/terrescitoyennes.org\/index.php\/2019\/09\/19\/dimanche-6-octobre-de-10h-a-18h-chantier-participatif-a-la-ferme-chez-ernst-eva-a-rivieres\/","title":{"rendered":"Dimanche 6 octobre de 10h \u00e0 18h : chantier participatif \u00e0 la ferme, chez Ernst &#038; Eva, \u00e0 Rivi\u00e8res!"},"content":{"rendered":"<p><img loading=\"lazy\" decoding=\"async\" class=\"aligncenter size-large wp-image-1676\" src=\"http:\/\/albivillecomestible.fr\/wp-content\/uploads\/2019\/09\/ernst-et-eva-1024x938.jpg\" alt=\"\" width=\"525\" height=\"481\" srcset=\"https:\/\/terrescitoyennes.org\/wp-content\/uploads\/2019\/09\/ernst-et-eva-1024x938.jpg 1024w, https:\/\/terrescitoyennes.org\/wp-content\/uploads\/2019\/09\/ernst-et-eva-300x275.jpg 300w, https:\/\/terrescitoyennes.org\/wp-content\/uploads\/2019\/09\/ernst-et-eva-768x704.jpg 768w, https:\/\/terrescitoyennes.org\/wp-content\/uploads\/2019\/09\/ernst-et-eva.jpg 1600w\" sizes=\"(max-width: 525px) 100vw, 525px\" \/><\/p>\n<p>Dimanche 6 octobre 2019, nous vous proposons de participer \u00e0 un chantier \u00e0 la ferme, chez Ernst et Eva, \u00e0 Rivi\u00e8res.<\/p>\n<p>Ernst et Eva, ce sont les jeunes mara\u00eechers en cours d&rsquo;installation sur les terres de \u00ab\u00a0Terre de Rivi\u00e8res\u00a0\u00bb. Le chantier de dimanche se d\u00e9roulera au si\u00e8ge de leur ferme \u00ab\u00a0Les racines au carr\u00e9\u00a0\u00bb, toute la journ\u00e9e. Il consistera principalement \u00e0 installer des serres.<\/p>\n<p>Le chantier est pr\u00e9vu de 10h \u00e0 18h. Vous pouvez rejoindre le chantier le matin et\/ou l&rsquo;apr\u00e8s midi, sans contrainte d&rsquo;horaires.<\/p>\n<p>Le midi, Ernst &amp; Eva pr\u00e9parent une base pour le repas, et chacun\u00b7e peut compl\u00e9ter en apportant quelque chose.<\/p>\n<p>Nous terminerons la journ\u00e9e par un ap\u00e9ro festif pour c\u00e9l\u00e9brer le travail accompli&#8230; et pr\u00e9voir des prochaines \u00e9tapes?<\/p>\n<p>Pour vous rendre chez Ernst et Eva, mieux vaut un dessin qu&rsquo;un long discours! Suivez le plan :<\/p>\n<p><img loading=\"lazy\" decoding=\"async\" class=\"aligncenter wp-image-1670 size-full\" src=\"http:\/\/albivillecomestible.fr\/wp-content\/uploads\/2019\/09\/plan-dacc\u00e8s-Gaec.jpg\" alt=\"\" width=\"2500\" height=\"1222\" srcset=\"https:\/\/terrescitoyennes.org\/wp-content\/uploads\/2019\/09\/plan-dacc\u00e8s-Gaec.jpg 2500w, https:\/\/terrescitoyennes.org\/wp-content\/uploads\/2019\/09\/plan-dacc\u00e8s-Gaec-300x147.jpg 300w, https:\/\/terrescitoyennes.org\/wp-content\/uploads\/2019\/09\/plan-dacc\u00e8s-Gaec-768x375.jpg 768w, https:\/\/terrescitoyennes.org\/wp-content\/uploads\/2019\/09\/plan-dacc\u00e8s-Gaec-1024x501.jpg 1024w\" sizes=\"(max-width: 2500px) 100vw, 2500px\" \/><\/p>\n<p>Si vous \u00eates int\u00e9ress\u00e9\u00b7e\u00b7s pour participer \u00e0 ce chantier, n&rsquo;h\u00e9sitez pas \u00e0 nous en faire part : <a href=\"mailto:contact@albivillecomestible.fr\" target=\"_blank\" rel=\"noopener\">contact@albivillecomestible.fr<\/a><\/p>\n","protected":false},"excerpt":{"rendered":"<p>Dimanche 6 octobre 2019, nous vous proposons de participer \u00e0 un chantier \u00e0 la ferme, chez Ernst et Eva, \u00e0 Rivi\u00e8res. Ernst et Eva, ce sont les jeunes mara\u00eechers en cours d&rsquo;installation sur les terres de \u00ab\u00a0Terre de Rivi\u00e8res\u00a0\u00bb. Le chantier de dimanche se d\u00e9roulera au si\u00e8ge de leur ferme \u00ab\u00a0Les racines au carr\u00e9\u00a0\u00bb, toute [&hellip;]<\/p>\n","protected":false},"author":3,"featured_media":0,"comment_status":"closed","ping_status":"closed","sticky":false,"template":"","format":"standard","meta":{"footnotes":""},"categories":[1],"tags":[],"yoast_head":"<!-- This site is optimized with the Yoast SEO plugin v23.5 - https:\/\/yoast.com\/wordpress\/plugins\/seo\/ -->\n<title>Dimanche 6 octobre de 10h \u00e0 18h : chantier participatif \u00e0 la ferme, chez Ernst &amp; Eva, \u00e0 Rivi\u00e8res! - Terres citoyennes albigeoises<\/title>\n<meta name=\"robots\" content=\"index, follow, max-snippet:-1, max-image-preview:large, max-video-preview:-1\" \/>\n<link rel=\"canonical\" href=\"https:\/\/terrescitoyennes.org\/index.php\/2019\/09\/19\/dimanche-6-octobre-de-10h-a-18h-chantier-participatif-a-la-ferme-chez-ernst-eva-a-rivieres\/\" \/>\n<meta property=\"og:locale\" content=\"fr_FR\" \/>\n<meta property=\"og:type\" content=\"article\" \/>\n<meta property=\"og:title\" content=\"Dimanche 6 octobre de 10h \u00e0 18h : chantier participatif \u00e0 la ferme, chez Ernst &amp; Eva, \u00e0 Rivi\u00e8res! - Terres citoyennes albigeoises\" \/>\n<meta property=\"og:description\" content=\"Dimanche 6 octobre 2019, nous vous proposons de participer \u00e0 un chantier \u00e0 la ferme, chez Ernst et Eva, \u00e0 Rivi\u00e8res. Ernst et Eva, ce sont les jeunes mara\u00eechers en cours d&rsquo;installation sur les terres de \u00ab\u00a0Terre de Rivi\u00e8res\u00a0\u00bb. Le chantier de dimanche se d\u00e9roulera au si\u00e8ge de leur ferme \u00ab\u00a0Les racines au carr\u00e9\u00a0\u00bb, toute [&hellip;]\" \/>\n<meta property=\"og:url\" content=\"https:\/\/terrescitoyennes.org\/index.php\/2019\/09\/19\/dimanche-6-octobre-de-10h-a-18h-chantier-participatif-a-la-ferme-chez-ernst-eva-a-rivieres\/\" \/>\n<meta property=\"og:site_name\" content=\"Terres citoyennes albigeoises\" \/>\n<meta property=\"article:publisher\" content=\"https:\/\/www.facebook.com\/Terres-citoyennes-albigeoises-513479312353377\/\" \/>\n<meta property=\"article:published_time\" content=\"2019-09-19T07:15:07+00:00\" \/>\n<meta property=\"og:image\" content=\"http:\/\/albivillecomestible.fr\/wp-content\/uploads\/2019\/09\/ernst-et-eva-1024x938.jpg\" \/>\n<meta name=\"author\" content=\"La r\u00e9daction\" \/>\n<meta name=\"twitter:card\" content=\"summary_large_image\" \/>\n<meta name=\"twitter:label1\" content=\"\u00c9crit par\" \/>\n\t<meta name=\"twitter:data1\" content=\"La r\u00e9daction\" \/>\n\t<meta name=\"twitter:label2\" content=\"Dur\u00e9e de lecture estim\u00e9e\" \/>\n\t<meta name=\"twitter:data2\" content=\"1 minute\" \/>\n<script type=\"application\/ld+json\" class=\"yoast-schema-graph\">{\"@context\":\"https:\/\/schema.org\",\"@graph\":[{\"@type\":\"Article\",\"@id\":\"https:\/\/terrescitoyennes.org\/index.php\/2019\/09\/19\/dimanche-6-octobre-de-10h-a-18h-chantier-participatif-a-la-ferme-chez-ernst-eva-a-rivieres\/#article\",\"isPartOf\":{\"@id\":\"https:\/\/terrescitoyennes.org\/index.php\/2019\/09\/19\/dimanche-6-octobre-de-10h-a-18h-chantier-participatif-a-la-ferme-chez-ernst-eva-a-rivieres\/\"},\"author\":{\"name\":\"La r\u00e9daction\",\"@id\":\"https:\/\/terrescitoyennes.org\/#\/schema\/person\/e0960d6781bbeb4a308a46f01ba3d382\"},\"headline\":\"Dimanche 6 octobre de 10h \u00e0 18h : chantier participatif \u00e0 la ferme, chez Ernst &#038; Eva, \u00e0 Rivi\u00e8res!\",\"datePublished\":\"2019-09-19T07:15:07+00:00\",\"dateModified\":\"2019-09-19T07:15:07+00:00\",\"mainEntityOfPage\":{\"@id\":\"https:\/\/terrescitoyennes.org\/index.php\/2019\/09\/19\/dimanche-6-octobre-de-10h-a-18h-chantier-participatif-a-la-ferme-chez-ernst-eva-a-rivieres\/\"},\"wordCount\":184,\"publisher\":{\"@id\":\"https:\/\/terrescitoyennes.org\/#organization\"},\"image\":{\"@id\":\"https:\/\/terrescitoyennes.org\/index.php\/2019\/09\/19\/dimanche-6-octobre-de-10h-a-18h-chantier-participatif-a-la-ferme-chez-ernst-eva-a-rivieres\/#primaryimage\"},\"thumbnailUrl\":\"http:\/\/albivillecomestible.fr\/wp-content\/uploads\/2019\/09\/ernst-et-eva-1024x938.jpg\",\"inLanguage\":\"fr-FR\"},{\"@type\":\"WebPage\",\"@id\":\"https:\/\/terrescitoyennes.org\/index.php\/2019\/09\/19\/dimanche-6-octobre-de-10h-a-18h-chantier-participatif-a-la-ferme-chez-ernst-eva-a-rivieres\/\",\"url\":\"https:\/\/terrescitoyennes.org\/index.php\/2019\/09\/19\/dimanche-6-octobre-de-10h-a-18h-chantier-participatif-a-la-ferme-chez-ernst-eva-a-rivieres\/\",\"name\":\"Dimanche 6 octobre de 10h \u00e0 18h : chantier participatif \u00e0 la ferme, chez Ernst & Eva, \u00e0 Rivi\u00e8res! - Terres citoyennes albigeoises\",\"isPartOf\":{\"@id\":\"https:\/\/terrescitoyennes.org\/#website\"},\"primaryImageOfPage\":{\"@id\":\"https:\/\/terrescitoyennes.org\/index.php\/2019\/09\/19\/dimanche-6-octobre-de-10h-a-18h-chantier-participatif-a-la-ferme-chez-ernst-eva-a-rivieres\/#primaryimage\"},\"image\":{\"@id\":\"https:\/\/terrescitoyennes.org\/index.php\/2019\/09\/19\/dimanche-6-octobre-de-10h-a-18h-chantier-participatif-a-la-ferme-chez-ernst-eva-a-rivieres\/#primaryimage\"},\"thumbnailUrl\":\"http:\/\/albivillecomestible.fr\/wp-content\/uploads\/2019\/09\/ernst-et-eva-1024x938.jpg\",\"datePublished\":\"2019-09-19T07:15:07+00:00\",\"dateModified\":\"2019-09-19T07:15:07+00:00\",\"breadcrumb\":{\"@id\":\"https:\/\/terrescitoyennes.org\/index.php\/2019\/09\/19\/dimanche-6-octobre-de-10h-a-18h-chantier-participatif-a-la-ferme-chez-ernst-eva-a-rivieres\/#breadcrumb\"},\"inLanguage\":\"fr-FR\",\"potentialAction\":[{\"@type\":\"ReadAction\",\"target\":[\"https:\/\/terrescitoyennes.org\/index.php\/2019\/09\/19\/dimanche-6-octobre-de-10h-a-18h-chantier-participatif-a-la-ferme-chez-ernst-eva-a-rivieres\/\"]}]},{\"@type\":\"ImageObject\",\"inLanguage\":\"fr-FR\",\"@id\":\"https:\/\/terrescitoyennes.org\/index.php\/2019\/09\/19\/dimanche-6-octobre-de-10h-a-18h-chantier-participatif-a-la-ferme-chez-ernst-eva-a-rivieres\/#primaryimage\",\"url\":\"http:\/\/albivillecomestible.fr\/wp-content\/uploads\/2019\/09\/ernst-et-eva-1024x938.jpg\",\"contentUrl\":\"http:\/\/albivillecomestible.fr\/wp-content\/uploads\/2019\/09\/ernst-et-eva-1024x938.jpg\"},{\"@type\":\"BreadcrumbList\",\"@id\":\"https:\/\/terrescitoyennes.org\/index.php\/2019\/09\/19\/dimanche-6-octobre-de-10h-a-18h-chantier-participatif-a-la-ferme-chez-ernst-eva-a-rivieres\/#breadcrumb\",\"itemListElement\":[{\"@type\":\"ListItem\",\"position\":1,\"name\":\"Accueil\",\"item\":\"https:\/\/terrescitoyennes.org\/\"},{\"@type\":\"ListItem\",\"position\":2,\"name\":\"Dimanche 6 octobre de 10h \u00e0 18h : chantier participatif \u00e0 la ferme, chez Ernst &#038; Eva, \u00e0 Rivi\u00e8res!\"}]},{\"@type\":\"WebSite\",\"@id\":\"https:\/\/terrescitoyennes.org\/#website\",\"url\":\"https:\/\/terrescitoyennes.org\/\",\"name\":\"Terres Citoyennes Albigeoises\",\"description\":\"\",\"publisher\":{\"@id\":\"https:\/\/terrescitoyennes.org\/#organization\"},\"potentialAction\":[{\"@type\":\"SearchAction\",\"target\":{\"@type\":\"EntryPoint\",\"urlTemplate\":\"https:\/\/terrescitoyennes.org\/?s={search_term_string}\"},\"query-input\":{\"@type\":\"PropertyValueSpecification\",\"valueRequired\":true,\"valueName\":\"search_term_string\"}}],\"inLanguage\":\"fr-FR\"},{\"@type\":\"Organization\",\"@id\":\"https:\/\/terrescitoyennes.org\/#organization\",\"name\":\"Terres Citoyennes Albigeoises\",\"url\":\"https:\/\/terrescitoyennes.org\/\",\"logo\":{\"@type\":\"ImageObject\",\"inLanguage\":\"fr-FR\",\"@id\":\"https:\/\/terrescitoyennes.org\/#\/schema\/logo\/image\/\",\"url\":\"https:\/\/terrescitoyennes.org\/wp-content\/uploads\/2020\/05\/LOGO-TC-propo-01.png\",\"contentUrl\":\"https:\/\/terrescitoyennes.org\/wp-content\/uploads\/2020\/05\/LOGO-TC-propo-01.png\",\"width\":519,\"height\":459,\"caption\":\"Terres Citoyennes Albigeoises\"},\"image\":{\"@id\":\"https:\/\/terrescitoyennes.org\/#\/schema\/logo\/image\/\"},\"sameAs\":[\"https:\/\/www.facebook.com\/Terres-citoyennes-albigeoises-513479312353377\/\"]},{\"@type\":\"Person\",\"@id\":\"https:\/\/terrescitoyennes.org\/#\/schema\/person\/e0960d6781bbeb4a308a46f01ba3d382\",\"name\":\"La r\u00e9daction\",\"image\":{\"@type\":\"ImageObject\",\"inLanguage\":\"fr-FR\",\"@id\":\"https:\/\/terrescitoyennes.org\/#\/schema\/person\/image\/\",\"url\":\"https:\/\/secure.gravatar.com\/avatar\/d799b7c652906e899d85a27d9adbcc8a?s=96&d=mm&r=g\",\"contentUrl\":\"https:\/\/secure.gravatar.com\/avatar\/d799b7c652906e899d85a27d9adbcc8a?s=96&d=mm&r=g\",\"caption\":\"La r\u00e9daction\"},\"url\":\"https:\/\/terrescitoyennes.org\/index.php\/author\/pascal-henry-albi\/\"}]}<\/script>\n<!-- \/ Yoast SEO plugin. -->","yoast_head_json":{"title":"Dimanche 6 octobre de 10h \u00e0 18h : chantier participatif \u00e0 la ferme, chez Ernst & Eva, \u00e0 Rivi\u00e8res! - Terres citoyennes albigeoises","robots":{"index":"index","follow":"follow","max-snippet":"max-snippet:-1","max-image-preview":"max-image-preview:large","max-video-preview":"max-video-preview:-1"},"canonical":"https:\/\/terrescitoyennes.org\/index.php\/2019\/09\/19\/dimanche-6-octobre-de-10h-a-18h-chantier-participatif-a-la-ferme-chez-ernst-eva-a-rivieres\/","og_locale":"fr_FR","og_type":"article","og_title":"Dimanche 6 octobre de 10h \u00e0 18h : chantier participatif \u00e0 la ferme, chez Ernst & Eva, \u00e0 Rivi\u00e8res! - Terres citoyennes albigeoises","og_description":"Dimanche 6 octobre 2019, nous vous proposons de participer \u00e0 un chantier \u00e0 la ferme, chez Ernst et Eva, \u00e0 Rivi\u00e8res. Ernst et Eva, ce sont les jeunes mara\u00eechers en cours d&rsquo;installation sur les terres de \u00ab\u00a0Terre de Rivi\u00e8res\u00a0\u00bb. Le chantier de dimanche se d\u00e9roulera au si\u00e8ge de leur ferme \u00ab\u00a0Les racines au carr\u00e9\u00a0\u00bb, toute [&hellip;]","og_url":"https:\/\/terrescitoyennes.org\/index.php\/2019\/09\/19\/dimanche-6-octobre-de-10h-a-18h-chantier-participatif-a-la-ferme-chez-ernst-eva-a-rivieres\/","og_site_name":"Terres citoyennes albigeoises","article_publisher":"https:\/\/www.facebook.com\/Terres-citoyennes-albigeoises-513479312353377\/","article_published_time":"2019-09-19T07:15:07+00:00","og_image":[{"url":"http:\/\/albivillecomestible.fr\/wp-content\/uploads\/2019\/09\/ernst-et-eva-1024x938.jpg"}],"author":"La r\u00e9daction","twitter_card":"summary_large_image","twitter_misc":{"\u00c9crit par":"La r\u00e9daction","Dur\u00e9e de lecture estim\u00e9e":"1 minute"},"schema":{"@context":"https:\/\/schema.org","@graph":[{"@type":"Article","@id":"https:\/\/terrescitoyennes.org\/index.php\/2019\/09\/19\/dimanche-6-octobre-de-10h-a-18h-chantier-participatif-a-la-ferme-chez-ernst-eva-a-rivieres\/#article","isPartOf":{"@id":"https:\/\/terrescitoyennes.org\/index.php\/2019\/09\/19\/dimanche-6-octobre-de-10h-a-18h-chantier-participatif-a-la-ferme-chez-ernst-eva-a-rivieres\/"},"author":{"name":"La r\u00e9daction","@id":"https:\/\/terrescitoyennes.org\/#\/schema\/person\/e0960d6781bbeb4a308a46f01ba3d382"},"headline":"Dimanche 6 octobre de 10h \u00e0 18h : chantier participatif \u00e0 la ferme, chez Ernst &#038; Eva, \u00e0 Rivi\u00e8res!","datePublished":"2019-09-19T07:15:07+00:00","dateModified":"2019-09-19T07:15:07+00:00","mainEntityOfPage":{"@id":"https:\/\/terrescitoyennes.org\/index.php\/2019\/09\/19\/dimanche-6-octobre-de-10h-a-18h-chantier-participatif-a-la-ferme-chez-ernst-eva-a-rivieres\/"},"wordCount":184,"publisher":{"@id":"https:\/\/terrescitoyennes.org\/#organization"},"image":{"@id":"https:\/\/terrescitoyennes.org\/index.php\/2019\/09\/19\/dimanche-6-octobre-de-10h-a-18h-chantier-participatif-a-la-ferme-chez-ernst-eva-a-rivieres\/#primaryimage"},"thumbnailUrl":"http:\/\/albivillecomestible.fr\/wp-content\/uploads\/2019\/09\/ernst-et-eva-1024x938.jpg","inLanguage":"fr-FR"},{"@type":"WebPage","@id":"https:\/\/terrescitoyennes.org\/index.php\/2019\/09\/19\/dimanche-6-octobre-de-10h-a-18h-chantier-participatif-a-la-ferme-chez-ernst-eva-a-rivieres\/","url":"https:\/\/terrescitoyennes.org\/index.php\/2019\/09\/19\/dimanche-6-octobre-de-10h-a-18h-chantier-participatif-a-la-ferme-chez-ernst-eva-a-rivieres\/","name":"Dimanche 6 octobre de 10h \u00e0 18h : chantier participatif \u00e0 la ferme, chez Ernst & Eva, \u00e0 Rivi\u00e8res! - Terres citoyennes albigeoises","isPartOf":{"@id":"https:\/\/terrescitoyennes.org\/#website"},"primaryImageOfPage":{"@id":"https:\/\/terrescitoyennes.org\/index.php\/2019\/09\/19\/dimanche-6-octobre-de-10h-a-18h-chantier-participatif-a-la-ferme-chez-ernst-eva-a-rivieres\/#primaryimage"},"image":{"@id":"https:\/\/terrescitoyennes.org\/index.php\/2019\/09\/19\/dimanche-6-octobre-de-10h-a-18h-chantier-participatif-a-la-ferme-chez-ernst-eva-a-rivieres\/#primaryimage"},"thumbnailUrl":"http:\/\/albivillecomestible.fr\/wp-content\/uploads\/2019\/09\/ernst-et-eva-1024x938.jpg","datePublished":"2019-09-19T07:15:07+00:00","dateModified":"2019-09-19T07:15:07+00:00","breadcrumb":{"@id":"https:\/\/terrescitoyennes.org\/index.php\/2019\/09\/19\/dimanche-6-octobre-de-10h-a-18h-chantier-participatif-a-la-ferme-chez-ernst-eva-a-rivieres\/#breadcrumb"},"inLanguage":"fr-FR","potentialAction":[{"@type":"ReadAction","target":["https:\/\/terrescitoyennes.org\/index.php\/2019\/09\/19\/dimanche-6-octobre-de-10h-a-18h-chantier-participatif-a-la-ferme-chez-ernst-eva-a-rivieres\/"]}]},{"@type":"ImageObject","inLanguage":"fr-FR","@id":"https:\/\/terrescitoyennes.org\/index.php\/2019\/09\/19\/dimanche-6-octobre-de-10h-a-18h-chantier-participatif-a-la-ferme-chez-ernst-eva-a-rivieres\/#primaryimage","url":"http:\/\/albivillecomestible.fr\/wp-content\/uploads\/2019\/09\/ernst-et-eva-1024x938.jpg","contentUrl":"http:\/\/albivillecomestible.fr\/wp-content\/uploads\/2019\/09\/ernst-et-eva-1024x938.jpg"},{"@type":"BreadcrumbList","@id":"https:\/\/terrescitoyennes.org\/index.php\/2019\/09\/19\/dimanche-6-octobre-de-10h-a-18h-chantier-participatif-a-la-ferme-chez-ernst-eva-a-rivieres\/#breadcrumb","itemListElement":[{"@type":"ListItem","position":1,"name":"Accueil","item":"https:\/\/terrescitoyennes.org\/"},{"@type":"ListItem","position":2,"name":"Dimanche 6 octobre de 10h \u00e0 18h : chantier participatif \u00e0 la ferme, chez Ernst &#038; Eva, \u00e0 Rivi\u00e8res!"}]},{"@type":"WebSite","@id":"https:\/\/terrescitoyennes.org\/#website","url":"https:\/\/terrescitoyennes.org\/","name":"Terres Citoyennes Albigeoises","description":"","publisher":{"@id":"https:\/\/terrescitoyennes.org\/#organization"},"potentialAction":[{"@type":"SearchAction","target":{"@type":"EntryPoint","urlTemplate":"https:\/\/terrescitoyennes.org\/?s={search_term_string}"},"query-input":{"@type":"PropertyValueSpecification","valueRequired":true,"valueName":"search_term_string"}}],"inLanguage":"fr-FR"},{"@type":"Organization","@id":"https:\/\/terrescitoyennes.org\/#organization","name":"Terres Citoyennes Albigeoises","url":"https:\/\/terrescitoyennes.org\/","logo":{"@type":"ImageObject","inLanguage":"fr-FR","@id":"https:\/\/terrescitoyennes.org\/#\/schema\/logo\/image\/","url":"https:\/\/terrescitoyennes.org\/wp-content\/uploads\/2020\/05\/LOGO-TC-propo-01.png","contentUrl":"https:\/\/terrescitoyennes.org\/wp-content\/uploads\/2020\/05\/LOGO-TC-propo-01.png","width":519,"height":459,"caption":"Terres Citoyennes Albigeoises"},"image":{"@id":"https:\/\/terrescitoyennes.org\/#\/schema\/logo\/image\/"},"sameAs":["https:\/\/www.facebook.com\/Terres-citoyennes-albigeoises-513479312353377\/"]},{"@type":"Person","@id":"https:\/\/terrescitoyennes.org\/#\/schema\/person\/e0960d6781bbeb4a308a46f01ba3d382","name":"La r\u00e9daction","image":{"@type":"ImageObject","inLanguage":"fr-FR","@id":"https:\/\/terrescitoyennes.org\/#\/schema\/person\/image\/","url":"https:\/\/secure.gravatar.com\/avatar\/d799b7c652906e899d85a27d9adbcc8a?s=96&d=mm&r=g","contentUrl":"https:\/\/secure.gravatar.com\/avatar\/d799b7c652906e899d85a27d9adbcc8a?s=96&d=mm&r=g","caption":"La r\u00e9daction"},"url":"https:\/\/terrescitoyennes.org\/index.php\/author\/pascal-henry-albi\/"}]}},"_links":{"self":[{"href":"https:\/\/terrescitoyennes.org\/index.php\/wp-json\/wp\/v2\/posts\/1675"}],"collection":[{"href":"https:\/\/terrescitoyennes.org\/index.php\/wp-json\/wp\/v2\/posts"}],"about":[{"href":"https:\/\/terrescitoyennes.org\/index.php\/wp-json\/wp\/v2\/types\/post"}],"author":[{"embeddable":true,"href":"https:\/\/terrescitoyennes.org\/index.php\/wp-json\/wp\/v2\/users\/3"}],"replies":[{"embeddable":true,"href":"https:\/\/terrescitoyennes.org\/index.php\/wp-json\/wp\/v2\/comments?post=1675"}],"version-history":[{"count":0,"href":"https:\/\/terrescitoyennes.org\/index.php\/wp-json\/wp\/v2\/posts\/1675\/revisions"}],"wp:attachment":[{"href":"https:\/\/terrescitoyennes.org\/index.php\/wp-json\/wp\/v2\/media?parent=1675"}],"wp:term":[{"taxonomy":"category","embeddable":true,"href":"https:\/\/terrescitoyennes.org\/index.php\/wp-json\/wp\/v2\/categories?post=1675"},{"taxonomy":"post_tag","embeddable":true,"href":"https:\/\/terrescitoyennes.org\/index.php\/wp-json\/wp\/v2\/tags?post=1675"}],"curies":[{"name":"wp","href":"https:\/\/api.w.org\/{rel}","templated":true}]}}