{"id":1756,"date":"2019-11-01T17:02:45","date_gmt":"2019-11-01T16:02:45","guid":{"rendered":"http:\/\/albivillecomestible.fr\/?p=1756"},"modified":"2019-11-01T17:02:45","modified_gmt":"2019-11-01T16:02:45","slug":"mercredi-6-novembre-a-10h-semis-de-la-collection-de-petanielle-a-cestayrols","status":"publish","type":"post","link":"https:\/\/terrescitoyennes.org\/index.php\/2019\/11\/01\/mercredi-6-novembre-a-10h-semis-de-la-collection-de-petanielle-a-cestayrols\/","title":{"rendered":"Dimanche 17 novembre \u00e0 14h : Semis de la collection de P\u00e9tanielle, \u00e0 Cestayrols"},"content":{"rendered":"<p><img loading=\"lazy\" decoding=\"async\" class=\"aligncenter wp-image-1195 size-full\" src=\"http:\/\/albivillecomestible.fr\/wp-content\/uploads\/2019\/01\/Logo-Peta2.jpg\" alt=\"\" width=\"500\" height=\"333\" srcset=\"https:\/\/terrescitoyennes.org\/wp-content\/uploads\/2019\/01\/Logo-Peta2.jpg 500w, https:\/\/terrescitoyennes.org\/wp-content\/uploads\/2019\/01\/Logo-Peta2-300x200.jpg 300w, https:\/\/terrescitoyennes.org\/wp-content\/uploads\/2019\/01\/Logo-Peta2-360x240.jpg 360w\" sizes=\"(max-width: 500px) 100vw, 500px\" \/><\/p>\n<p>Cette ann\u00e9e, la collection de P\u00e9tanielle sera sem\u00e9e pr\u00e8s de chez nous, \u00e0 Cestayrols, \u00e0 la ferme du paysan boulanger Thomas G\u00e9lin, \u00ab\u00a0Le fournil de la Monestari\u00e9\u00a0\u00bb.<\/p>\n<p>La collection sera sem\u00e9e dimanche 17 novembre \u00e0 14h.<\/p>\n<div dir=\"ltr\" data-setdir=\"false\">Le fournil de la Monestari\u00e9 se situe sur la commune de Cestayrols, au hameau de Lincarque, qui se situe sur la RD n\u00b01, entre Castelnau de L\u00e9vis et Cahuzac sur V\u00e8re. En venant d&rsquo;Albi via Castelnau de L\u00e9vis, au rond-point de Lincarque, prendre \u00e0 droite. Au bout de 200 \u00e0 300m, juste apr\u00e8s un carr\u00e9 de vigne, prendre un chemin de terre sur la gauche.<\/div>\n<div dir=\"ltr\" data-setdir=\"false\">Vous \u00eates arriv\u00e9s!<\/div>\n<div dir=\"ltr\" data-setdir=\"false\"><\/div>\n<div dir=\"ltr\" data-setdir=\"false\">Pour plus d&rsquo;infos, sur le site de l&rsquo;association P\u00e9tanielle : <a href=\"http:\/\/www.petanielle.org\/semis-de-la-collection-de-petanielle-2\/\" target=\"_blank\" rel=\"noopener\">http:\/\/www.petanielle.org\/semis-de-la-collection-de-petanielle-2\/<\/a><\/div>\n","protected":false},"excerpt":{"rendered":"<p>Cette ann\u00e9e, la collection de P\u00e9tanielle sera sem\u00e9e pr\u00e8s de chez nous, \u00e0 Cestayrols, \u00e0 la ferme du paysan boulanger Thomas G\u00e9lin, \u00ab\u00a0Le fournil de la Monestari\u00e9\u00a0\u00bb. La collection sera sem\u00e9e dimanche 17 novembre \u00e0 14h. Le fournil de la Monestari\u00e9 se situe sur la commune de Cestayrols, au hameau de Lincarque, qui se situe [&hellip;]<\/p>\n","protected":false},"author":3,"featured_media":0,"comment_status":"closed","ping_status":"closed","sticky":false,"template":"","format":"standard","meta":{"footnotes":""},"categories":[1],"tags":[],"yoast_head":"<!-- This site is optimized with the Yoast SEO plugin v23.5 - https:\/\/yoast.com\/wordpress\/plugins\/seo\/ -->\n<title>Dimanche 17 novembre \u00e0 14h : Semis de la collection de P\u00e9tanielle, \u00e0 Cestayrols - Terres citoyennes albigeoises<\/title>\n<meta name=\"robots\" content=\"index, follow, max-snippet:-1, max-image-preview:large, max-video-preview:-1\" \/>\n<link rel=\"canonical\" href=\"https:\/\/terrescitoyennes.org\/index.php\/2019\/11\/01\/mercredi-6-novembre-a-10h-semis-de-la-collection-de-petanielle-a-cestayrols\/\" \/>\n<meta property=\"og:locale\" content=\"fr_FR\" \/>\n<meta property=\"og:type\" content=\"article\" \/>\n<meta property=\"og:title\" content=\"Dimanche 17 novembre \u00e0 14h : Semis de la collection de P\u00e9tanielle, \u00e0 Cestayrols - Terres citoyennes albigeoises\" \/>\n<meta property=\"og:description\" content=\"Cette ann\u00e9e, la collection de P\u00e9tanielle sera sem\u00e9e pr\u00e8s de chez nous, \u00e0 Cestayrols, \u00e0 la ferme du paysan boulanger Thomas G\u00e9lin, \u00ab\u00a0Le fournil de la Monestari\u00e9\u00a0\u00bb. La collection sera sem\u00e9e dimanche 17 novembre \u00e0 14h. Le fournil de la Monestari\u00e9 se situe sur la commune de Cestayrols, au hameau de Lincarque, qui se situe [&hellip;]\" \/>\n<meta property=\"og:url\" content=\"https:\/\/terrescitoyennes.org\/index.php\/2019\/11\/01\/mercredi-6-novembre-a-10h-semis-de-la-collection-de-petanielle-a-cestayrols\/\" \/>\n<meta property=\"og:site_name\" content=\"Terres citoyennes albigeoises\" \/>\n<meta property=\"article:publisher\" content=\"https:\/\/www.facebook.com\/Terres-citoyennes-albigeoises-513479312353377\/\" \/>\n<meta property=\"article:published_time\" content=\"2019-11-01T16:02:45+00:00\" \/>\n<meta property=\"og:image\" content=\"http:\/\/albivillecomestible.fr\/wp-content\/uploads\/2019\/01\/Logo-Peta2.jpg\" \/>\n<meta name=\"author\" content=\"La r\u00e9daction\" \/>\n<meta name=\"twitter:card\" content=\"summary_large_image\" \/>\n<meta name=\"twitter:label1\" content=\"\u00c9crit par\" \/>\n\t<meta name=\"twitter:data1\" content=\"La r\u00e9daction\" \/>\n\t<meta name=\"twitter:label2\" content=\"Dur\u00e9e de lecture estim\u00e9e\" \/>\n\t<meta name=\"twitter:data2\" content=\"1 minute\" \/>\n<script type=\"application\/ld+json\" class=\"yoast-schema-graph\">{\"@context\":\"https:\/\/schema.org\",\"@graph\":[{\"@type\":\"Article\",\"@id\":\"https:\/\/terrescitoyennes.org\/index.php\/2019\/11\/01\/mercredi-6-novembre-a-10h-semis-de-la-collection-de-petanielle-a-cestayrols\/#article\",\"isPartOf\":{\"@id\":\"https:\/\/terrescitoyennes.org\/index.php\/2019\/11\/01\/mercredi-6-novembre-a-10h-semis-de-la-collection-de-petanielle-a-cestayrols\/\"},\"author\":{\"name\":\"La r\u00e9daction\",\"@id\":\"https:\/\/terrescitoyennes.org\/#\/schema\/person\/e0960d6781bbeb4a308a46f01ba3d382\"},\"headline\":\"Dimanche 17 novembre \u00e0 14h : Semis de la collection de P\u00e9tanielle, \u00e0 Cestayrols\",\"datePublished\":\"2019-11-01T16:02:45+00:00\",\"dateModified\":\"2019-11-01T16:02:45+00:00\",\"mainEntityOfPage\":{\"@id\":\"https:\/\/terrescitoyennes.org\/index.php\/2019\/11\/01\/mercredi-6-novembre-a-10h-semis-de-la-collection-de-petanielle-a-cestayrols\/\"},\"wordCount\":134,\"publisher\":{\"@id\":\"https:\/\/terrescitoyennes.org\/#organization\"},\"image\":{\"@id\":\"https:\/\/terrescitoyennes.org\/index.php\/2019\/11\/01\/mercredi-6-novembre-a-10h-semis-de-la-collection-de-petanielle-a-cestayrols\/#primaryimage\"},\"thumbnailUrl\":\"http:\/\/albivillecomestible.fr\/wp-content\/uploads\/2019\/01\/Logo-Peta2.jpg\",\"inLanguage\":\"fr-FR\"},{\"@type\":\"WebPage\",\"@id\":\"https:\/\/terrescitoyennes.org\/index.php\/2019\/11\/01\/mercredi-6-novembre-a-10h-semis-de-la-collection-de-petanielle-a-cestayrols\/\",\"url\":\"https:\/\/terrescitoyennes.org\/index.php\/2019\/11\/01\/mercredi-6-novembre-a-10h-semis-de-la-collection-de-petanielle-a-cestayrols\/\",\"name\":\"Dimanche 17 novembre \u00e0 14h : Semis de la collection de P\u00e9tanielle, \u00e0 Cestayrols - Terres citoyennes albigeoises\",\"isPartOf\":{\"@id\":\"https:\/\/terrescitoyennes.org\/#website\"},\"primaryImageOfPage\":{\"@id\":\"https:\/\/terrescitoyennes.org\/index.php\/2019\/11\/01\/mercredi-6-novembre-a-10h-semis-de-la-collection-de-petanielle-a-cestayrols\/#primaryimage\"},\"image\":{\"@id\":\"https:\/\/terrescitoyennes.org\/index.php\/2019\/11\/01\/mercredi-6-novembre-a-10h-semis-de-la-collection-de-petanielle-a-cestayrols\/#primaryimage\"},\"thumbnailUrl\":\"http:\/\/albivillecomestible.fr\/wp-content\/uploads\/2019\/01\/Logo-Peta2.jpg\",\"datePublished\":\"2019-11-01T16:02:45+00:00\",\"dateModified\":\"2019-11-01T16:02:45+00:00\",\"breadcrumb\":{\"@id\":\"https:\/\/terrescitoyennes.org\/index.php\/2019\/11\/01\/mercredi-6-novembre-a-10h-semis-de-la-collection-de-petanielle-a-cestayrols\/#breadcrumb\"},\"inLanguage\":\"fr-FR\",\"potentialAction\":[{\"@type\":\"ReadAction\",\"target\":[\"https:\/\/terrescitoyennes.org\/index.php\/2019\/11\/01\/mercredi-6-novembre-a-10h-semis-de-la-collection-de-petanielle-a-cestayrols\/\"]}]},{\"@type\":\"ImageObject\",\"inLanguage\":\"fr-FR\",\"@id\":\"https:\/\/terrescitoyennes.org\/index.php\/2019\/11\/01\/mercredi-6-novembre-a-10h-semis-de-la-collection-de-petanielle-a-cestayrols\/#primaryimage\",\"url\":\"http:\/\/albivillecomestible.fr\/wp-content\/uploads\/2019\/01\/Logo-Peta2.jpg\",\"contentUrl\":\"http:\/\/albivillecomestible.fr\/wp-content\/uploads\/2019\/01\/Logo-Peta2.jpg\"},{\"@type\":\"BreadcrumbList\",\"@id\":\"https:\/\/terrescitoyennes.org\/index.php\/2019\/11\/01\/mercredi-6-novembre-a-10h-semis-de-la-collection-de-petanielle-a-cestayrols\/#breadcrumb\",\"itemListElement\":[{\"@type\":\"ListItem\",\"position\":1,\"name\":\"Accueil\",\"item\":\"https:\/\/terrescitoyennes.org\/\"},{\"@type\":\"ListItem\",\"position\":2,\"name\":\"Dimanche 17 novembre \u00e0 14h : Semis de la collection de P\u00e9tanielle, \u00e0 Cestayrols\"}]},{\"@type\":\"WebSite\",\"@id\":\"https:\/\/terrescitoyennes.org\/#website\",\"url\":\"https:\/\/terrescitoyennes.org\/\",\"name\":\"Terres Citoyennes Albigeoises\",\"description\":\"\",\"publisher\":{\"@id\":\"https:\/\/terrescitoyennes.org\/#organization\"},\"potentialAction\":[{\"@type\":\"SearchAction\",\"target\":{\"@type\":\"EntryPoint\",\"urlTemplate\":\"https:\/\/terrescitoyennes.org\/?s={search_term_string}\"},\"query-input\":{\"@type\":\"PropertyValueSpecification\",\"valueRequired\":true,\"valueName\":\"search_term_string\"}}],\"inLanguage\":\"fr-FR\"},{\"@type\":\"Organization\",\"@id\":\"https:\/\/terrescitoyennes.org\/#organization\",\"name\":\"Terres Citoyennes Albigeoises\",\"url\":\"https:\/\/terrescitoyennes.org\/\",\"logo\":{\"@type\":\"ImageObject\",\"inLanguage\":\"fr-FR\",\"@id\":\"https:\/\/terrescitoyennes.org\/#\/schema\/logo\/image\/\",\"url\":\"https:\/\/terrescitoyennes.org\/wp-content\/uploads\/2020\/05\/LOGO-TC-propo-01.png\",\"contentUrl\":\"https:\/\/terrescitoyennes.org\/wp-content\/uploads\/2020\/05\/LOGO-TC-propo-01.png\",\"width\":519,\"height\":459,\"caption\":\"Terres Citoyennes Albigeoises\"},\"image\":{\"@id\":\"https:\/\/terrescitoyennes.org\/#\/schema\/logo\/image\/\"},\"sameAs\":[\"https:\/\/www.facebook.com\/Terres-citoyennes-albigeoises-513479312353377\/\"]},{\"@type\":\"Person\",\"@id\":\"https:\/\/terrescitoyennes.org\/#\/schema\/person\/e0960d6781bbeb4a308a46f01ba3d382\",\"name\":\"La r\u00e9daction\",\"image\":{\"@type\":\"ImageObject\",\"inLanguage\":\"fr-FR\",\"@id\":\"https:\/\/terrescitoyennes.org\/#\/schema\/person\/image\/\",\"url\":\"https:\/\/secure.gravatar.com\/avatar\/d799b7c652906e899d85a27d9adbcc8a?s=96&d=mm&r=g\",\"contentUrl\":\"https:\/\/secure.gravatar.com\/avatar\/d799b7c652906e899d85a27d9adbcc8a?s=96&d=mm&r=g\",\"caption\":\"La r\u00e9daction\"},\"url\":\"https:\/\/terrescitoyennes.org\/index.php\/author\/pascal-henry-albi\/\"}]}<\/script>\n<!-- \/ Yoast SEO plugin. -->","yoast_head_json":{"title":"Dimanche 17 novembre \u00e0 14h : Semis de la collection de P\u00e9tanielle, \u00e0 Cestayrols - Terres citoyennes albigeoises","robots":{"index":"index","follow":"follow","max-snippet":"max-snippet:-1","max-image-preview":"max-image-preview:large","max-video-preview":"max-video-preview:-1"},"canonical":"https:\/\/terrescitoyennes.org\/index.php\/2019\/11\/01\/mercredi-6-novembre-a-10h-semis-de-la-collection-de-petanielle-a-cestayrols\/","og_locale":"fr_FR","og_type":"article","og_title":"Dimanche 17 novembre \u00e0 14h : Semis de la collection de P\u00e9tanielle, \u00e0 Cestayrols - Terres citoyennes albigeoises","og_description":"Cette ann\u00e9e, la collection de P\u00e9tanielle sera sem\u00e9e pr\u00e8s de chez nous, \u00e0 Cestayrols, \u00e0 la ferme du paysan boulanger Thomas G\u00e9lin, \u00ab\u00a0Le fournil de la Monestari\u00e9\u00a0\u00bb. La collection sera sem\u00e9e dimanche 17 novembre \u00e0 14h. Le fournil de la Monestari\u00e9 se situe sur la commune de Cestayrols, au hameau de Lincarque, qui se situe [&hellip;]","og_url":"https:\/\/terrescitoyennes.org\/index.php\/2019\/11\/01\/mercredi-6-novembre-a-10h-semis-de-la-collection-de-petanielle-a-cestayrols\/","og_site_name":"Terres citoyennes albigeoises","article_publisher":"https:\/\/www.facebook.com\/Terres-citoyennes-albigeoises-513479312353377\/","article_published_time":"2019-11-01T16:02:45+00:00","og_image":[{"url":"http:\/\/albivillecomestible.fr\/wp-content\/uploads\/2019\/01\/Logo-Peta2.jpg"}],"author":"La r\u00e9daction","twitter_card":"summary_large_image","twitter_misc":{"\u00c9crit par":"La r\u00e9daction","Dur\u00e9e de lecture estim\u00e9e":"1 minute"},"schema":{"@context":"https:\/\/schema.org","@graph":[{"@type":"Article","@id":"https:\/\/terrescitoyennes.org\/index.php\/2019\/11\/01\/mercredi-6-novembre-a-10h-semis-de-la-collection-de-petanielle-a-cestayrols\/#article","isPartOf":{"@id":"https:\/\/terrescitoyennes.org\/index.php\/2019\/11\/01\/mercredi-6-novembre-a-10h-semis-de-la-collection-de-petanielle-a-cestayrols\/"},"author":{"name":"La r\u00e9daction","@id":"https:\/\/terrescitoyennes.org\/#\/schema\/person\/e0960d6781bbeb4a308a46f01ba3d382"},"headline":"Dimanche 17 novembre \u00e0 14h : Semis de la collection de P\u00e9tanielle, \u00e0 Cestayrols","datePublished":"2019-11-01T16:02:45+00:00","dateModified":"2019-11-01T16:02:45+00:00","mainEntityOfPage":{"@id":"https:\/\/terrescitoyennes.org\/index.php\/2019\/11\/01\/mercredi-6-novembre-a-10h-semis-de-la-collection-de-petanielle-a-cestayrols\/"},"wordCount":134,"publisher":{"@id":"https:\/\/terrescitoyennes.org\/#organization"},"image":{"@id":"https:\/\/terrescitoyennes.org\/index.php\/2019\/11\/01\/mercredi-6-novembre-a-10h-semis-de-la-collection-de-petanielle-a-cestayrols\/#primaryimage"},"thumbnailUrl":"http:\/\/albivillecomestible.fr\/wp-content\/uploads\/2019\/01\/Logo-Peta2.jpg","inLanguage":"fr-FR"},{"@type":"WebPage","@id":"https:\/\/terrescitoyennes.org\/index.php\/2019\/11\/01\/mercredi-6-novembre-a-10h-semis-de-la-collection-de-petanielle-a-cestayrols\/","url":"https:\/\/terrescitoyennes.org\/index.php\/2019\/11\/01\/mercredi-6-novembre-a-10h-semis-de-la-collection-de-petanielle-a-cestayrols\/","name":"Dimanche 17 novembre \u00e0 14h : Semis de la collection de P\u00e9tanielle, \u00e0 Cestayrols - Terres citoyennes albigeoises","isPartOf":{"@id":"https:\/\/terrescitoyennes.org\/#website"},"primaryImageOfPage":{"@id":"https:\/\/terrescitoyennes.org\/index.php\/2019\/11\/01\/mercredi-6-novembre-a-10h-semis-de-la-collection-de-petanielle-a-cestayrols\/#primaryimage"},"image":{"@id":"https:\/\/terrescitoyennes.org\/index.php\/2019\/11\/01\/mercredi-6-novembre-a-10h-semis-de-la-collection-de-petanielle-a-cestayrols\/#primaryimage"},"thumbnailUrl":"http:\/\/albivillecomestible.fr\/wp-content\/uploads\/2019\/01\/Logo-Peta2.jpg","datePublished":"2019-11-01T16:02:45+00:00","dateModified":"2019-11-01T16:02:45+00:00","breadcrumb":{"@id":"https:\/\/terrescitoyennes.org\/index.php\/2019\/11\/01\/mercredi-6-novembre-a-10h-semis-de-la-collection-de-petanielle-a-cestayrols\/#breadcrumb"},"inLanguage":"fr-FR","potentialAction":[{"@type":"ReadAction","target":["https:\/\/terrescitoyennes.org\/index.php\/2019\/11\/01\/mercredi-6-novembre-a-10h-semis-de-la-collection-de-petanielle-a-cestayrols\/"]}]},{"@type":"ImageObject","inLanguage":"fr-FR","@id":"https:\/\/terrescitoyennes.org\/index.php\/2019\/11\/01\/mercredi-6-novembre-a-10h-semis-de-la-collection-de-petanielle-a-cestayrols\/#primaryimage","url":"http:\/\/albivillecomestible.fr\/wp-content\/uploads\/2019\/01\/Logo-Peta2.jpg","contentUrl":"http:\/\/albivillecomestible.fr\/wp-content\/uploads\/2019\/01\/Logo-Peta2.jpg"},{"@type":"BreadcrumbList","@id":"https:\/\/terrescitoyennes.org\/index.php\/2019\/11\/01\/mercredi-6-novembre-a-10h-semis-de-la-collection-de-petanielle-a-cestayrols\/#breadcrumb","itemListElement":[{"@type":"ListItem","position":1,"name":"Accueil","item":"https:\/\/terrescitoyennes.org\/"},{"@type":"ListItem","position":2,"name":"Dimanche 17 novembre \u00e0 14h : Semis de la collection de P\u00e9tanielle, \u00e0 Cestayrols"}]},{"@type":"WebSite","@id":"https:\/\/terrescitoyennes.org\/#website","url":"https:\/\/terrescitoyennes.org\/","name":"Terres Citoyennes Albigeoises","description":"","publisher":{"@id":"https:\/\/terrescitoyennes.org\/#organization"},"potentialAction":[{"@type":"SearchAction","target":{"@type":"EntryPoint","urlTemplate":"https:\/\/terrescitoyennes.org\/?s={search_term_string}"},"query-input":{"@type":"PropertyValueSpecification","valueRequired":true,"valueName":"search_term_string"}}],"inLanguage":"fr-FR"},{"@type":"Organization","@id":"https:\/\/terrescitoyennes.org\/#organization","name":"Terres Citoyennes Albigeoises","url":"https:\/\/terrescitoyennes.org\/","logo":{"@type":"ImageObject","inLanguage":"fr-FR","@id":"https:\/\/terrescitoyennes.org\/#\/schema\/logo\/image\/","url":"https:\/\/terrescitoyennes.org\/wp-content\/uploads\/2020\/05\/LOGO-TC-propo-01.png","contentUrl":"https:\/\/terrescitoyennes.org\/wp-content\/uploads\/2020\/05\/LOGO-TC-propo-01.png","width":519,"height":459,"caption":"Terres Citoyennes Albigeoises"},"image":{"@id":"https:\/\/terrescitoyennes.org\/#\/schema\/logo\/image\/"},"sameAs":["https:\/\/www.facebook.com\/Terres-citoyennes-albigeoises-513479312353377\/"]},{"@type":"Person","@id":"https:\/\/terrescitoyennes.org\/#\/schema\/person\/e0960d6781bbeb4a308a46f01ba3d382","name":"La r\u00e9daction","image":{"@type":"ImageObject","inLanguage":"fr-FR","@id":"https:\/\/terrescitoyennes.org\/#\/schema\/person\/image\/","url":"https:\/\/secure.gravatar.com\/avatar\/d799b7c652906e899d85a27d9adbcc8a?s=96&d=mm&r=g","contentUrl":"https:\/\/secure.gravatar.com\/avatar\/d799b7c652906e899d85a27d9adbcc8a?s=96&d=mm&r=g","caption":"La r\u00e9daction"},"url":"https:\/\/terrescitoyennes.org\/index.php\/author\/pascal-henry-albi\/"}]}},"_links":{"self":[{"href":"https:\/\/terrescitoyennes.org\/index.php\/wp-json\/wp\/v2\/posts\/1756"}],"collection":[{"href":"https:\/\/terrescitoyennes.org\/index.php\/wp-json\/wp\/v2\/posts"}],"about":[{"href":"https:\/\/terrescitoyennes.org\/index.php\/wp-json\/wp\/v2\/types\/post"}],"author":[{"embeddable":true,"href":"https:\/\/terrescitoyennes.org\/index.php\/wp-json\/wp\/v2\/users\/3"}],"replies":[{"embeddable":true,"href":"https:\/\/terrescitoyennes.org\/index.php\/wp-json\/wp\/v2\/comments?post=1756"}],"version-history":[{"count":0,"href":"https:\/\/terrescitoyennes.org\/index.php\/wp-json\/wp\/v2\/posts\/1756\/revisions"}],"wp:attachment":[{"href":"https:\/\/terrescitoyennes.org\/index.php\/wp-json\/wp\/v2\/media?parent=1756"}],"wp:term":[{"taxonomy":"category","embeddable":true,"href":"https:\/\/terrescitoyennes.org\/index.php\/wp-json\/wp\/v2\/categories?post=1756"},{"taxonomy":"post_tag","embeddable":true,"href":"https:\/\/terrescitoyennes.org\/index.php\/wp-json\/wp\/v2\/tags?post=1756"}],"curies":[{"name":"wp","href":"https:\/\/api.w.org\/{rel}","templated":true}]}}