{"id":1759,"date":"2019-11-01T17:11:54","date_gmt":"2019-11-01T16:11:54","guid":{"rendered":"http:\/\/albivillecomestible.fr\/?p=1759"},"modified":"2019-11-01T17:11:54","modified_gmt":"2019-11-01T16:11:54","slug":"mardi-12-novembre-soiree-debat-nos-campagnes-defient-le-changement-climatique","status":"publish","type":"post","link":"https:\/\/terrescitoyennes.org\/index.php\/2019\/11\/01\/mardi-12-novembre-soiree-debat-nos-campagnes-defient-le-changement-climatique\/","title":{"rendered":"Mardi 12 novembre : soir\u00e9e-d\u00e9bat \u00ab\u00a0nos campagnes d\u00e9fient le changement climatique\u00a0\u00bb"},"content":{"rendered":"<p><img loading=\"lazy\" decoding=\"async\" class=\"aligncenter size-full wp-image-1760\" src=\"http:\/\/albivillecomestible.fr\/wp-content\/uploads\/2019\/11\/flyer_pcaet_2.png\" alt=\"\" width=\"707\" height=\"1000\" \/><\/p>\n<p>Mardi 12 novembre \u00e0 partir de 18h, le P\u00f4le Territorial de l&rsquo;Albigeois et des Bastides organise une soir\u00e9e d\u00e9bat, pour le lancement des Plans Climat Air Energie, autour de la transition agricole et alimentaire :<\/p>\n<p>NOS CAMPAGNES D\u00c9FIENT LE CHANGEMENT CLIMATIQUE !<br \/>\nQuel climat pour demain ? Comment agir \u00e0 notre \u00e9chelle ? Quel impact sur l&rsquo;agriculture et nos assiettes ?<\/p>\n<p>Au programme :<\/p>\n<ul>\n<li>18h : Accueil<\/li>\n<li>18h30 : Quelles cons\u00e9quences d&rsquo;un r\u00e9chauffement pour nos territoires ? (Par Serge Planton Ancien membre du GIEC)<\/li>\n<li>19h : Quelles sont les initiatives locales en cours ou \u00e0 venir pour lutter contre ce changement ?<\/li>\n<li>19h30 : Quel impact du changement climatique sur l&rsquo;agriculture et nos assiettes ? (Par Bruno Parmentier Ex directeur de l&rsquo;\u00e9cole d&rsquo;Agriculture d&rsquo;Angers et sp\u00e9cialiste sur ces questions)<\/li>\n<\/ul>\n<p>Pour plus d&rsquo;informations <strong>et pour s&rsquo;inscrire<\/strong>, c&rsquo;est ici, sur le site du P\u00f4le Territorial de l&rsquo;Albigeois et des Bastides : <a href=\"https:\/\/www.pays-albigeois-bastides.fr\/actualites\/nos-campagnes-defient-le-changement-climatique\" target=\"_blank\" rel=\"noopener\">https:\/\/www.pays-albigeois-bastides.fr\/actualites\/nos-campagnes-defient-le-changement-climatique<\/a><\/p>\n<p>&nbsp;<\/p>\n<p>\u00c9cole des Mines Albi-Carmaux &#8211; Amphith\u00e9atre d&rsquo;honneur<br \/>\n( <span class=\"section-info-text\"><span class=\"widget-pane-link\">All\u00e9e des sciences, 81000 Albi<\/span><\/span> )<\/p>\n","protected":false},"excerpt":{"rendered":"<p>Mardi 12 novembre \u00e0 partir de 18h, le P\u00f4le Territorial de l&rsquo;Albigeois et des Bastides organise une soir\u00e9e d\u00e9bat, pour le lancement des Plans Climat Air Energie, autour de la transition agricole et alimentaire : NOS CAMPAGNES D\u00c9FIENT LE CHANGEMENT CLIMATIQUE ! Quel climat pour demain ? Comment agir \u00e0 notre \u00e9chelle ? Quel impact [&hellip;]<\/p>\n","protected":false},"author":3,"featured_media":0,"comment_status":"closed","ping_status":"closed","sticky":false,"template":"","format":"standard","meta":{"footnotes":""},"categories":[1],"tags":[],"yoast_head":"<!-- This site is optimized with the Yoast SEO plugin v23.5 - https:\/\/yoast.com\/wordpress\/plugins\/seo\/ -->\n<title>Mardi 12 novembre : soir\u00e9e-d\u00e9bat &quot;nos campagnes d\u00e9fient le changement climatique&quot; - Terres citoyennes albigeoises<\/title>\n<meta name=\"robots\" content=\"index, follow, max-snippet:-1, max-image-preview:large, max-video-preview:-1\" \/>\n<link rel=\"canonical\" href=\"https:\/\/terrescitoyennes.org\/index.php\/2019\/11\/01\/mardi-12-novembre-soiree-debat-nos-campagnes-defient-le-changement-climatique\/\" \/>\n<meta property=\"og:locale\" content=\"fr_FR\" \/>\n<meta property=\"og:type\" content=\"article\" \/>\n<meta property=\"og:title\" content=\"Mardi 12 novembre : soir\u00e9e-d\u00e9bat &quot;nos campagnes d\u00e9fient le changement climatique&quot; - Terres citoyennes albigeoises\" \/>\n<meta property=\"og:description\" content=\"Mardi 12 novembre \u00e0 partir de 18h, le P\u00f4le Territorial de l&rsquo;Albigeois et des Bastides organise une soir\u00e9e d\u00e9bat, pour le lancement des Plans Climat Air Energie, autour de la transition agricole et alimentaire : NOS CAMPAGNES D\u00c9FIENT LE CHANGEMENT CLIMATIQUE ! Quel climat pour demain ? Comment agir \u00e0 notre \u00e9chelle ? Quel impact [&hellip;]\" \/>\n<meta property=\"og:url\" content=\"https:\/\/terrescitoyennes.org\/index.php\/2019\/11\/01\/mardi-12-novembre-soiree-debat-nos-campagnes-defient-le-changement-climatique\/\" \/>\n<meta property=\"og:site_name\" content=\"Terres citoyennes albigeoises\" \/>\n<meta property=\"article:publisher\" content=\"https:\/\/www.facebook.com\/Terres-citoyennes-albigeoises-513479312353377\/\" \/>\n<meta property=\"article:published_time\" content=\"2019-11-01T16:11:54+00:00\" \/>\n<meta property=\"og:image\" content=\"http:\/\/albivillecomestible.fr\/wp-content\/uploads\/2019\/11\/flyer_pcaet_2.png\" \/>\n<meta name=\"author\" content=\"La r\u00e9daction\" \/>\n<meta name=\"twitter:card\" content=\"summary_large_image\" \/>\n<meta name=\"twitter:label1\" content=\"\u00c9crit par\" \/>\n\t<meta name=\"twitter:data1\" content=\"La r\u00e9daction\" \/>\n\t<meta name=\"twitter:label2\" content=\"Dur\u00e9e de lecture estim\u00e9e\" \/>\n\t<meta name=\"twitter:data2\" content=\"1 minute\" \/>\n<script type=\"application\/ld+json\" class=\"yoast-schema-graph\">{\"@context\":\"https:\/\/schema.org\",\"@graph\":[{\"@type\":\"Article\",\"@id\":\"https:\/\/terrescitoyennes.org\/index.php\/2019\/11\/01\/mardi-12-novembre-soiree-debat-nos-campagnes-defient-le-changement-climatique\/#article\",\"isPartOf\":{\"@id\":\"https:\/\/terrescitoyennes.org\/index.php\/2019\/11\/01\/mardi-12-novembre-soiree-debat-nos-campagnes-defient-le-changement-climatique\/\"},\"author\":{\"name\":\"La r\u00e9daction\",\"@id\":\"https:\/\/terrescitoyennes.org\/#\/schema\/person\/e0960d6781bbeb4a308a46f01ba3d382\"},\"headline\":\"Mardi 12 novembre : soir\u00e9e-d\u00e9bat \u00ab\u00a0nos campagnes d\u00e9fient le changement climatique\u00a0\u00bb\",\"datePublished\":\"2019-11-01T16:11:54+00:00\",\"dateModified\":\"2019-11-01T16:11:54+00:00\",\"mainEntityOfPage\":{\"@id\":\"https:\/\/terrescitoyennes.org\/index.php\/2019\/11\/01\/mardi-12-novembre-soiree-debat-nos-campagnes-defient-le-changement-climatique\/\"},\"wordCount\":172,\"publisher\":{\"@id\":\"https:\/\/terrescitoyennes.org\/#organization\"},\"image\":{\"@id\":\"https:\/\/terrescitoyennes.org\/index.php\/2019\/11\/01\/mardi-12-novembre-soiree-debat-nos-campagnes-defient-le-changement-climatique\/#primaryimage\"},\"thumbnailUrl\":\"http:\/\/albivillecomestible.fr\/wp-content\/uploads\/2019\/11\/flyer_pcaet_2.png\",\"inLanguage\":\"fr-FR\"},{\"@type\":\"WebPage\",\"@id\":\"https:\/\/terrescitoyennes.org\/index.php\/2019\/11\/01\/mardi-12-novembre-soiree-debat-nos-campagnes-defient-le-changement-climatique\/\",\"url\":\"https:\/\/terrescitoyennes.org\/index.php\/2019\/11\/01\/mardi-12-novembre-soiree-debat-nos-campagnes-defient-le-changement-climatique\/\",\"name\":\"Mardi 12 novembre : soir\u00e9e-d\u00e9bat \\\"nos campagnes d\u00e9fient le changement climatique\\\" - Terres citoyennes albigeoises\",\"isPartOf\":{\"@id\":\"https:\/\/terrescitoyennes.org\/#website\"},\"primaryImageOfPage\":{\"@id\":\"https:\/\/terrescitoyennes.org\/index.php\/2019\/11\/01\/mardi-12-novembre-soiree-debat-nos-campagnes-defient-le-changement-climatique\/#primaryimage\"},\"image\":{\"@id\":\"https:\/\/terrescitoyennes.org\/index.php\/2019\/11\/01\/mardi-12-novembre-soiree-debat-nos-campagnes-defient-le-changement-climatique\/#primaryimage\"},\"thumbnailUrl\":\"http:\/\/albivillecomestible.fr\/wp-content\/uploads\/2019\/11\/flyer_pcaet_2.png\",\"datePublished\":\"2019-11-01T16:11:54+00:00\",\"dateModified\":\"2019-11-01T16:11:54+00:00\",\"breadcrumb\":{\"@id\":\"https:\/\/terrescitoyennes.org\/index.php\/2019\/11\/01\/mardi-12-novembre-soiree-debat-nos-campagnes-defient-le-changement-climatique\/#breadcrumb\"},\"inLanguage\":\"fr-FR\",\"potentialAction\":[{\"@type\":\"ReadAction\",\"target\":[\"https:\/\/terrescitoyennes.org\/index.php\/2019\/11\/01\/mardi-12-novembre-soiree-debat-nos-campagnes-defient-le-changement-climatique\/\"]}]},{\"@type\":\"ImageObject\",\"inLanguage\":\"fr-FR\",\"@id\":\"https:\/\/terrescitoyennes.org\/index.php\/2019\/11\/01\/mardi-12-novembre-soiree-debat-nos-campagnes-defient-le-changement-climatique\/#primaryimage\",\"url\":\"http:\/\/albivillecomestible.fr\/wp-content\/uploads\/2019\/11\/flyer_pcaet_2.png\",\"contentUrl\":\"http:\/\/albivillecomestible.fr\/wp-content\/uploads\/2019\/11\/flyer_pcaet_2.png\"},{\"@type\":\"BreadcrumbList\",\"@id\":\"https:\/\/terrescitoyennes.org\/index.php\/2019\/11\/01\/mardi-12-novembre-soiree-debat-nos-campagnes-defient-le-changement-climatique\/#breadcrumb\",\"itemListElement\":[{\"@type\":\"ListItem\",\"position\":1,\"name\":\"Accueil\",\"item\":\"https:\/\/terrescitoyennes.org\/\"},{\"@type\":\"ListItem\",\"position\":2,\"name\":\"Mardi 12 novembre : soir\u00e9e-d\u00e9bat \u00ab\u00a0nos campagnes d\u00e9fient le changement climatique\u00a0\u00bb\"}]},{\"@type\":\"WebSite\",\"@id\":\"https:\/\/terrescitoyennes.org\/#website\",\"url\":\"https:\/\/terrescitoyennes.org\/\",\"name\":\"Terres Citoyennes Albigeoises\",\"description\":\"\",\"publisher\":{\"@id\":\"https:\/\/terrescitoyennes.org\/#organization\"},\"potentialAction\":[{\"@type\":\"SearchAction\",\"target\":{\"@type\":\"EntryPoint\",\"urlTemplate\":\"https:\/\/terrescitoyennes.org\/?s={search_term_string}\"},\"query-input\":{\"@type\":\"PropertyValueSpecification\",\"valueRequired\":true,\"valueName\":\"search_term_string\"}}],\"inLanguage\":\"fr-FR\"},{\"@type\":\"Organization\",\"@id\":\"https:\/\/terrescitoyennes.org\/#organization\",\"name\":\"Terres Citoyennes Albigeoises\",\"url\":\"https:\/\/terrescitoyennes.org\/\",\"logo\":{\"@type\":\"ImageObject\",\"inLanguage\":\"fr-FR\",\"@id\":\"https:\/\/terrescitoyennes.org\/#\/schema\/logo\/image\/\",\"url\":\"https:\/\/terrescitoyennes.org\/wp-content\/uploads\/2020\/05\/LOGO-TC-propo-01.png\",\"contentUrl\":\"https:\/\/terrescitoyennes.org\/wp-content\/uploads\/2020\/05\/LOGO-TC-propo-01.png\",\"width\":519,\"height\":459,\"caption\":\"Terres Citoyennes Albigeoises\"},\"image\":{\"@id\":\"https:\/\/terrescitoyennes.org\/#\/schema\/logo\/image\/\"},\"sameAs\":[\"https:\/\/www.facebook.com\/Terres-citoyennes-albigeoises-513479312353377\/\"]},{\"@type\":\"Person\",\"@id\":\"https:\/\/terrescitoyennes.org\/#\/schema\/person\/e0960d6781bbeb4a308a46f01ba3d382\",\"name\":\"La r\u00e9daction\",\"image\":{\"@type\":\"ImageObject\",\"inLanguage\":\"fr-FR\",\"@id\":\"https:\/\/terrescitoyennes.org\/#\/schema\/person\/image\/\",\"url\":\"https:\/\/secure.gravatar.com\/avatar\/d799b7c652906e899d85a27d9adbcc8a?s=96&d=mm&r=g\",\"contentUrl\":\"https:\/\/secure.gravatar.com\/avatar\/d799b7c652906e899d85a27d9adbcc8a?s=96&d=mm&r=g\",\"caption\":\"La r\u00e9daction\"},\"url\":\"https:\/\/terrescitoyennes.org\/index.php\/author\/pascal-henry-albi\/\"}]}<\/script>\n<!-- \/ Yoast SEO plugin. -->","yoast_head_json":{"title":"Mardi 12 novembre : soir\u00e9e-d\u00e9bat \"nos campagnes d\u00e9fient le changement climatique\" - Terres citoyennes albigeoises","robots":{"index":"index","follow":"follow","max-snippet":"max-snippet:-1","max-image-preview":"max-image-preview:large","max-video-preview":"max-video-preview:-1"},"canonical":"https:\/\/terrescitoyennes.org\/index.php\/2019\/11\/01\/mardi-12-novembre-soiree-debat-nos-campagnes-defient-le-changement-climatique\/","og_locale":"fr_FR","og_type":"article","og_title":"Mardi 12 novembre : soir\u00e9e-d\u00e9bat \"nos campagnes d\u00e9fient le changement climatique\" - Terres citoyennes albigeoises","og_description":"Mardi 12 novembre \u00e0 partir de 18h, le P\u00f4le Territorial de l&rsquo;Albigeois et des Bastides organise une soir\u00e9e d\u00e9bat, pour le lancement des Plans Climat Air Energie, autour de la transition agricole et alimentaire : NOS CAMPAGNES D\u00c9FIENT LE CHANGEMENT CLIMATIQUE ! Quel climat pour demain ? Comment agir \u00e0 notre \u00e9chelle ? Quel impact [&hellip;]","og_url":"https:\/\/terrescitoyennes.org\/index.php\/2019\/11\/01\/mardi-12-novembre-soiree-debat-nos-campagnes-defient-le-changement-climatique\/","og_site_name":"Terres citoyennes albigeoises","article_publisher":"https:\/\/www.facebook.com\/Terres-citoyennes-albigeoises-513479312353377\/","article_published_time":"2019-11-01T16:11:54+00:00","og_image":[{"url":"http:\/\/albivillecomestible.fr\/wp-content\/uploads\/2019\/11\/flyer_pcaet_2.png"}],"author":"La r\u00e9daction","twitter_card":"summary_large_image","twitter_misc":{"\u00c9crit par":"La r\u00e9daction","Dur\u00e9e de lecture estim\u00e9e":"1 minute"},"schema":{"@context":"https:\/\/schema.org","@graph":[{"@type":"Article","@id":"https:\/\/terrescitoyennes.org\/index.php\/2019\/11\/01\/mardi-12-novembre-soiree-debat-nos-campagnes-defient-le-changement-climatique\/#article","isPartOf":{"@id":"https:\/\/terrescitoyennes.org\/index.php\/2019\/11\/01\/mardi-12-novembre-soiree-debat-nos-campagnes-defient-le-changement-climatique\/"},"author":{"name":"La r\u00e9daction","@id":"https:\/\/terrescitoyennes.org\/#\/schema\/person\/e0960d6781bbeb4a308a46f01ba3d382"},"headline":"Mardi 12 novembre : soir\u00e9e-d\u00e9bat \u00ab\u00a0nos campagnes d\u00e9fient le changement climatique\u00a0\u00bb","datePublished":"2019-11-01T16:11:54+00:00","dateModified":"2019-11-01T16:11:54+00:00","mainEntityOfPage":{"@id":"https:\/\/terrescitoyennes.org\/index.php\/2019\/11\/01\/mardi-12-novembre-soiree-debat-nos-campagnes-defient-le-changement-climatique\/"},"wordCount":172,"publisher":{"@id":"https:\/\/terrescitoyennes.org\/#organization"},"image":{"@id":"https:\/\/terrescitoyennes.org\/index.php\/2019\/11\/01\/mardi-12-novembre-soiree-debat-nos-campagnes-defient-le-changement-climatique\/#primaryimage"},"thumbnailUrl":"http:\/\/albivillecomestible.fr\/wp-content\/uploads\/2019\/11\/flyer_pcaet_2.png","inLanguage":"fr-FR"},{"@type":"WebPage","@id":"https:\/\/terrescitoyennes.org\/index.php\/2019\/11\/01\/mardi-12-novembre-soiree-debat-nos-campagnes-defient-le-changement-climatique\/","url":"https:\/\/terrescitoyennes.org\/index.php\/2019\/11\/01\/mardi-12-novembre-soiree-debat-nos-campagnes-defient-le-changement-climatique\/","name":"Mardi 12 novembre : soir\u00e9e-d\u00e9bat \"nos campagnes d\u00e9fient le changement climatique\" - Terres citoyennes albigeoises","isPartOf":{"@id":"https:\/\/terrescitoyennes.org\/#website"},"primaryImageOfPage":{"@id":"https:\/\/terrescitoyennes.org\/index.php\/2019\/11\/01\/mardi-12-novembre-soiree-debat-nos-campagnes-defient-le-changement-climatique\/#primaryimage"},"image":{"@id":"https:\/\/terrescitoyennes.org\/index.php\/2019\/11\/01\/mardi-12-novembre-soiree-debat-nos-campagnes-defient-le-changement-climatique\/#primaryimage"},"thumbnailUrl":"http:\/\/albivillecomestible.fr\/wp-content\/uploads\/2019\/11\/flyer_pcaet_2.png","datePublished":"2019-11-01T16:11:54+00:00","dateModified":"2019-11-01T16:11:54+00:00","breadcrumb":{"@id":"https:\/\/terrescitoyennes.org\/index.php\/2019\/11\/01\/mardi-12-novembre-soiree-debat-nos-campagnes-defient-le-changement-climatique\/#breadcrumb"},"inLanguage":"fr-FR","potentialAction":[{"@type":"ReadAction","target":["https:\/\/terrescitoyennes.org\/index.php\/2019\/11\/01\/mardi-12-novembre-soiree-debat-nos-campagnes-defient-le-changement-climatique\/"]}]},{"@type":"ImageObject","inLanguage":"fr-FR","@id":"https:\/\/terrescitoyennes.org\/index.php\/2019\/11\/01\/mardi-12-novembre-soiree-debat-nos-campagnes-defient-le-changement-climatique\/#primaryimage","url":"http:\/\/albivillecomestible.fr\/wp-content\/uploads\/2019\/11\/flyer_pcaet_2.png","contentUrl":"http:\/\/albivillecomestible.fr\/wp-content\/uploads\/2019\/11\/flyer_pcaet_2.png"},{"@type":"BreadcrumbList","@id":"https:\/\/terrescitoyennes.org\/index.php\/2019\/11\/01\/mardi-12-novembre-soiree-debat-nos-campagnes-defient-le-changement-climatique\/#breadcrumb","itemListElement":[{"@type":"ListItem","position":1,"name":"Accueil","item":"https:\/\/terrescitoyennes.org\/"},{"@type":"ListItem","position":2,"name":"Mardi 12 novembre : soir\u00e9e-d\u00e9bat \u00ab\u00a0nos campagnes d\u00e9fient le changement climatique\u00a0\u00bb"}]},{"@type":"WebSite","@id":"https:\/\/terrescitoyennes.org\/#website","url":"https:\/\/terrescitoyennes.org\/","name":"Terres Citoyennes Albigeoises","description":"","publisher":{"@id":"https:\/\/terrescitoyennes.org\/#organization"},"potentialAction":[{"@type":"SearchAction","target":{"@type":"EntryPoint","urlTemplate":"https:\/\/terrescitoyennes.org\/?s={search_term_string}"},"query-input":{"@type":"PropertyValueSpecification","valueRequired":true,"valueName":"search_term_string"}}],"inLanguage":"fr-FR"},{"@type":"Organization","@id":"https:\/\/terrescitoyennes.org\/#organization","name":"Terres Citoyennes Albigeoises","url":"https:\/\/terrescitoyennes.org\/","logo":{"@type":"ImageObject","inLanguage":"fr-FR","@id":"https:\/\/terrescitoyennes.org\/#\/schema\/logo\/image\/","url":"https:\/\/terrescitoyennes.org\/wp-content\/uploads\/2020\/05\/LOGO-TC-propo-01.png","contentUrl":"https:\/\/terrescitoyennes.org\/wp-content\/uploads\/2020\/05\/LOGO-TC-propo-01.png","width":519,"height":459,"caption":"Terres Citoyennes Albigeoises"},"image":{"@id":"https:\/\/terrescitoyennes.org\/#\/schema\/logo\/image\/"},"sameAs":["https:\/\/www.facebook.com\/Terres-citoyennes-albigeoises-513479312353377\/"]},{"@type":"Person","@id":"https:\/\/terrescitoyennes.org\/#\/schema\/person\/e0960d6781bbeb4a308a46f01ba3d382","name":"La r\u00e9daction","image":{"@type":"ImageObject","inLanguage":"fr-FR","@id":"https:\/\/terrescitoyennes.org\/#\/schema\/person\/image\/","url":"https:\/\/secure.gravatar.com\/avatar\/d799b7c652906e899d85a27d9adbcc8a?s=96&d=mm&r=g","contentUrl":"https:\/\/secure.gravatar.com\/avatar\/d799b7c652906e899d85a27d9adbcc8a?s=96&d=mm&r=g","caption":"La r\u00e9daction"},"url":"https:\/\/terrescitoyennes.org\/index.php\/author\/pascal-henry-albi\/"}]}},"_links":{"self":[{"href":"https:\/\/terrescitoyennes.org\/index.php\/wp-json\/wp\/v2\/posts\/1759"}],"collection":[{"href":"https:\/\/terrescitoyennes.org\/index.php\/wp-json\/wp\/v2\/posts"}],"about":[{"href":"https:\/\/terrescitoyennes.org\/index.php\/wp-json\/wp\/v2\/types\/post"}],"author":[{"embeddable":true,"href":"https:\/\/terrescitoyennes.org\/index.php\/wp-json\/wp\/v2\/users\/3"}],"replies":[{"embeddable":true,"href":"https:\/\/terrescitoyennes.org\/index.php\/wp-json\/wp\/v2\/comments?post=1759"}],"version-history":[{"count":0,"href":"https:\/\/terrescitoyennes.org\/index.php\/wp-json\/wp\/v2\/posts\/1759\/revisions"}],"wp:attachment":[{"href":"https:\/\/terrescitoyennes.org\/index.php\/wp-json\/wp\/v2\/media?parent=1759"}],"wp:term":[{"taxonomy":"category","embeddable":true,"href":"https:\/\/terrescitoyennes.org\/index.php\/wp-json\/wp\/v2\/categories?post=1759"},{"taxonomy":"post_tag","embeddable":true,"href":"https:\/\/terrescitoyennes.org\/index.php\/wp-json\/wp\/v2\/tags?post=1759"}],"curies":[{"name":"wp","href":"https:\/\/api.w.org\/{rel}","templated":true}]}}