{"id":1831,"date":"2019-12-09T18:06:54","date_gmt":"2019-12-09T17:06:54","guid":{"rendered":"http:\/\/albivillecomestible.fr\/?p=1831"},"modified":"2019-12-09T18:06:54","modified_gmt":"2019-12-09T17:06:54","slug":"jeudi-12-decembre-20h30-a-la-sna-cine-debat-artistes-de-la-vie","status":"publish","type":"post","link":"https:\/\/terrescitoyennes.org\/index.php\/2019\/12\/09\/jeudi-12-decembre-20h30-a-la-sna-cine-debat-artistes-de-la-vie\/","title":{"rendered":"Jeudi 12 d\u00e9cembre, 20h30 \u00e0 la SNA : cin\u00e9-d\u00e9bat \u00ab\u00a0Artistes de la vie\u00a0\u00bb !"},"content":{"rendered":"<p><img loading=\"lazy\" decoding=\"async\" class=\"aligncenter size-full wp-image-1833\" src=\"http:\/\/albivillecomestible.fr\/wp-content\/uploads\/2019\/12\/Artistes-de-la-vie.jpg\" alt=\"\" width=\"674\" height=\"960\" \/><\/p>\n<p>Jeudi 12 d\u00e9cembre, \u00e0 20h30 au cin\u00e9ma de la SNA (salle Arc\u00e9), Albi en transition vous propose un cin\u00e9-d\u00e9bat avec la projection du film documentaire \u00ab\u00a0Artistes de la vie\u00a0\u00bb.<\/p>\n<p>Une autre occasion de venir rejoindre le mouvement !<\/p>\n","protected":false},"excerpt":{"rendered":"<p>Jeudi 12 d\u00e9cembre, \u00e0 20h30 au cin\u00e9ma de la SNA (salle Arc\u00e9), Albi en transition vous propose un cin\u00e9-d\u00e9bat avec la projection du film documentaire \u00ab\u00a0Artistes de la vie\u00a0\u00bb. Une autre occasion de venir rejoindre le mouvement !<\/p>\n","protected":false},"author":3,"featured_media":0,"comment_status":"closed","ping_status":"closed","sticky":false,"template":"","format":"standard","meta":{"footnotes":""},"categories":[1],"tags":[],"yoast_head":"<!-- This site is optimized with the Yoast SEO plugin v23.5 - https:\/\/yoast.com\/wordpress\/plugins\/seo\/ -->\n<title>Jeudi 12 d\u00e9cembre, 20h30 \u00e0 la SNA : cin\u00e9-d\u00e9bat &quot;Artistes de la vie&quot; ! - Terres citoyennes albigeoises<\/title>\n<meta name=\"robots\" content=\"index, follow, max-snippet:-1, max-image-preview:large, max-video-preview:-1\" \/>\n<link rel=\"canonical\" href=\"https:\/\/terrescitoyennes.org\/index.php\/2019\/12\/09\/jeudi-12-decembre-20h30-a-la-sna-cine-debat-artistes-de-la-vie\/\" \/>\n<meta property=\"og:locale\" content=\"fr_FR\" \/>\n<meta property=\"og:type\" content=\"article\" \/>\n<meta property=\"og:title\" content=\"Jeudi 12 d\u00e9cembre, 20h30 \u00e0 la SNA : cin\u00e9-d\u00e9bat &quot;Artistes de la vie&quot; ! - Terres citoyennes albigeoises\" \/>\n<meta property=\"og:description\" content=\"Jeudi 12 d\u00e9cembre, \u00e0 20h30 au cin\u00e9ma de la SNA (salle Arc\u00e9), Albi en transition vous propose un cin\u00e9-d\u00e9bat avec la projection du film documentaire \u00ab\u00a0Artistes de la vie\u00a0\u00bb. Une autre occasion de venir rejoindre le mouvement !\" \/>\n<meta property=\"og:url\" content=\"https:\/\/terrescitoyennes.org\/index.php\/2019\/12\/09\/jeudi-12-decembre-20h30-a-la-sna-cine-debat-artistes-de-la-vie\/\" \/>\n<meta property=\"og:site_name\" content=\"Terres citoyennes albigeoises\" \/>\n<meta property=\"article:publisher\" content=\"https:\/\/www.facebook.com\/Terres-citoyennes-albigeoises-513479312353377\/\" \/>\n<meta property=\"article:published_time\" content=\"2019-12-09T17:06:54+00:00\" \/>\n<meta property=\"og:image\" content=\"http:\/\/albivillecomestible.fr\/wp-content\/uploads\/2019\/12\/Artistes-de-la-vie.jpg\" \/>\n<meta name=\"author\" content=\"La r\u00e9daction\" \/>\n<meta name=\"twitter:card\" content=\"summary_large_image\" \/>\n<meta name=\"twitter:label1\" content=\"\u00c9crit par\" \/>\n\t<meta name=\"twitter:data1\" content=\"La r\u00e9daction\" \/>\n<script type=\"application\/ld+json\" class=\"yoast-schema-graph\">{\"@context\":\"https:\/\/schema.org\",\"@graph\":[{\"@type\":\"Article\",\"@id\":\"https:\/\/terrescitoyennes.org\/index.php\/2019\/12\/09\/jeudi-12-decembre-20h30-a-la-sna-cine-debat-artistes-de-la-vie\/#article\",\"isPartOf\":{\"@id\":\"https:\/\/terrescitoyennes.org\/index.php\/2019\/12\/09\/jeudi-12-decembre-20h30-a-la-sna-cine-debat-artistes-de-la-vie\/\"},\"author\":{\"name\":\"La r\u00e9daction\",\"@id\":\"https:\/\/terrescitoyennes.org\/#\/schema\/person\/e0960d6781bbeb4a308a46f01ba3d382\"},\"headline\":\"Jeudi 12 d\u00e9cembre, 20h30 \u00e0 la SNA : cin\u00e9-d\u00e9bat \u00ab\u00a0Artistes de la vie\u00a0\u00bb !\",\"datePublished\":\"2019-12-09T17:06:54+00:00\",\"dateModified\":\"2019-12-09T17:06:54+00:00\",\"mainEntityOfPage\":{\"@id\":\"https:\/\/terrescitoyennes.org\/index.php\/2019\/12\/09\/jeudi-12-decembre-20h30-a-la-sna-cine-debat-artistes-de-la-vie\/\"},\"wordCount\":52,\"publisher\":{\"@id\":\"https:\/\/terrescitoyennes.org\/#organization\"},\"image\":{\"@id\":\"https:\/\/terrescitoyennes.org\/index.php\/2019\/12\/09\/jeudi-12-decembre-20h30-a-la-sna-cine-debat-artistes-de-la-vie\/#primaryimage\"},\"thumbnailUrl\":\"http:\/\/albivillecomestible.fr\/wp-content\/uploads\/2019\/12\/Artistes-de-la-vie.jpg\",\"inLanguage\":\"fr-FR\"},{\"@type\":\"WebPage\",\"@id\":\"https:\/\/terrescitoyennes.org\/index.php\/2019\/12\/09\/jeudi-12-decembre-20h30-a-la-sna-cine-debat-artistes-de-la-vie\/\",\"url\":\"https:\/\/terrescitoyennes.org\/index.php\/2019\/12\/09\/jeudi-12-decembre-20h30-a-la-sna-cine-debat-artistes-de-la-vie\/\",\"name\":\"Jeudi 12 d\u00e9cembre, 20h30 \u00e0 la SNA : cin\u00e9-d\u00e9bat \\\"Artistes de la vie\\\" ! - Terres citoyennes albigeoises\",\"isPartOf\":{\"@id\":\"https:\/\/terrescitoyennes.org\/#website\"},\"primaryImageOfPage\":{\"@id\":\"https:\/\/terrescitoyennes.org\/index.php\/2019\/12\/09\/jeudi-12-decembre-20h30-a-la-sna-cine-debat-artistes-de-la-vie\/#primaryimage\"},\"image\":{\"@id\":\"https:\/\/terrescitoyennes.org\/index.php\/2019\/12\/09\/jeudi-12-decembre-20h30-a-la-sna-cine-debat-artistes-de-la-vie\/#primaryimage\"},\"thumbnailUrl\":\"http:\/\/albivillecomestible.fr\/wp-content\/uploads\/2019\/12\/Artistes-de-la-vie.jpg\",\"datePublished\":\"2019-12-09T17:06:54+00:00\",\"dateModified\":\"2019-12-09T17:06:54+00:00\",\"breadcrumb\":{\"@id\":\"https:\/\/terrescitoyennes.org\/index.php\/2019\/12\/09\/jeudi-12-decembre-20h30-a-la-sna-cine-debat-artistes-de-la-vie\/#breadcrumb\"},\"inLanguage\":\"fr-FR\",\"potentialAction\":[{\"@type\":\"ReadAction\",\"target\":[\"https:\/\/terrescitoyennes.org\/index.php\/2019\/12\/09\/jeudi-12-decembre-20h30-a-la-sna-cine-debat-artistes-de-la-vie\/\"]}]},{\"@type\":\"ImageObject\",\"inLanguage\":\"fr-FR\",\"@id\":\"https:\/\/terrescitoyennes.org\/index.php\/2019\/12\/09\/jeudi-12-decembre-20h30-a-la-sna-cine-debat-artistes-de-la-vie\/#primaryimage\",\"url\":\"http:\/\/albivillecomestible.fr\/wp-content\/uploads\/2019\/12\/Artistes-de-la-vie.jpg\",\"contentUrl\":\"http:\/\/albivillecomestible.fr\/wp-content\/uploads\/2019\/12\/Artistes-de-la-vie.jpg\"},{\"@type\":\"BreadcrumbList\",\"@id\":\"https:\/\/terrescitoyennes.org\/index.php\/2019\/12\/09\/jeudi-12-decembre-20h30-a-la-sna-cine-debat-artistes-de-la-vie\/#breadcrumb\",\"itemListElement\":[{\"@type\":\"ListItem\",\"position\":1,\"name\":\"Accueil\",\"item\":\"https:\/\/terrescitoyennes.org\/\"},{\"@type\":\"ListItem\",\"position\":2,\"name\":\"Jeudi 12 d\u00e9cembre, 20h30 \u00e0 la SNA : cin\u00e9-d\u00e9bat \u00ab\u00a0Artistes de la vie\u00a0\u00bb !\"}]},{\"@type\":\"WebSite\",\"@id\":\"https:\/\/terrescitoyennes.org\/#website\",\"url\":\"https:\/\/terrescitoyennes.org\/\",\"name\":\"Terres Citoyennes Albigeoises\",\"description\":\"\",\"publisher\":{\"@id\":\"https:\/\/terrescitoyennes.org\/#organization\"},\"potentialAction\":[{\"@type\":\"SearchAction\",\"target\":{\"@type\":\"EntryPoint\",\"urlTemplate\":\"https:\/\/terrescitoyennes.org\/?s={search_term_string}\"},\"query-input\":{\"@type\":\"PropertyValueSpecification\",\"valueRequired\":true,\"valueName\":\"search_term_string\"}}],\"inLanguage\":\"fr-FR\"},{\"@type\":\"Organization\",\"@id\":\"https:\/\/terrescitoyennes.org\/#organization\",\"name\":\"Terres Citoyennes Albigeoises\",\"url\":\"https:\/\/terrescitoyennes.org\/\",\"logo\":{\"@type\":\"ImageObject\",\"inLanguage\":\"fr-FR\",\"@id\":\"https:\/\/terrescitoyennes.org\/#\/schema\/logo\/image\/\",\"url\":\"https:\/\/terrescitoyennes.org\/wp-content\/uploads\/2020\/05\/LOGO-TC-propo-01.png\",\"contentUrl\":\"https:\/\/terrescitoyennes.org\/wp-content\/uploads\/2020\/05\/LOGO-TC-propo-01.png\",\"width\":519,\"height\":459,\"caption\":\"Terres Citoyennes Albigeoises\"},\"image\":{\"@id\":\"https:\/\/terrescitoyennes.org\/#\/schema\/logo\/image\/\"},\"sameAs\":[\"https:\/\/www.facebook.com\/Terres-citoyennes-albigeoises-513479312353377\/\"]},{\"@type\":\"Person\",\"@id\":\"https:\/\/terrescitoyennes.org\/#\/schema\/person\/e0960d6781bbeb4a308a46f01ba3d382\",\"name\":\"La r\u00e9daction\",\"image\":{\"@type\":\"ImageObject\",\"inLanguage\":\"fr-FR\",\"@id\":\"https:\/\/terrescitoyennes.org\/#\/schema\/person\/image\/\",\"url\":\"https:\/\/secure.gravatar.com\/avatar\/d799b7c652906e899d85a27d9adbcc8a?s=96&d=mm&r=g\",\"contentUrl\":\"https:\/\/secure.gravatar.com\/avatar\/d799b7c652906e899d85a27d9adbcc8a?s=96&d=mm&r=g\",\"caption\":\"La r\u00e9daction\"},\"url\":\"https:\/\/terrescitoyennes.org\/index.php\/author\/pascal-henry-albi\/\"}]}<\/script>\n<!-- \/ Yoast SEO plugin. -->","yoast_head_json":{"title":"Jeudi 12 d\u00e9cembre, 20h30 \u00e0 la SNA : cin\u00e9-d\u00e9bat \"Artistes de la vie\" ! - Terres citoyennes albigeoises","robots":{"index":"index","follow":"follow","max-snippet":"max-snippet:-1","max-image-preview":"max-image-preview:large","max-video-preview":"max-video-preview:-1"},"canonical":"https:\/\/terrescitoyennes.org\/index.php\/2019\/12\/09\/jeudi-12-decembre-20h30-a-la-sna-cine-debat-artistes-de-la-vie\/","og_locale":"fr_FR","og_type":"article","og_title":"Jeudi 12 d\u00e9cembre, 20h30 \u00e0 la SNA : cin\u00e9-d\u00e9bat \"Artistes de la vie\" ! - Terres citoyennes albigeoises","og_description":"Jeudi 12 d\u00e9cembre, \u00e0 20h30 au cin\u00e9ma de la SNA (salle Arc\u00e9), Albi en transition vous propose un cin\u00e9-d\u00e9bat avec la projection du film documentaire \u00ab\u00a0Artistes de la vie\u00a0\u00bb. Une autre occasion de venir rejoindre le mouvement !","og_url":"https:\/\/terrescitoyennes.org\/index.php\/2019\/12\/09\/jeudi-12-decembre-20h30-a-la-sna-cine-debat-artistes-de-la-vie\/","og_site_name":"Terres citoyennes albigeoises","article_publisher":"https:\/\/www.facebook.com\/Terres-citoyennes-albigeoises-513479312353377\/","article_published_time":"2019-12-09T17:06:54+00:00","og_image":[{"url":"http:\/\/albivillecomestible.fr\/wp-content\/uploads\/2019\/12\/Artistes-de-la-vie.jpg"}],"author":"La r\u00e9daction","twitter_card":"summary_large_image","twitter_misc":{"\u00c9crit par":"La r\u00e9daction"},"schema":{"@context":"https:\/\/schema.org","@graph":[{"@type":"Article","@id":"https:\/\/terrescitoyennes.org\/index.php\/2019\/12\/09\/jeudi-12-decembre-20h30-a-la-sna-cine-debat-artistes-de-la-vie\/#article","isPartOf":{"@id":"https:\/\/terrescitoyennes.org\/index.php\/2019\/12\/09\/jeudi-12-decembre-20h30-a-la-sna-cine-debat-artistes-de-la-vie\/"},"author":{"name":"La r\u00e9daction","@id":"https:\/\/terrescitoyennes.org\/#\/schema\/person\/e0960d6781bbeb4a308a46f01ba3d382"},"headline":"Jeudi 12 d\u00e9cembre, 20h30 \u00e0 la SNA : cin\u00e9-d\u00e9bat \u00ab\u00a0Artistes de la vie\u00a0\u00bb !","datePublished":"2019-12-09T17:06:54+00:00","dateModified":"2019-12-09T17:06:54+00:00","mainEntityOfPage":{"@id":"https:\/\/terrescitoyennes.org\/index.php\/2019\/12\/09\/jeudi-12-decembre-20h30-a-la-sna-cine-debat-artistes-de-la-vie\/"},"wordCount":52,"publisher":{"@id":"https:\/\/terrescitoyennes.org\/#organization"},"image":{"@id":"https:\/\/terrescitoyennes.org\/index.php\/2019\/12\/09\/jeudi-12-decembre-20h30-a-la-sna-cine-debat-artistes-de-la-vie\/#primaryimage"},"thumbnailUrl":"http:\/\/albivillecomestible.fr\/wp-content\/uploads\/2019\/12\/Artistes-de-la-vie.jpg","inLanguage":"fr-FR"},{"@type":"WebPage","@id":"https:\/\/terrescitoyennes.org\/index.php\/2019\/12\/09\/jeudi-12-decembre-20h30-a-la-sna-cine-debat-artistes-de-la-vie\/","url":"https:\/\/terrescitoyennes.org\/index.php\/2019\/12\/09\/jeudi-12-decembre-20h30-a-la-sna-cine-debat-artistes-de-la-vie\/","name":"Jeudi 12 d\u00e9cembre, 20h30 \u00e0 la SNA : cin\u00e9-d\u00e9bat \"Artistes de la vie\" ! - Terres citoyennes albigeoises","isPartOf":{"@id":"https:\/\/terrescitoyennes.org\/#website"},"primaryImageOfPage":{"@id":"https:\/\/terrescitoyennes.org\/index.php\/2019\/12\/09\/jeudi-12-decembre-20h30-a-la-sna-cine-debat-artistes-de-la-vie\/#primaryimage"},"image":{"@id":"https:\/\/terrescitoyennes.org\/index.php\/2019\/12\/09\/jeudi-12-decembre-20h30-a-la-sna-cine-debat-artistes-de-la-vie\/#primaryimage"},"thumbnailUrl":"http:\/\/albivillecomestible.fr\/wp-content\/uploads\/2019\/12\/Artistes-de-la-vie.jpg","datePublished":"2019-12-09T17:06:54+00:00","dateModified":"2019-12-09T17:06:54+00:00","breadcrumb":{"@id":"https:\/\/terrescitoyennes.org\/index.php\/2019\/12\/09\/jeudi-12-decembre-20h30-a-la-sna-cine-debat-artistes-de-la-vie\/#breadcrumb"},"inLanguage":"fr-FR","potentialAction":[{"@type":"ReadAction","target":["https:\/\/terrescitoyennes.org\/index.php\/2019\/12\/09\/jeudi-12-decembre-20h30-a-la-sna-cine-debat-artistes-de-la-vie\/"]}]},{"@type":"ImageObject","inLanguage":"fr-FR","@id":"https:\/\/terrescitoyennes.org\/index.php\/2019\/12\/09\/jeudi-12-decembre-20h30-a-la-sna-cine-debat-artistes-de-la-vie\/#primaryimage","url":"http:\/\/albivillecomestible.fr\/wp-content\/uploads\/2019\/12\/Artistes-de-la-vie.jpg","contentUrl":"http:\/\/albivillecomestible.fr\/wp-content\/uploads\/2019\/12\/Artistes-de-la-vie.jpg"},{"@type":"BreadcrumbList","@id":"https:\/\/terrescitoyennes.org\/index.php\/2019\/12\/09\/jeudi-12-decembre-20h30-a-la-sna-cine-debat-artistes-de-la-vie\/#breadcrumb","itemListElement":[{"@type":"ListItem","position":1,"name":"Accueil","item":"https:\/\/terrescitoyennes.org\/"},{"@type":"ListItem","position":2,"name":"Jeudi 12 d\u00e9cembre, 20h30 \u00e0 la SNA : cin\u00e9-d\u00e9bat \u00ab\u00a0Artistes de la vie\u00a0\u00bb !"}]},{"@type":"WebSite","@id":"https:\/\/terrescitoyennes.org\/#website","url":"https:\/\/terrescitoyennes.org\/","name":"Terres Citoyennes Albigeoises","description":"","publisher":{"@id":"https:\/\/terrescitoyennes.org\/#organization"},"potentialAction":[{"@type":"SearchAction","target":{"@type":"EntryPoint","urlTemplate":"https:\/\/terrescitoyennes.org\/?s={search_term_string}"},"query-input":{"@type":"PropertyValueSpecification","valueRequired":true,"valueName":"search_term_string"}}],"inLanguage":"fr-FR"},{"@type":"Organization","@id":"https:\/\/terrescitoyennes.org\/#organization","name":"Terres Citoyennes Albigeoises","url":"https:\/\/terrescitoyennes.org\/","logo":{"@type":"ImageObject","inLanguage":"fr-FR","@id":"https:\/\/terrescitoyennes.org\/#\/schema\/logo\/image\/","url":"https:\/\/terrescitoyennes.org\/wp-content\/uploads\/2020\/05\/LOGO-TC-propo-01.png","contentUrl":"https:\/\/terrescitoyennes.org\/wp-content\/uploads\/2020\/05\/LOGO-TC-propo-01.png","width":519,"height":459,"caption":"Terres Citoyennes Albigeoises"},"image":{"@id":"https:\/\/terrescitoyennes.org\/#\/schema\/logo\/image\/"},"sameAs":["https:\/\/www.facebook.com\/Terres-citoyennes-albigeoises-513479312353377\/"]},{"@type":"Person","@id":"https:\/\/terrescitoyennes.org\/#\/schema\/person\/e0960d6781bbeb4a308a46f01ba3d382","name":"La r\u00e9daction","image":{"@type":"ImageObject","inLanguage":"fr-FR","@id":"https:\/\/terrescitoyennes.org\/#\/schema\/person\/image\/","url":"https:\/\/secure.gravatar.com\/avatar\/d799b7c652906e899d85a27d9adbcc8a?s=96&d=mm&r=g","contentUrl":"https:\/\/secure.gravatar.com\/avatar\/d799b7c652906e899d85a27d9adbcc8a?s=96&d=mm&r=g","caption":"La r\u00e9daction"},"url":"https:\/\/terrescitoyennes.org\/index.php\/author\/pascal-henry-albi\/"}]}},"_links":{"self":[{"href":"https:\/\/terrescitoyennes.org\/index.php\/wp-json\/wp\/v2\/posts\/1831"}],"collection":[{"href":"https:\/\/terrescitoyennes.org\/index.php\/wp-json\/wp\/v2\/posts"}],"about":[{"href":"https:\/\/terrescitoyennes.org\/index.php\/wp-json\/wp\/v2\/types\/post"}],"author":[{"embeddable":true,"href":"https:\/\/terrescitoyennes.org\/index.php\/wp-json\/wp\/v2\/users\/3"}],"replies":[{"embeddable":true,"href":"https:\/\/terrescitoyennes.org\/index.php\/wp-json\/wp\/v2\/comments?post=1831"}],"version-history":[{"count":0,"href":"https:\/\/terrescitoyennes.org\/index.php\/wp-json\/wp\/v2\/posts\/1831\/revisions"}],"wp:attachment":[{"href":"https:\/\/terrescitoyennes.org\/index.php\/wp-json\/wp\/v2\/media?parent=1831"}],"wp:term":[{"taxonomy":"category","embeddable":true,"href":"https:\/\/terrescitoyennes.org\/index.php\/wp-json\/wp\/v2\/categories?post=1831"},{"taxonomy":"post_tag","embeddable":true,"href":"https:\/\/terrescitoyennes.org\/index.php\/wp-json\/wp\/v2\/tags?post=1831"}],"curies":[{"name":"wp","href":"https:\/\/api.w.org\/{rel}","templated":true}]}}