{"id":238,"date":"2018-04-01T11:43:13","date_gmt":"2018-04-01T09:43:13","guid":{"rendered":"http:\/\/albivillecomestible.fr\/?p=238"},"modified":"2018-04-01T11:43:13","modified_gmt":"2018-04-01T09:43:13","slug":"les-48h-de-lagriculture-urbaine-a-albi-a-j-20","status":"publish","type":"post","link":"https:\/\/terrescitoyennes.org\/index.php\/2018\/04\/01\/les-48h-de-lagriculture-urbaine-a-albi-a-j-20\/","title":{"rendered":"Les 48H de l\u2019agriculture urbaine \u00e0 Albi\u2026 \u00e0 J-20 !!!"},"content":{"rendered":"<p><img loading=\"lazy\" decoding=\"async\" class=\"size-medium wp-image-239 alignleft\" src=\"http:\/\/albivillecomestible.fr\/wp-content\/uploads\/2018\/04\/48h-j-20-300x300.jpg\" alt=\"\" width=\"300\" height=\"300\" srcset=\"https:\/\/terrescitoyennes.org\/wp-content\/uploads\/2018\/04\/48h-j-20-300x300.jpg 300w, https:\/\/terrescitoyennes.org\/wp-content\/uploads\/2018\/04\/48h-j-20-150x150.jpg 150w, https:\/\/terrescitoyennes.org\/wp-content\/uploads\/2018\/04\/48h-j-20-768x768.jpg 768w, https:\/\/terrescitoyennes.org\/wp-content\/uploads\/2018\/04\/48h-j-20-1024x1024.jpg 1024w, https:\/\/terrescitoyennes.org\/wp-content\/uploads\/2018\/04\/48h-j-20.jpg 1080w\" sizes=\"(max-width: 300px) 100vw, 300px\" \/>\u00e7a y est, on est en\u00a0avril, c&rsquo;est la derni\u00e8re ligne droite ! on pr\u00e9pare activement le programme, la communication, la logistique&#8230; et \u00e7a chauffe dans le bocal !<\/p>\n<p>Notre prochaine r\u00e9union de pr\u00e9paration des 48H se passera \u00e0 la brasserie \u00ab\u00a0La Halte\u00a0\u00bb, place Jean Jaur\u00e8s, gare routi\u00e8re d&rsquo;Albi, ce mercredi 4 avril \u00e0 partir de 18h30. Venez nombreux !<\/p>\n","protected":false},"excerpt":{"rendered":"<p>\u00e7a y est, on est en\u00a0avril, c&rsquo;est la derni\u00e8re ligne droite ! on pr\u00e9pare activement le programme, la communication, la logistique&#8230; et \u00e7a chauffe dans le bocal ! Notre prochaine r\u00e9union de pr\u00e9paration des 48H se passera \u00e0 la brasserie \u00ab\u00a0La Halte\u00a0\u00bb, place Jean Jaur\u00e8s, gare routi\u00e8re d&rsquo;Albi, ce mercredi 4 avril \u00e0 partir de [&hellip;]<\/p>\n","protected":false},"author":4,"featured_media":0,"comment_status":"closed","ping_status":"closed","sticky":false,"template":"","format":"standard","meta":{"footnotes":""},"categories":[1],"tags":[],"yoast_head":"<!-- This site is optimized with the Yoast SEO plugin v23.5 - https:\/\/yoast.com\/wordpress\/plugins\/seo\/ -->\n<title>Les 48H de l\u2019agriculture urbaine \u00e0 Albi\u2026 \u00e0 J-20 !!! - Terres citoyennes albigeoises<\/title>\n<meta name=\"robots\" content=\"index, follow, max-snippet:-1, max-image-preview:large, max-video-preview:-1\" \/>\n<link rel=\"canonical\" href=\"https:\/\/terrescitoyennes.org\/index.php\/2018\/04\/01\/les-48h-de-lagriculture-urbaine-a-albi-a-j-20\/\" \/>\n<meta property=\"og:locale\" content=\"fr_FR\" \/>\n<meta property=\"og:type\" content=\"article\" \/>\n<meta property=\"og:title\" content=\"Les 48H de l\u2019agriculture urbaine \u00e0 Albi\u2026 \u00e0 J-20 !!! - Terres citoyennes albigeoises\" \/>\n<meta property=\"og:description\" content=\"\u00e7a y est, on est en\u00a0avril, c&rsquo;est la derni\u00e8re ligne droite ! on pr\u00e9pare activement le programme, la communication, la logistique&#8230; et \u00e7a chauffe dans le bocal ! Notre prochaine r\u00e9union de pr\u00e9paration des 48H se passera \u00e0 la brasserie \u00ab\u00a0La Halte\u00a0\u00bb, place Jean Jaur\u00e8s, gare routi\u00e8re d&rsquo;Albi, ce mercredi 4 avril \u00e0 partir de [&hellip;]\" \/>\n<meta property=\"og:url\" content=\"https:\/\/terrescitoyennes.org\/index.php\/2018\/04\/01\/les-48h-de-lagriculture-urbaine-a-albi-a-j-20\/\" \/>\n<meta property=\"og:site_name\" content=\"Terres citoyennes albigeoises\" \/>\n<meta property=\"article:publisher\" content=\"https:\/\/www.facebook.com\/Terres-citoyennes-albigeoises-513479312353377\/\" \/>\n<meta property=\"article:published_time\" content=\"2018-04-01T09:43:13+00:00\" \/>\n<meta property=\"og:image\" content=\"http:\/\/albivillecomestible.fr\/wp-content\/uploads\/2018\/04\/48h-j-20-300x300.jpg\" \/>\n<meta name=\"author\" content=\"Albi Ville Comestible\" \/>\n<meta name=\"twitter:card\" content=\"summary_large_image\" \/>\n<meta name=\"twitter:label1\" content=\"\u00c9crit par\" \/>\n\t<meta name=\"twitter:data1\" content=\"Albi Ville Comestible\" \/>\n<script type=\"application\/ld+json\" class=\"yoast-schema-graph\">{\"@context\":\"https:\/\/schema.org\",\"@graph\":[{\"@type\":\"Article\",\"@id\":\"https:\/\/terrescitoyennes.org\/index.php\/2018\/04\/01\/les-48h-de-lagriculture-urbaine-a-albi-a-j-20\/#article\",\"isPartOf\":{\"@id\":\"https:\/\/terrescitoyennes.org\/index.php\/2018\/04\/01\/les-48h-de-lagriculture-urbaine-a-albi-a-j-20\/\"},\"author\":{\"name\":\"Albi Ville Comestible\",\"@id\":\"https:\/\/terrescitoyennes.org\/#\/schema\/person\/ea3cd6c0863067d1d8c2ba90e3c17372\"},\"headline\":\"Les 48H de l\u2019agriculture urbaine \u00e0 Albi\u2026 \u00e0 J-20 !!!\",\"datePublished\":\"2018-04-01T09:43:13+00:00\",\"dateModified\":\"2018-04-01T09:43:13+00:00\",\"mainEntityOfPage\":{\"@id\":\"https:\/\/terrescitoyennes.org\/index.php\/2018\/04\/01\/les-48h-de-lagriculture-urbaine-a-albi-a-j-20\/\"},\"wordCount\":68,\"publisher\":{\"@id\":\"https:\/\/terrescitoyennes.org\/#organization\"},\"image\":{\"@id\":\"https:\/\/terrescitoyennes.org\/index.php\/2018\/04\/01\/les-48h-de-lagriculture-urbaine-a-albi-a-j-20\/#primaryimage\"},\"thumbnailUrl\":\"http:\/\/albivillecomestible.fr\/wp-content\/uploads\/2018\/04\/48h-j-20-300x300.jpg\",\"inLanguage\":\"fr-FR\"},{\"@type\":\"WebPage\",\"@id\":\"https:\/\/terrescitoyennes.org\/index.php\/2018\/04\/01\/les-48h-de-lagriculture-urbaine-a-albi-a-j-20\/\",\"url\":\"https:\/\/terrescitoyennes.org\/index.php\/2018\/04\/01\/les-48h-de-lagriculture-urbaine-a-albi-a-j-20\/\",\"name\":\"Les 48H de l\u2019agriculture urbaine \u00e0 Albi\u2026 \u00e0 J-20 !!! - Terres citoyennes albigeoises\",\"isPartOf\":{\"@id\":\"https:\/\/terrescitoyennes.org\/#website\"},\"primaryImageOfPage\":{\"@id\":\"https:\/\/terrescitoyennes.org\/index.php\/2018\/04\/01\/les-48h-de-lagriculture-urbaine-a-albi-a-j-20\/#primaryimage\"},\"image\":{\"@id\":\"https:\/\/terrescitoyennes.org\/index.php\/2018\/04\/01\/les-48h-de-lagriculture-urbaine-a-albi-a-j-20\/#primaryimage\"},\"thumbnailUrl\":\"http:\/\/albivillecomestible.fr\/wp-content\/uploads\/2018\/04\/48h-j-20-300x300.jpg\",\"datePublished\":\"2018-04-01T09:43:13+00:00\",\"dateModified\":\"2018-04-01T09:43:13+00:00\",\"breadcrumb\":{\"@id\":\"https:\/\/terrescitoyennes.org\/index.php\/2018\/04\/01\/les-48h-de-lagriculture-urbaine-a-albi-a-j-20\/#breadcrumb\"},\"inLanguage\":\"fr-FR\",\"potentialAction\":[{\"@type\":\"ReadAction\",\"target\":[\"https:\/\/terrescitoyennes.org\/index.php\/2018\/04\/01\/les-48h-de-lagriculture-urbaine-a-albi-a-j-20\/\"]}]},{\"@type\":\"ImageObject\",\"inLanguage\":\"fr-FR\",\"@id\":\"https:\/\/terrescitoyennes.org\/index.php\/2018\/04\/01\/les-48h-de-lagriculture-urbaine-a-albi-a-j-20\/#primaryimage\",\"url\":\"http:\/\/albivillecomestible.fr\/wp-content\/uploads\/2018\/04\/48h-j-20-300x300.jpg\",\"contentUrl\":\"http:\/\/albivillecomestible.fr\/wp-content\/uploads\/2018\/04\/48h-j-20-300x300.jpg\"},{\"@type\":\"BreadcrumbList\",\"@id\":\"https:\/\/terrescitoyennes.org\/index.php\/2018\/04\/01\/les-48h-de-lagriculture-urbaine-a-albi-a-j-20\/#breadcrumb\",\"itemListElement\":[{\"@type\":\"ListItem\",\"position\":1,\"name\":\"Accueil\",\"item\":\"https:\/\/terrescitoyennes.org\/\"},{\"@type\":\"ListItem\",\"position\":2,\"name\":\"Les 48H de l\u2019agriculture urbaine \u00e0 Albi\u2026 \u00e0 J-20 !!!\"}]},{\"@type\":\"WebSite\",\"@id\":\"https:\/\/terrescitoyennes.org\/#website\",\"url\":\"https:\/\/terrescitoyennes.org\/\",\"name\":\"Terres Citoyennes Albigeoises\",\"description\":\"\",\"publisher\":{\"@id\":\"https:\/\/terrescitoyennes.org\/#organization\"},\"potentialAction\":[{\"@type\":\"SearchAction\",\"target\":{\"@type\":\"EntryPoint\",\"urlTemplate\":\"https:\/\/terrescitoyennes.org\/?s={search_term_string}\"},\"query-input\":{\"@type\":\"PropertyValueSpecification\",\"valueRequired\":true,\"valueName\":\"search_term_string\"}}],\"inLanguage\":\"fr-FR\"},{\"@type\":\"Organization\",\"@id\":\"https:\/\/terrescitoyennes.org\/#organization\",\"name\":\"Terres Citoyennes Albigeoises\",\"url\":\"https:\/\/terrescitoyennes.org\/\",\"logo\":{\"@type\":\"ImageObject\",\"inLanguage\":\"fr-FR\",\"@id\":\"https:\/\/terrescitoyennes.org\/#\/schema\/logo\/image\/\",\"url\":\"https:\/\/terrescitoyennes.org\/wp-content\/uploads\/2020\/05\/LOGO-TC-propo-01.png\",\"contentUrl\":\"https:\/\/terrescitoyennes.org\/wp-content\/uploads\/2020\/05\/LOGO-TC-propo-01.png\",\"width\":519,\"height\":459,\"caption\":\"Terres Citoyennes Albigeoises\"},\"image\":{\"@id\":\"https:\/\/terrescitoyennes.org\/#\/schema\/logo\/image\/\"},\"sameAs\":[\"https:\/\/www.facebook.com\/Terres-citoyennes-albigeoises-513479312353377\/\"]},{\"@type\":\"Person\",\"@id\":\"https:\/\/terrescitoyennes.org\/#\/schema\/person\/ea3cd6c0863067d1d8c2ba90e3c17372\",\"name\":\"Albi Ville Comestible\",\"image\":{\"@type\":\"ImageObject\",\"inLanguage\":\"fr-FR\",\"@id\":\"https:\/\/terrescitoyennes.org\/#\/schema\/person\/image\/\",\"url\":\"https:\/\/secure.gravatar.com\/avatar\/8f97f663891e95cfa28fcfec99b40f9e?s=96&d=mm&r=g\",\"contentUrl\":\"https:\/\/secure.gravatar.com\/avatar\/8f97f663891e95cfa28fcfec99b40f9e?s=96&d=mm&r=g\",\"caption\":\"Albi Ville Comestible\"},\"url\":\"https:\/\/terrescitoyennes.org\/index.php\/author\/contactalbivillecomestible-fr\/\"}]}<\/script>\n<!-- \/ Yoast SEO plugin. -->","yoast_head_json":{"title":"Les 48H de l\u2019agriculture urbaine \u00e0 Albi\u2026 \u00e0 J-20 !!! - Terres citoyennes albigeoises","robots":{"index":"index","follow":"follow","max-snippet":"max-snippet:-1","max-image-preview":"max-image-preview:large","max-video-preview":"max-video-preview:-1"},"canonical":"https:\/\/terrescitoyennes.org\/index.php\/2018\/04\/01\/les-48h-de-lagriculture-urbaine-a-albi-a-j-20\/","og_locale":"fr_FR","og_type":"article","og_title":"Les 48H de l\u2019agriculture urbaine \u00e0 Albi\u2026 \u00e0 J-20 !!! - Terres citoyennes albigeoises","og_description":"\u00e7a y est, on est en\u00a0avril, c&rsquo;est la derni\u00e8re ligne droite ! on pr\u00e9pare activement le programme, la communication, la logistique&#8230; et \u00e7a chauffe dans le bocal ! Notre prochaine r\u00e9union de pr\u00e9paration des 48H se passera \u00e0 la brasserie \u00ab\u00a0La Halte\u00a0\u00bb, place Jean Jaur\u00e8s, gare routi\u00e8re d&rsquo;Albi, ce mercredi 4 avril \u00e0 partir de [&hellip;]","og_url":"https:\/\/terrescitoyennes.org\/index.php\/2018\/04\/01\/les-48h-de-lagriculture-urbaine-a-albi-a-j-20\/","og_site_name":"Terres citoyennes albigeoises","article_publisher":"https:\/\/www.facebook.com\/Terres-citoyennes-albigeoises-513479312353377\/","article_published_time":"2018-04-01T09:43:13+00:00","og_image":[{"url":"http:\/\/albivillecomestible.fr\/wp-content\/uploads\/2018\/04\/48h-j-20-300x300.jpg"}],"author":"Albi Ville Comestible","twitter_card":"summary_large_image","twitter_misc":{"\u00c9crit par":"Albi Ville Comestible"},"schema":{"@context":"https:\/\/schema.org","@graph":[{"@type":"Article","@id":"https:\/\/terrescitoyennes.org\/index.php\/2018\/04\/01\/les-48h-de-lagriculture-urbaine-a-albi-a-j-20\/#article","isPartOf":{"@id":"https:\/\/terrescitoyennes.org\/index.php\/2018\/04\/01\/les-48h-de-lagriculture-urbaine-a-albi-a-j-20\/"},"author":{"name":"Albi Ville Comestible","@id":"https:\/\/terrescitoyennes.org\/#\/schema\/person\/ea3cd6c0863067d1d8c2ba90e3c17372"},"headline":"Les 48H de l\u2019agriculture urbaine \u00e0 Albi\u2026 \u00e0 J-20 !!!","datePublished":"2018-04-01T09:43:13+00:00","dateModified":"2018-04-01T09:43:13+00:00","mainEntityOfPage":{"@id":"https:\/\/terrescitoyennes.org\/index.php\/2018\/04\/01\/les-48h-de-lagriculture-urbaine-a-albi-a-j-20\/"},"wordCount":68,"publisher":{"@id":"https:\/\/terrescitoyennes.org\/#organization"},"image":{"@id":"https:\/\/terrescitoyennes.org\/index.php\/2018\/04\/01\/les-48h-de-lagriculture-urbaine-a-albi-a-j-20\/#primaryimage"},"thumbnailUrl":"http:\/\/albivillecomestible.fr\/wp-content\/uploads\/2018\/04\/48h-j-20-300x300.jpg","inLanguage":"fr-FR"},{"@type":"WebPage","@id":"https:\/\/terrescitoyennes.org\/index.php\/2018\/04\/01\/les-48h-de-lagriculture-urbaine-a-albi-a-j-20\/","url":"https:\/\/terrescitoyennes.org\/index.php\/2018\/04\/01\/les-48h-de-lagriculture-urbaine-a-albi-a-j-20\/","name":"Les 48H de l\u2019agriculture urbaine \u00e0 Albi\u2026 \u00e0 J-20 !!! - Terres citoyennes albigeoises","isPartOf":{"@id":"https:\/\/terrescitoyennes.org\/#website"},"primaryImageOfPage":{"@id":"https:\/\/terrescitoyennes.org\/index.php\/2018\/04\/01\/les-48h-de-lagriculture-urbaine-a-albi-a-j-20\/#primaryimage"},"image":{"@id":"https:\/\/terrescitoyennes.org\/index.php\/2018\/04\/01\/les-48h-de-lagriculture-urbaine-a-albi-a-j-20\/#primaryimage"},"thumbnailUrl":"http:\/\/albivillecomestible.fr\/wp-content\/uploads\/2018\/04\/48h-j-20-300x300.jpg","datePublished":"2018-04-01T09:43:13+00:00","dateModified":"2018-04-01T09:43:13+00:00","breadcrumb":{"@id":"https:\/\/terrescitoyennes.org\/index.php\/2018\/04\/01\/les-48h-de-lagriculture-urbaine-a-albi-a-j-20\/#breadcrumb"},"inLanguage":"fr-FR","potentialAction":[{"@type":"ReadAction","target":["https:\/\/terrescitoyennes.org\/index.php\/2018\/04\/01\/les-48h-de-lagriculture-urbaine-a-albi-a-j-20\/"]}]},{"@type":"ImageObject","inLanguage":"fr-FR","@id":"https:\/\/terrescitoyennes.org\/index.php\/2018\/04\/01\/les-48h-de-lagriculture-urbaine-a-albi-a-j-20\/#primaryimage","url":"http:\/\/albivillecomestible.fr\/wp-content\/uploads\/2018\/04\/48h-j-20-300x300.jpg","contentUrl":"http:\/\/albivillecomestible.fr\/wp-content\/uploads\/2018\/04\/48h-j-20-300x300.jpg"},{"@type":"BreadcrumbList","@id":"https:\/\/terrescitoyennes.org\/index.php\/2018\/04\/01\/les-48h-de-lagriculture-urbaine-a-albi-a-j-20\/#breadcrumb","itemListElement":[{"@type":"ListItem","position":1,"name":"Accueil","item":"https:\/\/terrescitoyennes.org\/"},{"@type":"ListItem","position":2,"name":"Les 48H de l\u2019agriculture urbaine \u00e0 Albi\u2026 \u00e0 J-20 !!!"}]},{"@type":"WebSite","@id":"https:\/\/terrescitoyennes.org\/#website","url":"https:\/\/terrescitoyennes.org\/","name":"Terres Citoyennes Albigeoises","description":"","publisher":{"@id":"https:\/\/terrescitoyennes.org\/#organization"},"potentialAction":[{"@type":"SearchAction","target":{"@type":"EntryPoint","urlTemplate":"https:\/\/terrescitoyennes.org\/?s={search_term_string}"},"query-input":{"@type":"PropertyValueSpecification","valueRequired":true,"valueName":"search_term_string"}}],"inLanguage":"fr-FR"},{"@type":"Organization","@id":"https:\/\/terrescitoyennes.org\/#organization","name":"Terres Citoyennes Albigeoises","url":"https:\/\/terrescitoyennes.org\/","logo":{"@type":"ImageObject","inLanguage":"fr-FR","@id":"https:\/\/terrescitoyennes.org\/#\/schema\/logo\/image\/","url":"https:\/\/terrescitoyennes.org\/wp-content\/uploads\/2020\/05\/LOGO-TC-propo-01.png","contentUrl":"https:\/\/terrescitoyennes.org\/wp-content\/uploads\/2020\/05\/LOGO-TC-propo-01.png","width":519,"height":459,"caption":"Terres Citoyennes Albigeoises"},"image":{"@id":"https:\/\/terrescitoyennes.org\/#\/schema\/logo\/image\/"},"sameAs":["https:\/\/www.facebook.com\/Terres-citoyennes-albigeoises-513479312353377\/"]},{"@type":"Person","@id":"https:\/\/terrescitoyennes.org\/#\/schema\/person\/ea3cd6c0863067d1d8c2ba90e3c17372","name":"Albi Ville Comestible","image":{"@type":"ImageObject","inLanguage":"fr-FR","@id":"https:\/\/terrescitoyennes.org\/#\/schema\/person\/image\/","url":"https:\/\/secure.gravatar.com\/avatar\/8f97f663891e95cfa28fcfec99b40f9e?s=96&d=mm&r=g","contentUrl":"https:\/\/secure.gravatar.com\/avatar\/8f97f663891e95cfa28fcfec99b40f9e?s=96&d=mm&r=g","caption":"Albi Ville Comestible"},"url":"https:\/\/terrescitoyennes.org\/index.php\/author\/contactalbivillecomestible-fr\/"}]}},"_links":{"self":[{"href":"https:\/\/terrescitoyennes.org\/index.php\/wp-json\/wp\/v2\/posts\/238"}],"collection":[{"href":"https:\/\/terrescitoyennes.org\/index.php\/wp-json\/wp\/v2\/posts"}],"about":[{"href":"https:\/\/terrescitoyennes.org\/index.php\/wp-json\/wp\/v2\/types\/post"}],"author":[{"embeddable":true,"href":"https:\/\/terrescitoyennes.org\/index.php\/wp-json\/wp\/v2\/users\/4"}],"replies":[{"embeddable":true,"href":"https:\/\/terrescitoyennes.org\/index.php\/wp-json\/wp\/v2\/comments?post=238"}],"version-history":[{"count":0,"href":"https:\/\/terrescitoyennes.org\/index.php\/wp-json\/wp\/v2\/posts\/238\/revisions"}],"wp:attachment":[{"href":"https:\/\/terrescitoyennes.org\/index.php\/wp-json\/wp\/v2\/media?parent=238"}],"wp:term":[{"taxonomy":"category","embeddable":true,"href":"https:\/\/terrescitoyennes.org\/index.php\/wp-json\/wp\/v2\/categories?post=238"},{"taxonomy":"post_tag","embeddable":true,"href":"https:\/\/terrescitoyennes.org\/index.php\/wp-json\/wp\/v2\/tags?post=238"}],"curies":[{"name":"wp","href":"https:\/\/api.w.org\/{rel}","templated":true}]}}