{"id":3147,"date":"2022-03-25T15:23:11","date_gmt":"2022-03-25T14:23:11","guid":{"rendered":"https:\/\/terrescitoyennes.org\/?p=3147"},"modified":"2022-06-22T19:39:15","modified_gmt":"2022-06-22T17:39:15","slug":"samedi-09-avril-2022-assemblees-generales-de-lassociation-de-la-scic-et-de-la-scea-terres-citoyennes-albigeoises","status":"publish","type":"post","link":"https:\/\/terrescitoyennes.org\/index.php\/2022\/03\/25\/samedi-09-avril-2022-assemblees-generales-de-lassociation-de-la-scic-et-de-la-scea-terres-citoyennes-albigeoises\/","title":{"rendered":"Samedi 09 avril 2022 : assembl\u00e9es g\u00e9n\u00e9rales de l&rsquo;association, de la SCIC et de la SCEA Terres Citoyennes Albigeoises !"},"content":{"rendered":"\n<p>Le samedi 9 avril 2022 sera consacr\u00e9 aux assembl\u00e9es g\u00e9n\u00e9rales de l\u2019association, de la SCIC-SA et de la SCEA Terres Citoyennes Albigeoises.<\/p>\n\n\n\n<p>Au del\u00e0 des assembl\u00e9es g\u00e9n\u00e9rales en tant que telles, les objectifs sont de faire de cette journ\u00e9e un moment collectif et partag\u00e9 \u00e0 propos de Terres Citoyennes Albigeoises. A cet effet, nous avons imagin\u00e9 des s\u00e9quences d\u2019\u00e9changes et de r\u00e9flexions qui porteront sur les r\u00e9alisations pass\u00e9es et les \u0153uvres \u00e0 mener, sur les activit\u00e9s actuelles et futures, sur l\u2019organisation et le d\u00e9veloppement du mouvement\u2026 mais aussi une visite de la plaine de Lescure \u00e0 la d\u00e9couverte des projets men\u00e9s \u00e0 bien et en cours sur les terres acquises.<\/p>\n\n\n\n<p>Le lieu de RDV est le si\u00e8ge social de l\u2019association, de la SCIC-SA et de la SCEA&nbsp;: 138 chemin du Serayol-Haut \u2013 81380 Lescure d\u2019Albigeois.<\/p>\n\n\n\n<h3 class=\"wp-block-heading\">Au programme&nbsp;:<\/h3>\n\n\n\n<p>\ue032 9h accueil<\/p>\n\n\n\n<p>\ue032 9h30 ateliers participatifs sur les actualit\u00e9s de Terres Citoyennes<\/p>\n\n\n\n<p>\ue032 10h30 visite des terres citoyennes dans la plaine de Lescure<\/p>\n\n\n\n<p>\ue032 12h00 repas tir\u00e9 du sac&nbsp;: un plat collectif sera cuisin\u00e9 par Terres Citoyennes, agr\u00e9mentez le repas de ce que vous souhaitez partager&nbsp;!<\/p>\n\n\n\n<p>\ue032 14h00 immersion en Albigeois : la question de la transmission agricole. Restitution active et participative de l\u2019enqu\u00eate men\u00e9e en 2021<\/p>\n\n\n\n<p>\ue032 15h30 AG formelle de l&rsquo;association, de la SCIC et de la SCEA<\/p>\n\n\n\n<p>\ue032 17h00 restitution des ateliers participatifs du matin<\/p>\n\n\n\n<p>\ue032 18h00 ap\u00e9ro devant le Mange-Tout, magasin de producteurs et productrices, situ\u00e9 juste \u00e0 c\u00f4t\u00e9 et tout juste cr\u00e9\u00e9.<\/p>\n\n\n\n<h3 class=\"wp-block-heading\">Documents pr\u00e9paratoires&nbsp;:<\/h3>\n\n\n\n<p>\ue032 <strong>Pour l&rsquo;AG de l&rsquo;association &gt;&gt;&gt; <a href=\"https:\/\/terrescitoyennes.org\/index.php\/association-assemblees-generales\/\" target=\"_blank\" rel=\"noreferrer noopener\">les documents pr\u00e9paratoires sont accessibles ici<\/a><\/strong><\/p>\n\n\n\n<p>\ue032 <strong>Pour l&rsquo;AG de la SCIC &gt;&gt;&gt; <a href=\"https:\/\/terrescitoyennes.org\/index.php\/scic-assemblees-generales\/\" target=\"_blank\" rel=\"noreferrer noopener\">les documents pr\u00e9paratoires sont accessibles ici<\/a><\/strong><\/p>\n\n\n\n<p>\ue032 <strong>Pour l&rsquo;AG de la SCEA &gt;&gt;&gt; <a href=\"https:\/\/terrescitoyennes.org\/index.php\/scea-assemblees-des-associe-e-s\/\">les documents pr\u00e9paratoires sont accessibles ici<\/a><\/strong><\/p>\n","protected":false},"excerpt":{"rendered":"<p>Le samedi 9 avril 2022 sera consacr\u00e9 aux assembl\u00e9es g\u00e9n\u00e9rales de l\u2019association, de la SCIC-SA et de la SCEA Terres Citoyennes Albigeoises. Au del\u00e0 des assembl\u00e9es g\u00e9n\u00e9rales en tant que telles, les objectifs sont de faire de cette journ\u00e9e un moment collectif et partag\u00e9 \u00e0 propos de Terres Citoyennes Albigeoises. A cet effet, nous avons [&hellip;]<\/p>\n","protected":false},"author":2,"featured_media":3195,"comment_status":"closed","ping_status":"closed","sticky":false,"template":"","format":"standard","meta":{"footnotes":""},"categories":[1],"tags":[],"yoast_head":"<!-- This site is optimized with the Yoast SEO plugin v23.5 - https:\/\/yoast.com\/wordpress\/plugins\/seo\/ -->\n<title>Samedi 09 avril 2022 : assembl\u00e9es g\u00e9n\u00e9rales de l&#039;association, de la SCIC et de la SCEA Terres Citoyennes Albigeoises ! - Terres citoyennes albigeoises<\/title>\n<meta name=\"robots\" content=\"index, follow, max-snippet:-1, max-image-preview:large, max-video-preview:-1\" \/>\n<link rel=\"canonical\" href=\"https:\/\/terrescitoyennes.org\/index.php\/2022\/03\/25\/samedi-09-avril-2022-assemblees-generales-de-lassociation-de-la-scic-et-de-la-scea-terres-citoyennes-albigeoises\/\" \/>\n<meta property=\"og:locale\" content=\"fr_FR\" \/>\n<meta property=\"og:type\" content=\"article\" \/>\n<meta property=\"og:title\" content=\"Samedi 09 avril 2022 : assembl\u00e9es g\u00e9n\u00e9rales de l&#039;association, de la SCIC et de la SCEA Terres Citoyennes Albigeoises ! - Terres citoyennes albigeoises\" \/>\n<meta property=\"og:description\" content=\"Le samedi 9 avril 2022 sera consacr\u00e9 aux assembl\u00e9es g\u00e9n\u00e9rales de l\u2019association, de la SCIC-SA et de la SCEA Terres Citoyennes Albigeoises. Au del\u00e0 des assembl\u00e9es g\u00e9n\u00e9rales en tant que telles, les objectifs sont de faire de cette journ\u00e9e un moment collectif et partag\u00e9 \u00e0 propos de Terres Citoyennes Albigeoises. A cet effet, nous avons [&hellip;]\" \/>\n<meta property=\"og:url\" content=\"https:\/\/terrescitoyennes.org\/index.php\/2022\/03\/25\/samedi-09-avril-2022-assemblees-generales-de-lassociation-de-la-scic-et-de-la-scea-terres-citoyennes-albigeoises\/\" \/>\n<meta property=\"og:site_name\" content=\"Terres citoyennes albigeoises\" \/>\n<meta property=\"article:publisher\" content=\"https:\/\/www.facebook.com\/Terres-citoyennes-albigeoises-513479312353377\/\" \/>\n<meta property=\"article:published_time\" content=\"2022-03-25T14:23:11+00:00\" \/>\n<meta property=\"article:modified_time\" content=\"2022-06-22T17:39:15+00:00\" \/>\n<meta property=\"og:image\" content=\"https:\/\/terrescitoyennes.org\/wp-content\/uploads\/2022\/03\/TCA-AG-2021_2560x1440-11-1024x683.jpg\" \/>\n\t<meta property=\"og:image:width\" content=\"1024\" \/>\n\t<meta property=\"og:image:height\" content=\"683\" \/>\n\t<meta property=\"og:image:type\" content=\"image\/jpeg\" \/>\n<meta name=\"author\" content=\"Terres citoyennes albigeoises\" \/>\n<meta name=\"twitter:card\" content=\"summary_large_image\" \/>\n<meta name=\"twitter:label1\" content=\"\u00c9crit par\" \/>\n\t<meta name=\"twitter:data1\" content=\"Terres citoyennes albigeoises\" \/>\n\t<meta name=\"twitter:label2\" content=\"Dur\u00e9e de lecture estim\u00e9e\" \/>\n\t<meta name=\"twitter:data2\" content=\"2 minutes\" \/>\n<script type=\"application\/ld+json\" class=\"yoast-schema-graph\">{\"@context\":\"https:\/\/schema.org\",\"@graph\":[{\"@type\":\"Article\",\"@id\":\"https:\/\/terrescitoyennes.org\/index.php\/2022\/03\/25\/samedi-09-avril-2022-assemblees-generales-de-lassociation-de-la-scic-et-de-la-scea-terres-citoyennes-albigeoises\/#article\",\"isPartOf\":{\"@id\":\"https:\/\/terrescitoyennes.org\/index.php\/2022\/03\/25\/samedi-09-avril-2022-assemblees-generales-de-lassociation-de-la-scic-et-de-la-scea-terres-citoyennes-albigeoises\/\"},\"author\":{\"name\":\"Terres citoyennes albigeoises\",\"@id\":\"https:\/\/terrescitoyennes.org\/#\/schema\/person\/2ca60c5af49c632b940f38bcfe958ff2\"},\"headline\":\"Samedi 09 avril 2022 : assembl\u00e9es g\u00e9n\u00e9rales de l&rsquo;association, de la SCIC et de la SCEA Terres Citoyennes Albigeoises !\",\"datePublished\":\"2022-03-25T14:23:11+00:00\",\"dateModified\":\"2022-06-22T17:39:15+00:00\",\"mainEntityOfPage\":{\"@id\":\"https:\/\/terrescitoyennes.org\/index.php\/2022\/03\/25\/samedi-09-avril-2022-assemblees-generales-de-lassociation-de-la-scic-et-de-la-scea-terres-citoyennes-albigeoises\/\"},\"wordCount\":324,\"publisher\":{\"@id\":\"https:\/\/terrescitoyennes.org\/#organization\"},\"image\":{\"@id\":\"https:\/\/terrescitoyennes.org\/index.php\/2022\/03\/25\/samedi-09-avril-2022-assemblees-generales-de-lassociation-de-la-scic-et-de-la-scea-terres-citoyennes-albigeoises\/#primaryimage\"},\"thumbnailUrl\":\"https:\/\/terrescitoyennes.org\/wp-content\/uploads\/2022\/03\/TCA-AG-2021_2560x1440-11.jpg\",\"inLanguage\":\"fr-FR\"},{\"@type\":\"WebPage\",\"@id\":\"https:\/\/terrescitoyennes.org\/index.php\/2022\/03\/25\/samedi-09-avril-2022-assemblees-generales-de-lassociation-de-la-scic-et-de-la-scea-terres-citoyennes-albigeoises\/\",\"url\":\"https:\/\/terrescitoyennes.org\/index.php\/2022\/03\/25\/samedi-09-avril-2022-assemblees-generales-de-lassociation-de-la-scic-et-de-la-scea-terres-citoyennes-albigeoises\/\",\"name\":\"Samedi 09 avril 2022 : assembl\u00e9es g\u00e9n\u00e9rales de l'association, de la SCIC et de la SCEA Terres Citoyennes Albigeoises ! - Terres citoyennes albigeoises\",\"isPartOf\":{\"@id\":\"https:\/\/terrescitoyennes.org\/#website\"},\"primaryImageOfPage\":{\"@id\":\"https:\/\/terrescitoyennes.org\/index.php\/2022\/03\/25\/samedi-09-avril-2022-assemblees-generales-de-lassociation-de-la-scic-et-de-la-scea-terres-citoyennes-albigeoises\/#primaryimage\"},\"image\":{\"@id\":\"https:\/\/terrescitoyennes.org\/index.php\/2022\/03\/25\/samedi-09-avril-2022-assemblees-generales-de-lassociation-de-la-scic-et-de-la-scea-terres-citoyennes-albigeoises\/#primaryimage\"},\"thumbnailUrl\":\"https:\/\/terrescitoyennes.org\/wp-content\/uploads\/2022\/03\/TCA-AG-2021_2560x1440-11.jpg\",\"datePublished\":\"2022-03-25T14:23:11+00:00\",\"dateModified\":\"2022-06-22T17:39:15+00:00\",\"breadcrumb\":{\"@id\":\"https:\/\/terrescitoyennes.org\/index.php\/2022\/03\/25\/samedi-09-avril-2022-assemblees-generales-de-lassociation-de-la-scic-et-de-la-scea-terres-citoyennes-albigeoises\/#breadcrumb\"},\"inLanguage\":\"fr-FR\",\"potentialAction\":[{\"@type\":\"ReadAction\",\"target\":[\"https:\/\/terrescitoyennes.org\/index.php\/2022\/03\/25\/samedi-09-avril-2022-assemblees-generales-de-lassociation-de-la-scic-et-de-la-scea-terres-citoyennes-albigeoises\/\"]}]},{\"@type\":\"ImageObject\",\"inLanguage\":\"fr-FR\",\"@id\":\"https:\/\/terrescitoyennes.org\/index.php\/2022\/03\/25\/samedi-09-avril-2022-assemblees-generales-de-lassociation-de-la-scic-et-de-la-scea-terres-citoyennes-albigeoises\/#primaryimage\",\"url\":\"https:\/\/terrescitoyennes.org\/wp-content\/uploads\/2022\/03\/TCA-AG-2021_2560x1440-11.jpg\",\"contentUrl\":\"https:\/\/terrescitoyennes.org\/wp-content\/uploads\/2022\/03\/TCA-AG-2021_2560x1440-11.jpg\",\"width\":2158,\"height\":1440},{\"@type\":\"BreadcrumbList\",\"@id\":\"https:\/\/terrescitoyennes.org\/index.php\/2022\/03\/25\/samedi-09-avril-2022-assemblees-generales-de-lassociation-de-la-scic-et-de-la-scea-terres-citoyennes-albigeoises\/#breadcrumb\",\"itemListElement\":[{\"@type\":\"ListItem\",\"position\":1,\"name\":\"Accueil\",\"item\":\"https:\/\/terrescitoyennes.org\/\"},{\"@type\":\"ListItem\",\"position\":2,\"name\":\"Samedi 09 avril 2022 : assembl\u00e9es g\u00e9n\u00e9rales de l&rsquo;association, de la SCIC et de la SCEA Terres Citoyennes Albigeoises !\"}]},{\"@type\":\"WebSite\",\"@id\":\"https:\/\/terrescitoyennes.org\/#website\",\"url\":\"https:\/\/terrescitoyennes.org\/\",\"name\":\"Terres Citoyennes Albigeoises\",\"description\":\"\",\"publisher\":{\"@id\":\"https:\/\/terrescitoyennes.org\/#organization\"},\"potentialAction\":[{\"@type\":\"SearchAction\",\"target\":{\"@type\":\"EntryPoint\",\"urlTemplate\":\"https:\/\/terrescitoyennes.org\/?s={search_term_string}\"},\"query-input\":{\"@type\":\"PropertyValueSpecification\",\"valueRequired\":true,\"valueName\":\"search_term_string\"}}],\"inLanguage\":\"fr-FR\"},{\"@type\":\"Organization\",\"@id\":\"https:\/\/terrescitoyennes.org\/#organization\",\"name\":\"Terres Citoyennes Albigeoises\",\"url\":\"https:\/\/terrescitoyennes.org\/\",\"logo\":{\"@type\":\"ImageObject\",\"inLanguage\":\"fr-FR\",\"@id\":\"https:\/\/terrescitoyennes.org\/#\/schema\/logo\/image\/\",\"url\":\"https:\/\/terrescitoyennes.org\/wp-content\/uploads\/2020\/05\/LOGO-TC-propo-01.png\",\"contentUrl\":\"https:\/\/terrescitoyennes.org\/wp-content\/uploads\/2020\/05\/LOGO-TC-propo-01.png\",\"width\":519,\"height\":459,\"caption\":\"Terres Citoyennes Albigeoises\"},\"image\":{\"@id\":\"https:\/\/terrescitoyennes.org\/#\/schema\/logo\/image\/\"},\"sameAs\":[\"https:\/\/www.facebook.com\/Terres-citoyennes-albigeoises-513479312353377\/\"]},{\"@type\":\"Person\",\"@id\":\"https:\/\/terrescitoyennes.org\/#\/schema\/person\/2ca60c5af49c632b940f38bcfe958ff2\",\"name\":\"Terres citoyennes albigeoises\",\"image\":{\"@type\":\"ImageObject\",\"inLanguage\":\"fr-FR\",\"@id\":\"https:\/\/terrescitoyennes.org\/#\/schema\/person\/image\/\",\"url\":\"https:\/\/secure.gravatar.com\/avatar\/b0d2ef456c31157ca4c1809df358b2b0?s=96&d=mm&r=g\",\"contentUrl\":\"https:\/\/secure.gravatar.com\/avatar\/b0d2ef456c31157ca4c1809df358b2b0?s=96&d=mm&r=g\",\"caption\":\"Terres citoyennes albigeoises\"},\"url\":\"https:\/\/terrescitoyennes.org\/index.php\/author\/terres-citoyennes\/\"}]}<\/script>\n<!-- \/ Yoast SEO plugin. -->","yoast_head_json":{"title":"Samedi 09 avril 2022 : assembl\u00e9es g\u00e9n\u00e9rales de l'association, de la SCIC et de la SCEA Terres Citoyennes Albigeoises ! - Terres citoyennes albigeoises","robots":{"index":"index","follow":"follow","max-snippet":"max-snippet:-1","max-image-preview":"max-image-preview:large","max-video-preview":"max-video-preview:-1"},"canonical":"https:\/\/terrescitoyennes.org\/index.php\/2022\/03\/25\/samedi-09-avril-2022-assemblees-generales-de-lassociation-de-la-scic-et-de-la-scea-terres-citoyennes-albigeoises\/","og_locale":"fr_FR","og_type":"article","og_title":"Samedi 09 avril 2022 : assembl\u00e9es g\u00e9n\u00e9rales de l'association, de la SCIC et de la SCEA Terres Citoyennes Albigeoises ! - Terres citoyennes albigeoises","og_description":"Le samedi 9 avril 2022 sera consacr\u00e9 aux assembl\u00e9es g\u00e9n\u00e9rales de l\u2019association, de la SCIC-SA et de la SCEA Terres Citoyennes Albigeoises. Au del\u00e0 des assembl\u00e9es g\u00e9n\u00e9rales en tant que telles, les objectifs sont de faire de cette journ\u00e9e un moment collectif et partag\u00e9 \u00e0 propos de Terres Citoyennes Albigeoises. A cet effet, nous avons [&hellip;]","og_url":"https:\/\/terrescitoyennes.org\/index.php\/2022\/03\/25\/samedi-09-avril-2022-assemblees-generales-de-lassociation-de-la-scic-et-de-la-scea-terres-citoyennes-albigeoises\/","og_site_name":"Terres citoyennes albigeoises","article_publisher":"https:\/\/www.facebook.com\/Terres-citoyennes-albigeoises-513479312353377\/","article_published_time":"2022-03-25T14:23:11+00:00","article_modified_time":"2022-06-22T17:39:15+00:00","og_image":[{"width":1024,"height":683,"url":"https:\/\/terrescitoyennes.org\/wp-content\/uploads\/2022\/03\/TCA-AG-2021_2560x1440-11-1024x683.jpg","type":"image\/jpeg"}],"author":"Terres citoyennes albigeoises","twitter_card":"summary_large_image","twitter_misc":{"\u00c9crit par":"Terres citoyennes albigeoises","Dur\u00e9e de lecture estim\u00e9e":"2 minutes"},"schema":{"@context":"https:\/\/schema.org","@graph":[{"@type":"Article","@id":"https:\/\/terrescitoyennes.org\/index.php\/2022\/03\/25\/samedi-09-avril-2022-assemblees-generales-de-lassociation-de-la-scic-et-de-la-scea-terres-citoyennes-albigeoises\/#article","isPartOf":{"@id":"https:\/\/terrescitoyennes.org\/index.php\/2022\/03\/25\/samedi-09-avril-2022-assemblees-generales-de-lassociation-de-la-scic-et-de-la-scea-terres-citoyennes-albigeoises\/"},"author":{"name":"Terres citoyennes albigeoises","@id":"https:\/\/terrescitoyennes.org\/#\/schema\/person\/2ca60c5af49c632b940f38bcfe958ff2"},"headline":"Samedi 09 avril 2022 : assembl\u00e9es g\u00e9n\u00e9rales de l&rsquo;association, de la SCIC et de la SCEA Terres Citoyennes Albigeoises !","datePublished":"2022-03-25T14:23:11+00:00","dateModified":"2022-06-22T17:39:15+00:00","mainEntityOfPage":{"@id":"https:\/\/terrescitoyennes.org\/index.php\/2022\/03\/25\/samedi-09-avril-2022-assemblees-generales-de-lassociation-de-la-scic-et-de-la-scea-terres-citoyennes-albigeoises\/"},"wordCount":324,"publisher":{"@id":"https:\/\/terrescitoyennes.org\/#organization"},"image":{"@id":"https:\/\/terrescitoyennes.org\/index.php\/2022\/03\/25\/samedi-09-avril-2022-assemblees-generales-de-lassociation-de-la-scic-et-de-la-scea-terres-citoyennes-albigeoises\/#primaryimage"},"thumbnailUrl":"https:\/\/terrescitoyennes.org\/wp-content\/uploads\/2022\/03\/TCA-AG-2021_2560x1440-11.jpg","inLanguage":"fr-FR"},{"@type":"WebPage","@id":"https:\/\/terrescitoyennes.org\/index.php\/2022\/03\/25\/samedi-09-avril-2022-assemblees-generales-de-lassociation-de-la-scic-et-de-la-scea-terres-citoyennes-albigeoises\/","url":"https:\/\/terrescitoyennes.org\/index.php\/2022\/03\/25\/samedi-09-avril-2022-assemblees-generales-de-lassociation-de-la-scic-et-de-la-scea-terres-citoyennes-albigeoises\/","name":"Samedi 09 avril 2022 : assembl\u00e9es g\u00e9n\u00e9rales de l'association, de la SCIC et de la SCEA Terres Citoyennes Albigeoises ! - Terres citoyennes albigeoises","isPartOf":{"@id":"https:\/\/terrescitoyennes.org\/#website"},"primaryImageOfPage":{"@id":"https:\/\/terrescitoyennes.org\/index.php\/2022\/03\/25\/samedi-09-avril-2022-assemblees-generales-de-lassociation-de-la-scic-et-de-la-scea-terres-citoyennes-albigeoises\/#primaryimage"},"image":{"@id":"https:\/\/terrescitoyennes.org\/index.php\/2022\/03\/25\/samedi-09-avril-2022-assemblees-generales-de-lassociation-de-la-scic-et-de-la-scea-terres-citoyennes-albigeoises\/#primaryimage"},"thumbnailUrl":"https:\/\/terrescitoyennes.org\/wp-content\/uploads\/2022\/03\/TCA-AG-2021_2560x1440-11.jpg","datePublished":"2022-03-25T14:23:11+00:00","dateModified":"2022-06-22T17:39:15+00:00","breadcrumb":{"@id":"https:\/\/terrescitoyennes.org\/index.php\/2022\/03\/25\/samedi-09-avril-2022-assemblees-generales-de-lassociation-de-la-scic-et-de-la-scea-terres-citoyennes-albigeoises\/#breadcrumb"},"inLanguage":"fr-FR","potentialAction":[{"@type":"ReadAction","target":["https:\/\/terrescitoyennes.org\/index.php\/2022\/03\/25\/samedi-09-avril-2022-assemblees-generales-de-lassociation-de-la-scic-et-de-la-scea-terres-citoyennes-albigeoises\/"]}]},{"@type":"ImageObject","inLanguage":"fr-FR","@id":"https:\/\/terrescitoyennes.org\/index.php\/2022\/03\/25\/samedi-09-avril-2022-assemblees-generales-de-lassociation-de-la-scic-et-de-la-scea-terres-citoyennes-albigeoises\/#primaryimage","url":"https:\/\/terrescitoyennes.org\/wp-content\/uploads\/2022\/03\/TCA-AG-2021_2560x1440-11.jpg","contentUrl":"https:\/\/terrescitoyennes.org\/wp-content\/uploads\/2022\/03\/TCA-AG-2021_2560x1440-11.jpg","width":2158,"height":1440},{"@type":"BreadcrumbList","@id":"https:\/\/terrescitoyennes.org\/index.php\/2022\/03\/25\/samedi-09-avril-2022-assemblees-generales-de-lassociation-de-la-scic-et-de-la-scea-terres-citoyennes-albigeoises\/#breadcrumb","itemListElement":[{"@type":"ListItem","position":1,"name":"Accueil","item":"https:\/\/terrescitoyennes.org\/"},{"@type":"ListItem","position":2,"name":"Samedi 09 avril 2022 : assembl\u00e9es g\u00e9n\u00e9rales de l&rsquo;association, de la SCIC et de la SCEA Terres Citoyennes Albigeoises !"}]},{"@type":"WebSite","@id":"https:\/\/terrescitoyennes.org\/#website","url":"https:\/\/terrescitoyennes.org\/","name":"Terres Citoyennes Albigeoises","description":"","publisher":{"@id":"https:\/\/terrescitoyennes.org\/#organization"},"potentialAction":[{"@type":"SearchAction","target":{"@type":"EntryPoint","urlTemplate":"https:\/\/terrescitoyennes.org\/?s={search_term_string}"},"query-input":{"@type":"PropertyValueSpecification","valueRequired":true,"valueName":"search_term_string"}}],"inLanguage":"fr-FR"},{"@type":"Organization","@id":"https:\/\/terrescitoyennes.org\/#organization","name":"Terres Citoyennes Albigeoises","url":"https:\/\/terrescitoyennes.org\/","logo":{"@type":"ImageObject","inLanguage":"fr-FR","@id":"https:\/\/terrescitoyennes.org\/#\/schema\/logo\/image\/","url":"https:\/\/terrescitoyennes.org\/wp-content\/uploads\/2020\/05\/LOGO-TC-propo-01.png","contentUrl":"https:\/\/terrescitoyennes.org\/wp-content\/uploads\/2020\/05\/LOGO-TC-propo-01.png","width":519,"height":459,"caption":"Terres Citoyennes Albigeoises"},"image":{"@id":"https:\/\/terrescitoyennes.org\/#\/schema\/logo\/image\/"},"sameAs":["https:\/\/www.facebook.com\/Terres-citoyennes-albigeoises-513479312353377\/"]},{"@type":"Person","@id":"https:\/\/terrescitoyennes.org\/#\/schema\/person\/2ca60c5af49c632b940f38bcfe958ff2","name":"Terres citoyennes albigeoises","image":{"@type":"ImageObject","inLanguage":"fr-FR","@id":"https:\/\/terrescitoyennes.org\/#\/schema\/person\/image\/","url":"https:\/\/secure.gravatar.com\/avatar\/b0d2ef456c31157ca4c1809df358b2b0?s=96&d=mm&r=g","contentUrl":"https:\/\/secure.gravatar.com\/avatar\/b0d2ef456c31157ca4c1809df358b2b0?s=96&d=mm&r=g","caption":"Terres citoyennes albigeoises"},"url":"https:\/\/terrescitoyennes.org\/index.php\/author\/terres-citoyennes\/"}]}},"_links":{"self":[{"href":"https:\/\/terrescitoyennes.org\/index.php\/wp-json\/wp\/v2\/posts\/3147"}],"collection":[{"href":"https:\/\/terrescitoyennes.org\/index.php\/wp-json\/wp\/v2\/posts"}],"about":[{"href":"https:\/\/terrescitoyennes.org\/index.php\/wp-json\/wp\/v2\/types\/post"}],"author":[{"embeddable":true,"href":"https:\/\/terrescitoyennes.org\/index.php\/wp-json\/wp\/v2\/users\/2"}],"replies":[{"embeddable":true,"href":"https:\/\/terrescitoyennes.org\/index.php\/wp-json\/wp\/v2\/comments?post=3147"}],"version-history":[{"count":4,"href":"https:\/\/terrescitoyennes.org\/index.php\/wp-json\/wp\/v2\/posts\/3147\/revisions"}],"predecessor-version":[{"id":3196,"href":"https:\/\/terrescitoyennes.org\/index.php\/wp-json\/wp\/v2\/posts\/3147\/revisions\/3196"}],"wp:featuredmedia":[{"embeddable":true,"href":"https:\/\/terrescitoyennes.org\/index.php\/wp-json\/wp\/v2\/media\/3195"}],"wp:attachment":[{"href":"https:\/\/terrescitoyennes.org\/index.php\/wp-json\/wp\/v2\/media?parent=3147"}],"wp:term":[{"taxonomy":"category","embeddable":true,"href":"https:\/\/terrescitoyennes.org\/index.php\/wp-json\/wp\/v2\/categories?post=3147"},{"taxonomy":"post_tag","embeddable":true,"href":"https:\/\/terrescitoyennes.org\/index.php\/wp-json\/wp\/v2\/tags?post=3147"}],"curies":[{"name":"wp","href":"https:\/\/api.w.org\/{rel}","templated":true}]}}