{"id":3631,"date":"2023-04-12T16:12:17","date_gmt":"2023-04-12T14:12:17","guid":{"rendered":"https:\/\/terrescitoyennes.org\/?p=3631"},"modified":"2023-04-13T11:29:43","modified_gmt":"2023-04-13T09:29:43","slug":"les-48h-de-lagriculture-urbaine-edition-2023","status":"publish","type":"post","link":"https:\/\/terrescitoyennes.org\/index.php\/2023\/04\/12\/les-48h-de-lagriculture-urbaine-edition-2023\/","title":{"rendered":"Les 48h de l&rsquo;Agriculture urbaine \u00e9dition 2023"},"content":{"rendered":"\n<p>Cette ann\u00e9e encore Terres Citoyennes a d\u00e9cid\u00e9 de coordonner les 48h de l&rsquo;Agriculture dans le Tarn. Elles auront lieu les 29 et 30 avril prochains.<\/p>\n\n\n\n<p>Au programme : <\/p>\n\n\n\n<p>Les jardins partag\u00e9s de Lescure, Labrugui\u00e8re, Carmaux et Sainte Croix vous ouvrent leurs portes sur ce week-end et vous proposent diff\u00e9rentes animations et d\u00e9couvertes. Il y en aura pour tous les go\u00fbts !<\/p>\n\n\n\n<ul><li><strong>Cagnac les Mines<\/strong> (<em>Avenue de Saint Sernin<\/em>) : 13<sup>e<\/sup> Rencontre Jardin Nature. Vide Jardin, stand d&rsquo;informations, d&rsquo;animation, vente d&rsquo;objets et d&rsquo;outils divers. Le dimanche 29 avril de 9h \u00e0 18h. Organis\u00e9 par <a href=\"https:\/\/www.foyersruraux.org\/le-reseau\/64205\/foyer-rural-de-cagnac-les-mines-st-ser\/\">Le Foyer\/Fogar rural de Cagnac les Mines Saint Sernin les Mailhoc<\/a>.<\/li><\/ul>\n\n\n\n<ul><li><strong>Carmaux <\/strong><em>(bd du Rajol)<\/em> : Initiation th\u00e9orique et pratique au compostage. Le samedi 29 avril de 14h \u00e0 17h. Organis\u00e9 par <a href=\"https:\/\/www.facebook.com\/conseil.citoyen.carmaux\/?locale=fr_FR\">le Conseil Citoyen de Carmaux<\/a>.<\/li><\/ul>\n\n\n\n<ul><li><strong>Labrugui\u00e8re <\/strong>(<em>impasse rue du Bonnet<\/em>) : Visite des jardins partag\u00e9s. Le samedi 29 avril de 15h \u00e0 17h ainsi que le dimanche de 10h \u00e0 12h et de 15h \u00e0 17h. Organis\u00e9 <a href=\"https:\/\/tarnaveyronlozere.secours-catholique.org\/notre-actualite\/les-jardins-partages-et-latelier-permaculture-de-labruguiere\">par l\u2019Association des Jardins Partag\u00e9s et Atelier Permaculture de Labrugui\u00e8re<\/a>. <\/li><li><strong>A Labrugui\u00e8re<\/strong> <strong>toujours <\/strong>(<em>p\u00f4le social, 32 Quater All\u00e9e Notre Dame<\/em>)  : atelier permaculture sur diverses th\u00e9matiques en lien avec le jardin. Le samedi 29 avril de 10h \u00e0 12h30.<\/li><\/ul>\n\n\n\n<ul><li><strong>Lescure <\/strong>(<em>m\u00e9diath\u00e8que de Lescure, route Saint Michel)<\/em> : Rendez-vous au jardin libre. Le samedi 29 avril de 10h \u00e0 12h. Organis\u00e9 par <a href=\"https:\/\/www.facebook.com\/profile.php?id=100069461651849\">Terres Citoyennes Albigeoises<\/a>.<\/li><li><strong>A Lescure toujours<\/strong> (<em>chemin de la Malsanqui\u00e9, parking salle multisports fr\u00e8res foch ou m\u00e9diath\u00e8que<\/em>) : pique nique partag\u00e9 \u00e0 l&rsquo;ombre du nouveau b\u00e2timent, chantier participatif, balade comment\u00e9e des terres citoyennes, siestes podcast,&#8230;<\/li><\/ul>\n\n\n\n<ul><li><strong>Sainte Croix<\/strong> (<em>Le Colombier<\/em>) : Journ\u00e9e portes-ouvertes et coup de main. Le samedi 29 avril de 14h \u00e0 17h. Organis\u00e9e par <a href=\"https:\/\/www.facebook.com\/people\/Miss-Terre-Jardins-Associatifs-Sainte-Croix\/100068922649647\/?paipv=0&amp;eav=AfY50-n7x2oYeVh0Gp17wwuUz4gtPQNLHuz6zHDf63RkK1WyPo6RX5SQpxX2J4bGgzI&amp;_rdr\">l&rsquo;association Miss Terre<\/a>.<\/li><\/ul>\n\n\n\n<p>C&rsquo;est l&rsquo;occasion de d\u00e9couvrir ce qui se fait par chez vous !<\/p>\n\n\n\n<p><\/p>\n\n\n\n<p class=\"has-text-align-center\"><em>Vous souhaitez organiser quelque chose par chez vous ? C&rsquo;est encore possible : n&rsquo;h\u00e9sitez pas \u00e0 nous contacter : Marion au 07 67 67 87 91 ou par mail : contact@terrescitoyennes.org<\/em><\/p>\n","protected":false},"excerpt":{"rendered":"<p>Cette ann\u00e9e encore Terres Citoyennes a d\u00e9cid\u00e9 de coordonner les 48h de l&rsquo;Agriculture dans le Tarn. Elles auront lieu les 29 et 30 avril prochains. Au programme : Les jardins partag\u00e9s de Lescure, Labrugui\u00e8re, Carmaux et Sainte Croix vous ouvrent leurs portes sur ce week-end et vous proposent diff\u00e9rentes animations et d\u00e9couvertes. Il y en [&hellip;]<\/p>\n","protected":false},"author":2,"featured_media":3632,"comment_status":"closed","ping_status":"closed","sticky":false,"template":"","format":"standard","meta":{"footnotes":""},"categories":[1],"tags":[],"yoast_head":"<!-- This site is optimized with the Yoast SEO plugin v23.5 - https:\/\/yoast.com\/wordpress\/plugins\/seo\/ -->\n<title>Les 48h de l&#039;Agriculture urbaine \u00e9dition 2023 - Terres citoyennes albigeoises<\/title>\n<meta name=\"robots\" content=\"index, follow, max-snippet:-1, max-image-preview:large, max-video-preview:-1\" \/>\n<link rel=\"canonical\" href=\"https:\/\/terrescitoyennes.org\/index.php\/2023\/04\/12\/les-48h-de-lagriculture-urbaine-edition-2023\/\" \/>\n<meta property=\"og:locale\" content=\"fr_FR\" \/>\n<meta property=\"og:type\" content=\"article\" \/>\n<meta property=\"og:title\" content=\"Les 48h de l&#039;Agriculture urbaine \u00e9dition 2023 - Terres citoyennes albigeoises\" \/>\n<meta property=\"og:description\" content=\"Cette ann\u00e9e encore Terres Citoyennes a d\u00e9cid\u00e9 de coordonner les 48h de l&rsquo;Agriculture dans le Tarn. Elles auront lieu les 29 et 30 avril prochains. Au programme : Les jardins partag\u00e9s de Lescure, Labrugui\u00e8re, Carmaux et Sainte Croix vous ouvrent leurs portes sur ce week-end et vous proposent diff\u00e9rentes animations et d\u00e9couvertes. Il y en [&hellip;]\" \/>\n<meta property=\"og:url\" content=\"https:\/\/terrescitoyennes.org\/index.php\/2023\/04\/12\/les-48h-de-lagriculture-urbaine-edition-2023\/\" \/>\n<meta property=\"og:site_name\" content=\"Terres citoyennes albigeoises\" \/>\n<meta property=\"article:publisher\" content=\"https:\/\/www.facebook.com\/Terres-citoyennes-albigeoises-513479312353377\/\" \/>\n<meta property=\"article:published_time\" content=\"2023-04-12T14:12:17+00:00\" \/>\n<meta property=\"article:modified_time\" content=\"2023-04-13T09:29:43+00:00\" \/>\n<meta property=\"og:image\" content=\"https:\/\/terrescitoyennes.org\/wp-content\/uploads\/2023\/04\/1-2-NE-PAS-MODIFIER-NI-DEVEROUILLER--724x1024.png\" \/>\n\t<meta property=\"og:image:width\" content=\"724\" \/>\n\t<meta property=\"og:image:height\" content=\"1024\" \/>\n\t<meta property=\"og:image:type\" content=\"image\/png\" \/>\n<meta name=\"author\" content=\"Terres citoyennes albigeoises\" \/>\n<meta name=\"twitter:card\" content=\"summary_large_image\" \/>\n<meta name=\"twitter:label1\" content=\"\u00c9crit par\" \/>\n\t<meta name=\"twitter:data1\" content=\"Terres citoyennes albigeoises\" \/>\n\t<meta name=\"twitter:label2\" content=\"Dur\u00e9e de lecture estim\u00e9e\" \/>\n\t<meta name=\"twitter:data2\" content=\"2 minutes\" \/>\n<script type=\"application\/ld+json\" class=\"yoast-schema-graph\">{\"@context\":\"https:\/\/schema.org\",\"@graph\":[{\"@type\":\"Article\",\"@id\":\"https:\/\/terrescitoyennes.org\/index.php\/2023\/04\/12\/les-48h-de-lagriculture-urbaine-edition-2023\/#article\",\"isPartOf\":{\"@id\":\"https:\/\/terrescitoyennes.org\/index.php\/2023\/04\/12\/les-48h-de-lagriculture-urbaine-edition-2023\/\"},\"author\":{\"name\":\"Terres citoyennes albigeoises\",\"@id\":\"https:\/\/terrescitoyennes.org\/#\/schema\/person\/2ca60c5af49c632b940f38bcfe958ff2\"},\"headline\":\"Les 48h de l&rsquo;Agriculture urbaine \u00e9dition 2023\",\"datePublished\":\"2023-04-12T14:12:17+00:00\",\"dateModified\":\"2023-04-13T09:29:43+00:00\",\"mainEntityOfPage\":{\"@id\":\"https:\/\/terrescitoyennes.org\/index.php\/2023\/04\/12\/les-48h-de-lagriculture-urbaine-edition-2023\/\"},\"wordCount\":324,\"publisher\":{\"@id\":\"https:\/\/terrescitoyennes.org\/#organization\"},\"image\":{\"@id\":\"https:\/\/terrescitoyennes.org\/index.php\/2023\/04\/12\/les-48h-de-lagriculture-urbaine-edition-2023\/#primaryimage\"},\"thumbnailUrl\":\"https:\/\/terrescitoyennes.org\/wp-content\/uploads\/2023\/04\/1-2-NE-PAS-MODIFIER-NI-DEVEROUILLER-.png\",\"inLanguage\":\"fr-FR\"},{\"@type\":\"WebPage\",\"@id\":\"https:\/\/terrescitoyennes.org\/index.php\/2023\/04\/12\/les-48h-de-lagriculture-urbaine-edition-2023\/\",\"url\":\"https:\/\/terrescitoyennes.org\/index.php\/2023\/04\/12\/les-48h-de-lagriculture-urbaine-edition-2023\/\",\"name\":\"Les 48h de l'Agriculture urbaine \u00e9dition 2023 - Terres citoyennes albigeoises\",\"isPartOf\":{\"@id\":\"https:\/\/terrescitoyennes.org\/#website\"},\"primaryImageOfPage\":{\"@id\":\"https:\/\/terrescitoyennes.org\/index.php\/2023\/04\/12\/les-48h-de-lagriculture-urbaine-edition-2023\/#primaryimage\"},\"image\":{\"@id\":\"https:\/\/terrescitoyennes.org\/index.php\/2023\/04\/12\/les-48h-de-lagriculture-urbaine-edition-2023\/#primaryimage\"},\"thumbnailUrl\":\"https:\/\/terrescitoyennes.org\/wp-content\/uploads\/2023\/04\/1-2-NE-PAS-MODIFIER-NI-DEVEROUILLER-.png\",\"datePublished\":\"2023-04-12T14:12:17+00:00\",\"dateModified\":\"2023-04-13T09:29:43+00:00\",\"breadcrumb\":{\"@id\":\"https:\/\/terrescitoyennes.org\/index.php\/2023\/04\/12\/les-48h-de-lagriculture-urbaine-edition-2023\/#breadcrumb\"},\"inLanguage\":\"fr-FR\",\"potentialAction\":[{\"@type\":\"ReadAction\",\"target\":[\"https:\/\/terrescitoyennes.org\/index.php\/2023\/04\/12\/les-48h-de-lagriculture-urbaine-edition-2023\/\"]}]},{\"@type\":\"ImageObject\",\"inLanguage\":\"fr-FR\",\"@id\":\"https:\/\/terrescitoyennes.org\/index.php\/2023\/04\/12\/les-48h-de-lagriculture-urbaine-edition-2023\/#primaryimage\",\"url\":\"https:\/\/terrescitoyennes.org\/wp-content\/uploads\/2023\/04\/1-2-NE-PAS-MODIFIER-NI-DEVEROUILLER-.png\",\"contentUrl\":\"https:\/\/terrescitoyennes.org\/wp-content\/uploads\/2023\/04\/1-2-NE-PAS-MODIFIER-NI-DEVEROUILLER-.png\",\"width\":1587,\"height\":2245,\"caption\":\"Les 48h de l'Agrioculture Urbaine dans le Tarn\"},{\"@type\":\"BreadcrumbList\",\"@id\":\"https:\/\/terrescitoyennes.org\/index.php\/2023\/04\/12\/les-48h-de-lagriculture-urbaine-edition-2023\/#breadcrumb\",\"itemListElement\":[{\"@type\":\"ListItem\",\"position\":1,\"name\":\"Accueil\",\"item\":\"https:\/\/terrescitoyennes.org\/\"},{\"@type\":\"ListItem\",\"position\":2,\"name\":\"Les 48h de l&rsquo;Agriculture urbaine \u00e9dition 2023\"}]},{\"@type\":\"WebSite\",\"@id\":\"https:\/\/terrescitoyennes.org\/#website\",\"url\":\"https:\/\/terrescitoyennes.org\/\",\"name\":\"Terres Citoyennes Albigeoises\",\"description\":\"\",\"publisher\":{\"@id\":\"https:\/\/terrescitoyennes.org\/#organization\"},\"potentialAction\":[{\"@type\":\"SearchAction\",\"target\":{\"@type\":\"EntryPoint\",\"urlTemplate\":\"https:\/\/terrescitoyennes.org\/?s={search_term_string}\"},\"query-input\":{\"@type\":\"PropertyValueSpecification\",\"valueRequired\":true,\"valueName\":\"search_term_string\"}}],\"inLanguage\":\"fr-FR\"},{\"@type\":\"Organization\",\"@id\":\"https:\/\/terrescitoyennes.org\/#organization\",\"name\":\"Terres Citoyennes Albigeoises\",\"url\":\"https:\/\/terrescitoyennes.org\/\",\"logo\":{\"@type\":\"ImageObject\",\"inLanguage\":\"fr-FR\",\"@id\":\"https:\/\/terrescitoyennes.org\/#\/schema\/logo\/image\/\",\"url\":\"https:\/\/terrescitoyennes.org\/wp-content\/uploads\/2020\/05\/LOGO-TC-propo-01.png\",\"contentUrl\":\"https:\/\/terrescitoyennes.org\/wp-content\/uploads\/2020\/05\/LOGO-TC-propo-01.png\",\"width\":519,\"height\":459,\"caption\":\"Terres Citoyennes Albigeoises\"},\"image\":{\"@id\":\"https:\/\/terrescitoyennes.org\/#\/schema\/logo\/image\/\"},\"sameAs\":[\"https:\/\/www.facebook.com\/Terres-citoyennes-albigeoises-513479312353377\/\"]},{\"@type\":\"Person\",\"@id\":\"https:\/\/terrescitoyennes.org\/#\/schema\/person\/2ca60c5af49c632b940f38bcfe958ff2\",\"name\":\"Terres citoyennes albigeoises\",\"image\":{\"@type\":\"ImageObject\",\"inLanguage\":\"fr-FR\",\"@id\":\"https:\/\/terrescitoyennes.org\/#\/schema\/person\/image\/\",\"url\":\"https:\/\/secure.gravatar.com\/avatar\/b0d2ef456c31157ca4c1809df358b2b0?s=96&d=mm&r=g\",\"contentUrl\":\"https:\/\/secure.gravatar.com\/avatar\/b0d2ef456c31157ca4c1809df358b2b0?s=96&d=mm&r=g\",\"caption\":\"Terres citoyennes albigeoises\"},\"url\":\"https:\/\/terrescitoyennes.org\/index.php\/author\/terres-citoyennes\/\"}]}<\/script>\n<!-- \/ Yoast SEO plugin. -->","yoast_head_json":{"title":"Les 48h de l'Agriculture urbaine \u00e9dition 2023 - Terres citoyennes albigeoises","robots":{"index":"index","follow":"follow","max-snippet":"max-snippet:-1","max-image-preview":"max-image-preview:large","max-video-preview":"max-video-preview:-1"},"canonical":"https:\/\/terrescitoyennes.org\/index.php\/2023\/04\/12\/les-48h-de-lagriculture-urbaine-edition-2023\/","og_locale":"fr_FR","og_type":"article","og_title":"Les 48h de l'Agriculture urbaine \u00e9dition 2023 - Terres citoyennes albigeoises","og_description":"Cette ann\u00e9e encore Terres Citoyennes a d\u00e9cid\u00e9 de coordonner les 48h de l&rsquo;Agriculture dans le Tarn. Elles auront lieu les 29 et 30 avril prochains. Au programme : Les jardins partag\u00e9s de Lescure, Labrugui\u00e8re, Carmaux et Sainte Croix vous ouvrent leurs portes sur ce week-end et vous proposent diff\u00e9rentes animations et d\u00e9couvertes. Il y en [&hellip;]","og_url":"https:\/\/terrescitoyennes.org\/index.php\/2023\/04\/12\/les-48h-de-lagriculture-urbaine-edition-2023\/","og_site_name":"Terres citoyennes albigeoises","article_publisher":"https:\/\/www.facebook.com\/Terres-citoyennes-albigeoises-513479312353377\/","article_published_time":"2023-04-12T14:12:17+00:00","article_modified_time":"2023-04-13T09:29:43+00:00","og_image":[{"width":724,"height":1024,"url":"https:\/\/terrescitoyennes.org\/wp-content\/uploads\/2023\/04\/1-2-NE-PAS-MODIFIER-NI-DEVEROUILLER--724x1024.png","type":"image\/png"}],"author":"Terres citoyennes albigeoises","twitter_card":"summary_large_image","twitter_misc":{"\u00c9crit par":"Terres citoyennes albigeoises","Dur\u00e9e de lecture estim\u00e9e":"2 minutes"},"schema":{"@context":"https:\/\/schema.org","@graph":[{"@type":"Article","@id":"https:\/\/terrescitoyennes.org\/index.php\/2023\/04\/12\/les-48h-de-lagriculture-urbaine-edition-2023\/#article","isPartOf":{"@id":"https:\/\/terrescitoyennes.org\/index.php\/2023\/04\/12\/les-48h-de-lagriculture-urbaine-edition-2023\/"},"author":{"name":"Terres citoyennes albigeoises","@id":"https:\/\/terrescitoyennes.org\/#\/schema\/person\/2ca60c5af49c632b940f38bcfe958ff2"},"headline":"Les 48h de l&rsquo;Agriculture urbaine \u00e9dition 2023","datePublished":"2023-04-12T14:12:17+00:00","dateModified":"2023-04-13T09:29:43+00:00","mainEntityOfPage":{"@id":"https:\/\/terrescitoyennes.org\/index.php\/2023\/04\/12\/les-48h-de-lagriculture-urbaine-edition-2023\/"},"wordCount":324,"publisher":{"@id":"https:\/\/terrescitoyennes.org\/#organization"},"image":{"@id":"https:\/\/terrescitoyennes.org\/index.php\/2023\/04\/12\/les-48h-de-lagriculture-urbaine-edition-2023\/#primaryimage"},"thumbnailUrl":"https:\/\/terrescitoyennes.org\/wp-content\/uploads\/2023\/04\/1-2-NE-PAS-MODIFIER-NI-DEVEROUILLER-.png","inLanguage":"fr-FR"},{"@type":"WebPage","@id":"https:\/\/terrescitoyennes.org\/index.php\/2023\/04\/12\/les-48h-de-lagriculture-urbaine-edition-2023\/","url":"https:\/\/terrescitoyennes.org\/index.php\/2023\/04\/12\/les-48h-de-lagriculture-urbaine-edition-2023\/","name":"Les 48h de l'Agriculture urbaine \u00e9dition 2023 - Terres citoyennes albigeoises","isPartOf":{"@id":"https:\/\/terrescitoyennes.org\/#website"},"primaryImageOfPage":{"@id":"https:\/\/terrescitoyennes.org\/index.php\/2023\/04\/12\/les-48h-de-lagriculture-urbaine-edition-2023\/#primaryimage"},"image":{"@id":"https:\/\/terrescitoyennes.org\/index.php\/2023\/04\/12\/les-48h-de-lagriculture-urbaine-edition-2023\/#primaryimage"},"thumbnailUrl":"https:\/\/terrescitoyennes.org\/wp-content\/uploads\/2023\/04\/1-2-NE-PAS-MODIFIER-NI-DEVEROUILLER-.png","datePublished":"2023-04-12T14:12:17+00:00","dateModified":"2023-04-13T09:29:43+00:00","breadcrumb":{"@id":"https:\/\/terrescitoyennes.org\/index.php\/2023\/04\/12\/les-48h-de-lagriculture-urbaine-edition-2023\/#breadcrumb"},"inLanguage":"fr-FR","potentialAction":[{"@type":"ReadAction","target":["https:\/\/terrescitoyennes.org\/index.php\/2023\/04\/12\/les-48h-de-lagriculture-urbaine-edition-2023\/"]}]},{"@type":"ImageObject","inLanguage":"fr-FR","@id":"https:\/\/terrescitoyennes.org\/index.php\/2023\/04\/12\/les-48h-de-lagriculture-urbaine-edition-2023\/#primaryimage","url":"https:\/\/terrescitoyennes.org\/wp-content\/uploads\/2023\/04\/1-2-NE-PAS-MODIFIER-NI-DEVEROUILLER-.png","contentUrl":"https:\/\/terrescitoyennes.org\/wp-content\/uploads\/2023\/04\/1-2-NE-PAS-MODIFIER-NI-DEVEROUILLER-.png","width":1587,"height":2245,"caption":"Les 48h de l'Agrioculture Urbaine dans le Tarn"},{"@type":"BreadcrumbList","@id":"https:\/\/terrescitoyennes.org\/index.php\/2023\/04\/12\/les-48h-de-lagriculture-urbaine-edition-2023\/#breadcrumb","itemListElement":[{"@type":"ListItem","position":1,"name":"Accueil","item":"https:\/\/terrescitoyennes.org\/"},{"@type":"ListItem","position":2,"name":"Les 48h de l&rsquo;Agriculture urbaine \u00e9dition 2023"}]},{"@type":"WebSite","@id":"https:\/\/terrescitoyennes.org\/#website","url":"https:\/\/terrescitoyennes.org\/","name":"Terres Citoyennes Albigeoises","description":"","publisher":{"@id":"https:\/\/terrescitoyennes.org\/#organization"},"potentialAction":[{"@type":"SearchAction","target":{"@type":"EntryPoint","urlTemplate":"https:\/\/terrescitoyennes.org\/?s={search_term_string}"},"query-input":{"@type":"PropertyValueSpecification","valueRequired":true,"valueName":"search_term_string"}}],"inLanguage":"fr-FR"},{"@type":"Organization","@id":"https:\/\/terrescitoyennes.org\/#organization","name":"Terres Citoyennes Albigeoises","url":"https:\/\/terrescitoyennes.org\/","logo":{"@type":"ImageObject","inLanguage":"fr-FR","@id":"https:\/\/terrescitoyennes.org\/#\/schema\/logo\/image\/","url":"https:\/\/terrescitoyennes.org\/wp-content\/uploads\/2020\/05\/LOGO-TC-propo-01.png","contentUrl":"https:\/\/terrescitoyennes.org\/wp-content\/uploads\/2020\/05\/LOGO-TC-propo-01.png","width":519,"height":459,"caption":"Terres Citoyennes Albigeoises"},"image":{"@id":"https:\/\/terrescitoyennes.org\/#\/schema\/logo\/image\/"},"sameAs":["https:\/\/www.facebook.com\/Terres-citoyennes-albigeoises-513479312353377\/"]},{"@type":"Person","@id":"https:\/\/terrescitoyennes.org\/#\/schema\/person\/2ca60c5af49c632b940f38bcfe958ff2","name":"Terres citoyennes albigeoises","image":{"@type":"ImageObject","inLanguage":"fr-FR","@id":"https:\/\/terrescitoyennes.org\/#\/schema\/person\/image\/","url":"https:\/\/secure.gravatar.com\/avatar\/b0d2ef456c31157ca4c1809df358b2b0?s=96&d=mm&r=g","contentUrl":"https:\/\/secure.gravatar.com\/avatar\/b0d2ef456c31157ca4c1809df358b2b0?s=96&d=mm&r=g","caption":"Terres citoyennes albigeoises"},"url":"https:\/\/terrescitoyennes.org\/index.php\/author\/terres-citoyennes\/"}]}},"_links":{"self":[{"href":"https:\/\/terrescitoyennes.org\/index.php\/wp-json\/wp\/v2\/posts\/3631"}],"collection":[{"href":"https:\/\/terrescitoyennes.org\/index.php\/wp-json\/wp\/v2\/posts"}],"about":[{"href":"https:\/\/terrescitoyennes.org\/index.php\/wp-json\/wp\/v2\/types\/post"}],"author":[{"embeddable":true,"href":"https:\/\/terrescitoyennes.org\/index.php\/wp-json\/wp\/v2\/users\/2"}],"replies":[{"embeddable":true,"href":"https:\/\/terrescitoyennes.org\/index.php\/wp-json\/wp\/v2\/comments?post=3631"}],"version-history":[{"count":5,"href":"https:\/\/terrescitoyennes.org\/index.php\/wp-json\/wp\/v2\/posts\/3631\/revisions"}],"predecessor-version":[{"id":3638,"href":"https:\/\/terrescitoyennes.org\/index.php\/wp-json\/wp\/v2\/posts\/3631\/revisions\/3638"}],"wp:featuredmedia":[{"embeddable":true,"href":"https:\/\/terrescitoyennes.org\/index.php\/wp-json\/wp\/v2\/media\/3632"}],"wp:attachment":[{"href":"https:\/\/terrescitoyennes.org\/index.php\/wp-json\/wp\/v2\/media?parent=3631"}],"wp:term":[{"taxonomy":"category","embeddable":true,"href":"https:\/\/terrescitoyennes.org\/index.php\/wp-json\/wp\/v2\/categories?post=3631"},{"taxonomy":"post_tag","embeddable":true,"href":"https:\/\/terrescitoyennes.org\/index.php\/wp-json\/wp\/v2\/tags?post=3631"}],"curies":[{"name":"wp","href":"https:\/\/api.w.org\/{rel}","templated":true}]}}