{"id":3664,"date":"2023-10-06T15:39:54","date_gmt":"2023-10-06T13:39:54","guid":{"rendered":"https:\/\/terrescitoyennes.org\/?p=3664"},"modified":"2023-10-19T19:00:01","modified_gmt":"2023-10-19T17:00:01","slug":"faites-de-la-citrouille-3-ramene-ta-courge","status":"publish","type":"post","link":"https:\/\/terrescitoyennes.org\/index.php\/2023\/10\/06\/faites-de-la-citrouille-3-ramene-ta-courge\/","title":{"rendered":"Faites de la Citrouille #3 &#8211; Ram\u00e8ne ta courge !"},"content":{"rendered":"\n<p>Le samedi 28 octobre \u00e0 partir de 14h rendez-vous pour la 3e \u00e9dition de la Faites de la Citrouille \u00e0 Lescure d&rsquo;Albigeois !<\/p>\n\n\n\n<p>Plusieurs ateliers et animations serons propos\u00e9s :<\/p>\n\n\n\n<ul>\n<li><strong>Atelier sculpture de citrouille<\/strong> : r\u00e9cup\u00e9ration de la chair pour pr\u00e9parer des soupes et autres sp\u00e9cialit\u00e9s courgesques !\n<ul>\n<li>\u2192 Ramenez vos courges ou achetez en une sur place au Magasin de producteur <a href=\"https:\/\/www.facebook.com\/profile.php?id=100085309153684\">Le Mange-tout<\/a> !<\/li>\n<\/ul>\n<\/li>\n\n\n\n<li><strong>Atelier cuisine<\/strong> : pr\u00e9paration sur place de soupes\/tartes\/cakes\/mousse \u00e0 la courge selon envies\u2026<\/li>\n\n\n\n<li><strong>Olympiades maraich\u00e8res<\/strong> : concours mondial de crach\u00e9 de p\u00e9pin de courge, \u00e9preuves diverses\u2026<\/li>\n\n\n\n<li><strong>Visite <\/strong>jusqu&rsquo;au b\u00e2timent en construction,<\/li>\n\n\n\n<li><strong>Atelier cr\u00e9ation de bijoux<\/strong> : \u00e0 partir de graines avec \u00c9lodie de <a href=\"https:\/\/www.facebook.com\/profile.php?id=100076442858030\">La Boutique de Drosofille<\/a><\/li>\n\n\n\n<li><strong>\u00c9coute libre des podcasts<\/strong> \u00ab\u00a0M\u00e9moire du mara\u00eechage\u00a0\u00bb, donnant la parole aux ancien\u00b7ne\u00b7s mara\u00eechers et mara\u00eech\u00e8res de la plaine de Lescure.<\/li>\n\n\n\n<li><strong>Terres citoyennes<\/strong> : c\u2019est quoi ? On sera l\u00e0 pour r\u00e9pondre \u00e0 toutes vos questions.<\/li>\n\n\n\n<li>Cr\u00e9ation d&rsquo;une <strong>fresque g\u00e9ante et autonome<\/strong> !<\/li>\n\n\n\n<li><strong>Coin calme<\/strong> pour prendre le temps tranquillement<\/li>\n<\/ul>\n\n\n\n<p><strong>A 17h r\u00e9sultat du concours<\/strong> de la courge la plus&#8230;. (grande, ronde, petite, grosse, biscornue, &#8230;. rajoutez ici l&rsquo;adjectif qui vous convient !)<\/p>\n\n\n\n<p><strong>A 18h concert de Lo Fyo<\/strong>, Animation musicale occitano boulegant !!<\/p>\n\n\n\n<p>Buvette tout l\u2019apr\u00e8s-midi et restauration sur place en fin d\u2019apr\u00e8s-midi.<\/p>\n\n\n\n<p><em>D&rsquo;ailleurs si vous souhaitez participer \u00e0 l&rsquo;organisation et \u00eatre b\u00e9n\u00e9vole le jour J c&rsquo;est tout \u00e0 fait possible et recherch\u00e9 ! N&rsquo;h\u00e9sitez pas \u00e0 remplir <a href=\"https:\/\/framaforms.org\/benevole-pour-la-faites-de-la-citrouille-1695375659\">ce petit questionnaire<\/a> ou nous contacter directement (07 67 67 87 91)<\/em><\/p>\n\n\n\n<p>Et exceptionnellement <a href=\"https:\/\/www.facebook.com\/search\/top?q=le%20mange-tout\">Le Mange-Tout<\/a>, le magasin de producteurs local sera ouvert tout l\u2019apr\u00e8s-midi.<\/p>\n","protected":false},"excerpt":{"rendered":"<p>Le samedi 28 octobre \u00e0 partir de 14h rendez-vous pour la 3e \u00e9dition de la Faites de la Citrouille \u00e0 Lescure d&rsquo;Albigeois ! Plusieurs ateliers et animations serons propos\u00e9s : A 17h r\u00e9sultat du concours de la courge la plus&#8230;. (grande, ronde, petite, grosse, biscornue, &#8230;. rajoutez ici l&rsquo;adjectif qui vous convient !) A 18h [&hellip;]<\/p>\n","protected":false},"author":2,"featured_media":3665,"comment_status":"closed","ping_status":"closed","sticky":false,"template":"","format":"standard","meta":{"footnotes":""},"categories":[1],"tags":[8,9,22,19,16],"yoast_head":"<!-- This site is optimized with the Yoast SEO plugin v23.5 - https:\/\/yoast.com\/wordpress\/plugins\/seo\/ -->\n<title>Faites de la Citrouille #3 - Ram\u00e8ne ta courge ! - Terres citoyennes albigeoises<\/title>\n<meta name=\"robots\" content=\"index, follow, max-snippet:-1, max-image-preview:large, max-video-preview:-1\" \/>\n<link rel=\"canonical\" href=\"https:\/\/terrescitoyennes.org\/index.php\/2023\/10\/06\/faites-de-la-citrouille-3-ramene-ta-courge\/\" \/>\n<meta property=\"og:locale\" content=\"fr_FR\" \/>\n<meta property=\"og:type\" content=\"article\" \/>\n<meta property=\"og:title\" content=\"Faites de la Citrouille #3 - Ram\u00e8ne ta courge ! - Terres citoyennes albigeoises\" \/>\n<meta property=\"og:description\" content=\"Le samedi 28 octobre \u00e0 partir de 14h rendez-vous pour la 3e \u00e9dition de la Faites de la Citrouille \u00e0 Lescure d&rsquo;Albigeois ! Plusieurs ateliers et animations serons propos\u00e9s : A 17h r\u00e9sultat du concours de la courge la plus&#8230;. (grande, ronde, petite, grosse, biscornue, &#8230;. rajoutez ici l&rsquo;adjectif qui vous convient !) A 18h [&hellip;]\" \/>\n<meta property=\"og:url\" content=\"https:\/\/terrescitoyennes.org\/index.php\/2023\/10\/06\/faites-de-la-citrouille-3-ramene-ta-courge\/\" \/>\n<meta property=\"og:site_name\" content=\"Terres citoyennes albigeoises\" \/>\n<meta property=\"article:publisher\" content=\"https:\/\/www.facebook.com\/Terres-citoyennes-albigeoises-513479312353377\/\" \/>\n<meta property=\"article:published_time\" content=\"2023-10-06T13:39:54+00:00\" \/>\n<meta property=\"article:modified_time\" content=\"2023-10-19T17:00:01+00:00\" \/>\n<meta property=\"og:image\" content=\"https:\/\/terrescitoyennes.org\/wp-content\/uploads\/2023\/10\/Faites-de-la-citrouille-2023-web.png\" \/>\n\t<meta property=\"og:image:width\" content=\"842\" \/>\n\t<meta property=\"og:image:height\" content=\"1191\" \/>\n\t<meta property=\"og:image:type\" content=\"image\/png\" \/>\n<meta name=\"author\" content=\"Terres citoyennes albigeoises\" \/>\n<meta name=\"twitter:card\" content=\"summary_large_image\" \/>\n<meta name=\"twitter:label1\" content=\"\u00c9crit par\" \/>\n\t<meta name=\"twitter:data1\" content=\"Terres citoyennes albigeoises\" \/>\n\t<meta name=\"twitter:label2\" content=\"Dur\u00e9e de lecture estim\u00e9e\" \/>\n\t<meta name=\"twitter:data2\" content=\"2 minutes\" \/>\n<script type=\"application\/ld+json\" class=\"yoast-schema-graph\">{\"@context\":\"https:\/\/schema.org\",\"@graph\":[{\"@type\":\"Article\",\"@id\":\"https:\/\/terrescitoyennes.org\/index.php\/2023\/10\/06\/faites-de-la-citrouille-3-ramene-ta-courge\/#article\",\"isPartOf\":{\"@id\":\"https:\/\/terrescitoyennes.org\/index.php\/2023\/10\/06\/faites-de-la-citrouille-3-ramene-ta-courge\/\"},\"author\":{\"name\":\"Terres citoyennes albigeoises\",\"@id\":\"https:\/\/terrescitoyennes.org\/#\/schema\/person\/2ca60c5af49c632b940f38bcfe958ff2\"},\"headline\":\"Faites de la Citrouille #3 &#8211; Ram\u00e8ne ta courge !\",\"datePublished\":\"2023-10-06T13:39:54+00:00\",\"dateModified\":\"2023-10-19T17:00:01+00:00\",\"mainEntityOfPage\":{\"@id\":\"https:\/\/terrescitoyennes.org\/index.php\/2023\/10\/06\/faites-de-la-citrouille-3-ramene-ta-courge\/\"},\"wordCount\":269,\"publisher\":{\"@id\":\"https:\/\/terrescitoyennes.org\/#organization\"},\"image\":{\"@id\":\"https:\/\/terrescitoyennes.org\/index.php\/2023\/10\/06\/faites-de-la-citrouille-3-ramene-ta-courge\/#primaryimage\"},\"thumbnailUrl\":\"https:\/\/terrescitoyennes.org\/wp-content\/uploads\/2023\/10\/Faites-de-la-citrouille-2023-web.png\",\"keywords\":[\"Albi\",\"albigeois\",\"automne\",\"F\u00eate\",\"Halloween\"],\"inLanguage\":\"fr-FR\"},{\"@type\":\"WebPage\",\"@id\":\"https:\/\/terrescitoyennes.org\/index.php\/2023\/10\/06\/faites-de-la-citrouille-3-ramene-ta-courge\/\",\"url\":\"https:\/\/terrescitoyennes.org\/index.php\/2023\/10\/06\/faites-de-la-citrouille-3-ramene-ta-courge\/\",\"name\":\"Faites de la Citrouille #3 - Ram\u00e8ne ta courge ! - Terres citoyennes albigeoises\",\"isPartOf\":{\"@id\":\"https:\/\/terrescitoyennes.org\/#website\"},\"primaryImageOfPage\":{\"@id\":\"https:\/\/terrescitoyennes.org\/index.php\/2023\/10\/06\/faites-de-la-citrouille-3-ramene-ta-courge\/#primaryimage\"},\"image\":{\"@id\":\"https:\/\/terrescitoyennes.org\/index.php\/2023\/10\/06\/faites-de-la-citrouille-3-ramene-ta-courge\/#primaryimage\"},\"thumbnailUrl\":\"https:\/\/terrescitoyennes.org\/wp-content\/uploads\/2023\/10\/Faites-de-la-citrouille-2023-web.png\",\"datePublished\":\"2023-10-06T13:39:54+00:00\",\"dateModified\":\"2023-10-19T17:00:01+00:00\",\"breadcrumb\":{\"@id\":\"https:\/\/terrescitoyennes.org\/index.php\/2023\/10\/06\/faites-de-la-citrouille-3-ramene-ta-courge\/#breadcrumb\"},\"inLanguage\":\"fr-FR\",\"potentialAction\":[{\"@type\":\"ReadAction\",\"target\":[\"https:\/\/terrescitoyennes.org\/index.php\/2023\/10\/06\/faites-de-la-citrouille-3-ramene-ta-courge\/\"]}]},{\"@type\":\"ImageObject\",\"inLanguage\":\"fr-FR\",\"@id\":\"https:\/\/terrescitoyennes.org\/index.php\/2023\/10\/06\/faites-de-la-citrouille-3-ramene-ta-courge\/#primaryimage\",\"url\":\"https:\/\/terrescitoyennes.org\/wp-content\/uploads\/2023\/10\/Faites-de-la-citrouille-2023-web.png\",\"contentUrl\":\"https:\/\/terrescitoyennes.org\/wp-content\/uploads\/2023\/10\/Faites-de-la-citrouille-2023-web.png\",\"width\":842,\"height\":1191},{\"@type\":\"BreadcrumbList\",\"@id\":\"https:\/\/terrescitoyennes.org\/index.php\/2023\/10\/06\/faites-de-la-citrouille-3-ramene-ta-courge\/#breadcrumb\",\"itemListElement\":[{\"@type\":\"ListItem\",\"position\":1,\"name\":\"Accueil\",\"item\":\"https:\/\/terrescitoyennes.org\/\"},{\"@type\":\"ListItem\",\"position\":2,\"name\":\"Faites de la Citrouille #3 &#8211; Ram\u00e8ne ta courge !\"}]},{\"@type\":\"WebSite\",\"@id\":\"https:\/\/terrescitoyennes.org\/#website\",\"url\":\"https:\/\/terrescitoyennes.org\/\",\"name\":\"Terres Citoyennes Albigeoises\",\"description\":\"\",\"publisher\":{\"@id\":\"https:\/\/terrescitoyennes.org\/#organization\"},\"potentialAction\":[{\"@type\":\"SearchAction\",\"target\":{\"@type\":\"EntryPoint\",\"urlTemplate\":\"https:\/\/terrescitoyennes.org\/?s={search_term_string}\"},\"query-input\":{\"@type\":\"PropertyValueSpecification\",\"valueRequired\":true,\"valueName\":\"search_term_string\"}}],\"inLanguage\":\"fr-FR\"},{\"@type\":\"Organization\",\"@id\":\"https:\/\/terrescitoyennes.org\/#organization\",\"name\":\"Terres Citoyennes Albigeoises\",\"url\":\"https:\/\/terrescitoyennes.org\/\",\"logo\":{\"@type\":\"ImageObject\",\"inLanguage\":\"fr-FR\",\"@id\":\"https:\/\/terrescitoyennes.org\/#\/schema\/logo\/image\/\",\"url\":\"https:\/\/terrescitoyennes.org\/wp-content\/uploads\/2020\/05\/LOGO-TC-propo-01.png\",\"contentUrl\":\"https:\/\/terrescitoyennes.org\/wp-content\/uploads\/2020\/05\/LOGO-TC-propo-01.png\",\"width\":519,\"height\":459,\"caption\":\"Terres Citoyennes Albigeoises\"},\"image\":{\"@id\":\"https:\/\/terrescitoyennes.org\/#\/schema\/logo\/image\/\"},\"sameAs\":[\"https:\/\/www.facebook.com\/Terres-citoyennes-albigeoises-513479312353377\/\"]},{\"@type\":\"Person\",\"@id\":\"https:\/\/terrescitoyennes.org\/#\/schema\/person\/2ca60c5af49c632b940f38bcfe958ff2\",\"name\":\"Terres citoyennes albigeoises\",\"image\":{\"@type\":\"ImageObject\",\"inLanguage\":\"fr-FR\",\"@id\":\"https:\/\/terrescitoyennes.org\/#\/schema\/person\/image\/\",\"url\":\"https:\/\/secure.gravatar.com\/avatar\/b0d2ef456c31157ca4c1809df358b2b0?s=96&d=mm&r=g\",\"contentUrl\":\"https:\/\/secure.gravatar.com\/avatar\/b0d2ef456c31157ca4c1809df358b2b0?s=96&d=mm&r=g\",\"caption\":\"Terres citoyennes albigeoises\"},\"url\":\"https:\/\/terrescitoyennes.org\/index.php\/author\/terres-citoyennes\/\"}]}<\/script>\n<!-- \/ Yoast SEO plugin. -->","yoast_head_json":{"title":"Faites de la Citrouille #3 - Ram\u00e8ne ta courge ! - Terres citoyennes albigeoises","robots":{"index":"index","follow":"follow","max-snippet":"max-snippet:-1","max-image-preview":"max-image-preview:large","max-video-preview":"max-video-preview:-1"},"canonical":"https:\/\/terrescitoyennes.org\/index.php\/2023\/10\/06\/faites-de-la-citrouille-3-ramene-ta-courge\/","og_locale":"fr_FR","og_type":"article","og_title":"Faites de la Citrouille #3 - Ram\u00e8ne ta courge ! - Terres citoyennes albigeoises","og_description":"Le samedi 28 octobre \u00e0 partir de 14h rendez-vous pour la 3e \u00e9dition de la Faites de la Citrouille \u00e0 Lescure d&rsquo;Albigeois ! Plusieurs ateliers et animations serons propos\u00e9s : A 17h r\u00e9sultat du concours de la courge la plus&#8230;. (grande, ronde, petite, grosse, biscornue, &#8230;. rajoutez ici l&rsquo;adjectif qui vous convient !) A 18h [&hellip;]","og_url":"https:\/\/terrescitoyennes.org\/index.php\/2023\/10\/06\/faites-de-la-citrouille-3-ramene-ta-courge\/","og_site_name":"Terres citoyennes albigeoises","article_publisher":"https:\/\/www.facebook.com\/Terres-citoyennes-albigeoises-513479312353377\/","article_published_time":"2023-10-06T13:39:54+00:00","article_modified_time":"2023-10-19T17:00:01+00:00","og_image":[{"width":842,"height":1191,"url":"https:\/\/terrescitoyennes.org\/wp-content\/uploads\/2023\/10\/Faites-de-la-citrouille-2023-web.png","type":"image\/png"}],"author":"Terres citoyennes albigeoises","twitter_card":"summary_large_image","twitter_misc":{"\u00c9crit par":"Terres citoyennes albigeoises","Dur\u00e9e de lecture estim\u00e9e":"2 minutes"},"schema":{"@context":"https:\/\/schema.org","@graph":[{"@type":"Article","@id":"https:\/\/terrescitoyennes.org\/index.php\/2023\/10\/06\/faites-de-la-citrouille-3-ramene-ta-courge\/#article","isPartOf":{"@id":"https:\/\/terrescitoyennes.org\/index.php\/2023\/10\/06\/faites-de-la-citrouille-3-ramene-ta-courge\/"},"author":{"name":"Terres citoyennes albigeoises","@id":"https:\/\/terrescitoyennes.org\/#\/schema\/person\/2ca60c5af49c632b940f38bcfe958ff2"},"headline":"Faites de la Citrouille #3 &#8211; Ram\u00e8ne ta courge !","datePublished":"2023-10-06T13:39:54+00:00","dateModified":"2023-10-19T17:00:01+00:00","mainEntityOfPage":{"@id":"https:\/\/terrescitoyennes.org\/index.php\/2023\/10\/06\/faites-de-la-citrouille-3-ramene-ta-courge\/"},"wordCount":269,"publisher":{"@id":"https:\/\/terrescitoyennes.org\/#organization"},"image":{"@id":"https:\/\/terrescitoyennes.org\/index.php\/2023\/10\/06\/faites-de-la-citrouille-3-ramene-ta-courge\/#primaryimage"},"thumbnailUrl":"https:\/\/terrescitoyennes.org\/wp-content\/uploads\/2023\/10\/Faites-de-la-citrouille-2023-web.png","keywords":["Albi","albigeois","automne","F\u00eate","Halloween"],"inLanguage":"fr-FR"},{"@type":"WebPage","@id":"https:\/\/terrescitoyennes.org\/index.php\/2023\/10\/06\/faites-de-la-citrouille-3-ramene-ta-courge\/","url":"https:\/\/terrescitoyennes.org\/index.php\/2023\/10\/06\/faites-de-la-citrouille-3-ramene-ta-courge\/","name":"Faites de la Citrouille #3 - Ram\u00e8ne ta courge ! - Terres citoyennes albigeoises","isPartOf":{"@id":"https:\/\/terrescitoyennes.org\/#website"},"primaryImageOfPage":{"@id":"https:\/\/terrescitoyennes.org\/index.php\/2023\/10\/06\/faites-de-la-citrouille-3-ramene-ta-courge\/#primaryimage"},"image":{"@id":"https:\/\/terrescitoyennes.org\/index.php\/2023\/10\/06\/faites-de-la-citrouille-3-ramene-ta-courge\/#primaryimage"},"thumbnailUrl":"https:\/\/terrescitoyennes.org\/wp-content\/uploads\/2023\/10\/Faites-de-la-citrouille-2023-web.png","datePublished":"2023-10-06T13:39:54+00:00","dateModified":"2023-10-19T17:00:01+00:00","breadcrumb":{"@id":"https:\/\/terrescitoyennes.org\/index.php\/2023\/10\/06\/faites-de-la-citrouille-3-ramene-ta-courge\/#breadcrumb"},"inLanguage":"fr-FR","potentialAction":[{"@type":"ReadAction","target":["https:\/\/terrescitoyennes.org\/index.php\/2023\/10\/06\/faites-de-la-citrouille-3-ramene-ta-courge\/"]}]},{"@type":"ImageObject","inLanguage":"fr-FR","@id":"https:\/\/terrescitoyennes.org\/index.php\/2023\/10\/06\/faites-de-la-citrouille-3-ramene-ta-courge\/#primaryimage","url":"https:\/\/terrescitoyennes.org\/wp-content\/uploads\/2023\/10\/Faites-de-la-citrouille-2023-web.png","contentUrl":"https:\/\/terrescitoyennes.org\/wp-content\/uploads\/2023\/10\/Faites-de-la-citrouille-2023-web.png","width":842,"height":1191},{"@type":"BreadcrumbList","@id":"https:\/\/terrescitoyennes.org\/index.php\/2023\/10\/06\/faites-de-la-citrouille-3-ramene-ta-courge\/#breadcrumb","itemListElement":[{"@type":"ListItem","position":1,"name":"Accueil","item":"https:\/\/terrescitoyennes.org\/"},{"@type":"ListItem","position":2,"name":"Faites de la Citrouille #3 &#8211; Ram\u00e8ne ta courge !"}]},{"@type":"WebSite","@id":"https:\/\/terrescitoyennes.org\/#website","url":"https:\/\/terrescitoyennes.org\/","name":"Terres Citoyennes Albigeoises","description":"","publisher":{"@id":"https:\/\/terrescitoyennes.org\/#organization"},"potentialAction":[{"@type":"SearchAction","target":{"@type":"EntryPoint","urlTemplate":"https:\/\/terrescitoyennes.org\/?s={search_term_string}"},"query-input":{"@type":"PropertyValueSpecification","valueRequired":true,"valueName":"search_term_string"}}],"inLanguage":"fr-FR"},{"@type":"Organization","@id":"https:\/\/terrescitoyennes.org\/#organization","name":"Terres Citoyennes Albigeoises","url":"https:\/\/terrescitoyennes.org\/","logo":{"@type":"ImageObject","inLanguage":"fr-FR","@id":"https:\/\/terrescitoyennes.org\/#\/schema\/logo\/image\/","url":"https:\/\/terrescitoyennes.org\/wp-content\/uploads\/2020\/05\/LOGO-TC-propo-01.png","contentUrl":"https:\/\/terrescitoyennes.org\/wp-content\/uploads\/2020\/05\/LOGO-TC-propo-01.png","width":519,"height":459,"caption":"Terres Citoyennes Albigeoises"},"image":{"@id":"https:\/\/terrescitoyennes.org\/#\/schema\/logo\/image\/"},"sameAs":["https:\/\/www.facebook.com\/Terres-citoyennes-albigeoises-513479312353377\/"]},{"@type":"Person","@id":"https:\/\/terrescitoyennes.org\/#\/schema\/person\/2ca60c5af49c632b940f38bcfe958ff2","name":"Terres citoyennes albigeoises","image":{"@type":"ImageObject","inLanguage":"fr-FR","@id":"https:\/\/terrescitoyennes.org\/#\/schema\/person\/image\/","url":"https:\/\/secure.gravatar.com\/avatar\/b0d2ef456c31157ca4c1809df358b2b0?s=96&d=mm&r=g","contentUrl":"https:\/\/secure.gravatar.com\/avatar\/b0d2ef456c31157ca4c1809df358b2b0?s=96&d=mm&r=g","caption":"Terres citoyennes albigeoises"},"url":"https:\/\/terrescitoyennes.org\/index.php\/author\/terres-citoyennes\/"}]}},"_links":{"self":[{"href":"https:\/\/terrescitoyennes.org\/index.php\/wp-json\/wp\/v2\/posts\/3664"}],"collection":[{"href":"https:\/\/terrescitoyennes.org\/index.php\/wp-json\/wp\/v2\/posts"}],"about":[{"href":"https:\/\/terrescitoyennes.org\/index.php\/wp-json\/wp\/v2\/types\/post"}],"author":[{"embeddable":true,"href":"https:\/\/terrescitoyennes.org\/index.php\/wp-json\/wp\/v2\/users\/2"}],"replies":[{"embeddable":true,"href":"https:\/\/terrescitoyennes.org\/index.php\/wp-json\/wp\/v2\/comments?post=3664"}],"version-history":[{"count":3,"href":"https:\/\/terrescitoyennes.org\/index.php\/wp-json\/wp\/v2\/posts\/3664\/revisions"}],"predecessor-version":[{"id":3673,"href":"https:\/\/terrescitoyennes.org\/index.php\/wp-json\/wp\/v2\/posts\/3664\/revisions\/3673"}],"wp:featuredmedia":[{"embeddable":true,"href":"https:\/\/terrescitoyennes.org\/index.php\/wp-json\/wp\/v2\/media\/3665"}],"wp:attachment":[{"href":"https:\/\/terrescitoyennes.org\/index.php\/wp-json\/wp\/v2\/media?parent=3664"}],"wp:term":[{"taxonomy":"category","embeddable":true,"href":"https:\/\/terrescitoyennes.org\/index.php\/wp-json\/wp\/v2\/categories?post=3664"},{"taxonomy":"post_tag","embeddable":true,"href":"https:\/\/terrescitoyennes.org\/index.php\/wp-json\/wp\/v2\/tags?post=3664"}],"curies":[{"name":"wp","href":"https:\/\/api.w.org\/{rel}","templated":true}]}}