{"id":492,"date":"2018-04-10T22:32:46","date_gmt":"2018-04-10T20:32:46","guid":{"rendered":"http:\/\/albivillecomestible.fr\/?p=454"},"modified":"2018-04-10T22:32:46","modified_gmt":"2018-04-10T20:32:46","slug":"les-flyers-ensemences-sont-arrives","status":"publish","type":"post","link":"https:\/\/terrescitoyennes.org\/index.php\/2018\/04\/10\/les-flyers-ensemences-sont-arrives\/","title":{"rendered":"Les flyers ensemenc\u00e9s sont arriv\u00e9s !"},"content":{"rendered":"<p><img loading=\"lazy\" decoding=\"async\" class=\"alignnone wp-image-455 size-large\" src=\"http:\/\/albivillecomestible.fr\/wp-content\/uploads\/2018\/04\/flyers-ensemenc\u00e9s-1024x768.jpg\" alt=\"\" width=\"525\" height=\"394\" \/><\/p>\n<p>Nous avons re\u00e7u un colis de la part de la SAUGE (Soci\u00e9t\u00e9 d&rsquo;Agriculture Urbaine G\u00e9n\u00e9reuse et Engag\u00e9e)&#8230; plein de flyers ensemenc\u00e9s de graines de fleurs !<\/p>\n<p>Ils seront disponibles d\u00e9s demain \u00e0 La Halte (notre QG des 48H, \u00e0 la gare routi\u00e8re, place Jean Jaur\u00e8s)&#8230; et, bien entendu, pendant tout le week-end des 48H, les 21 et 22 avril !<\/p>\n","protected":false},"excerpt":{"rendered":"<p>Nous avons re\u00e7u un colis de la part de la SAUGE (Soci\u00e9t\u00e9 d&rsquo;Agriculture Urbaine G\u00e9n\u00e9reuse et Engag\u00e9e)&#8230; plein de flyers ensemenc\u00e9s de graines de fleurs ! Ils seront disponibles d\u00e9s demain \u00e0 La Halte (notre QG des 48H, \u00e0 la gare routi\u00e8re, place Jean Jaur\u00e8s)&#8230; et, bien entendu, pendant tout le week-end des 48H, les [&hellip;]<\/p>\n","protected":false},"author":3,"featured_media":0,"comment_status":"closed","ping_status":"closed","sticky":false,"template":"","format":"standard","meta":{"footnotes":""},"categories":[1],"tags":[],"yoast_head":"<!-- This site is optimized with the Yoast SEO plugin v23.5 - https:\/\/yoast.com\/wordpress\/plugins\/seo\/ -->\n<title>Les flyers ensemenc\u00e9s sont arriv\u00e9s ! - Terres citoyennes albigeoises<\/title>\n<meta name=\"robots\" content=\"index, follow, max-snippet:-1, max-image-preview:large, max-video-preview:-1\" \/>\n<link rel=\"canonical\" href=\"https:\/\/terrescitoyennes.org\/index.php\/2018\/04\/10\/les-flyers-ensemences-sont-arrives\/\" \/>\n<meta property=\"og:locale\" content=\"fr_FR\" \/>\n<meta property=\"og:type\" content=\"article\" \/>\n<meta property=\"og:title\" content=\"Les flyers ensemenc\u00e9s sont arriv\u00e9s ! - Terres citoyennes albigeoises\" \/>\n<meta property=\"og:description\" content=\"Nous avons re\u00e7u un colis de la part de la SAUGE (Soci\u00e9t\u00e9 d&rsquo;Agriculture Urbaine G\u00e9n\u00e9reuse et Engag\u00e9e)&#8230; plein de flyers ensemenc\u00e9s de graines de fleurs ! Ils seront disponibles d\u00e9s demain \u00e0 La Halte (notre QG des 48H, \u00e0 la gare routi\u00e8re, place Jean Jaur\u00e8s)&#8230; et, bien entendu, pendant tout le week-end des 48H, les [&hellip;]\" \/>\n<meta property=\"og:url\" content=\"https:\/\/terrescitoyennes.org\/index.php\/2018\/04\/10\/les-flyers-ensemences-sont-arrives\/\" \/>\n<meta property=\"og:site_name\" content=\"Terres citoyennes albigeoises\" \/>\n<meta property=\"article:publisher\" content=\"https:\/\/www.facebook.com\/Terres-citoyennes-albigeoises-513479312353377\/\" \/>\n<meta property=\"article:published_time\" content=\"2018-04-10T20:32:46+00:00\" \/>\n<meta property=\"og:image\" content=\"http:\/\/albivillecomestible.fr\/wp-content\/uploads\/2018\/04\/flyers-ensemenc\u00e9s-1024x768.jpg\" \/>\n<meta name=\"author\" content=\"La r\u00e9daction\" \/>\n<meta name=\"twitter:card\" content=\"summary_large_image\" \/>\n<meta name=\"twitter:label1\" content=\"\u00c9crit par\" \/>\n\t<meta name=\"twitter:data1\" content=\"La r\u00e9daction\" \/>\n<script type=\"application\/ld+json\" class=\"yoast-schema-graph\">{\"@context\":\"https:\/\/schema.org\",\"@graph\":[{\"@type\":\"Article\",\"@id\":\"https:\/\/terrescitoyennes.org\/index.php\/2018\/04\/10\/les-flyers-ensemences-sont-arrives\/#article\",\"isPartOf\":{\"@id\":\"https:\/\/terrescitoyennes.org\/index.php\/2018\/04\/10\/les-flyers-ensemences-sont-arrives\/\"},\"author\":{\"name\":\"La r\u00e9daction\",\"@id\":\"https:\/\/terrescitoyennes.org\/#\/schema\/person\/e0960d6781bbeb4a308a46f01ba3d382\"},\"headline\":\"Les flyers ensemenc\u00e9s sont arriv\u00e9s !\",\"datePublished\":\"2018-04-10T20:32:46+00:00\",\"dateModified\":\"2018-04-10T20:32:46+00:00\",\"mainEntityOfPage\":{\"@id\":\"https:\/\/terrescitoyennes.org\/index.php\/2018\/04\/10\/les-flyers-ensemences-sont-arrives\/\"},\"wordCount\":70,\"publisher\":{\"@id\":\"https:\/\/terrescitoyennes.org\/#organization\"},\"inLanguage\":\"fr-FR\"},{\"@type\":\"WebPage\",\"@id\":\"https:\/\/terrescitoyennes.org\/index.php\/2018\/04\/10\/les-flyers-ensemences-sont-arrives\/\",\"url\":\"https:\/\/terrescitoyennes.org\/index.php\/2018\/04\/10\/les-flyers-ensemences-sont-arrives\/\",\"name\":\"Les flyers ensemenc\u00e9s sont arriv\u00e9s ! - Terres citoyennes albigeoises\",\"isPartOf\":{\"@id\":\"https:\/\/terrescitoyennes.org\/#website\"},\"datePublished\":\"2018-04-10T20:32:46+00:00\",\"dateModified\":\"2018-04-10T20:32:46+00:00\",\"breadcrumb\":{\"@id\":\"https:\/\/terrescitoyennes.org\/index.php\/2018\/04\/10\/les-flyers-ensemences-sont-arrives\/#breadcrumb\"},\"inLanguage\":\"fr-FR\",\"potentialAction\":[{\"@type\":\"ReadAction\",\"target\":[\"https:\/\/terrescitoyennes.org\/index.php\/2018\/04\/10\/les-flyers-ensemences-sont-arrives\/\"]}]},{\"@type\":\"BreadcrumbList\",\"@id\":\"https:\/\/terrescitoyennes.org\/index.php\/2018\/04\/10\/les-flyers-ensemences-sont-arrives\/#breadcrumb\",\"itemListElement\":[{\"@type\":\"ListItem\",\"position\":1,\"name\":\"Accueil\",\"item\":\"https:\/\/terrescitoyennes.org\/\"},{\"@type\":\"ListItem\",\"position\":2,\"name\":\"Les flyers ensemenc\u00e9s sont arriv\u00e9s !\"}]},{\"@type\":\"WebSite\",\"@id\":\"https:\/\/terrescitoyennes.org\/#website\",\"url\":\"https:\/\/terrescitoyennes.org\/\",\"name\":\"Terres Citoyennes Albigeoises\",\"description\":\"\",\"publisher\":{\"@id\":\"https:\/\/terrescitoyennes.org\/#organization\"},\"potentialAction\":[{\"@type\":\"SearchAction\",\"target\":{\"@type\":\"EntryPoint\",\"urlTemplate\":\"https:\/\/terrescitoyennes.org\/?s={search_term_string}\"},\"query-input\":{\"@type\":\"PropertyValueSpecification\",\"valueRequired\":true,\"valueName\":\"search_term_string\"}}],\"inLanguage\":\"fr-FR\"},{\"@type\":\"Organization\",\"@id\":\"https:\/\/terrescitoyennes.org\/#organization\",\"name\":\"Terres Citoyennes Albigeoises\",\"url\":\"https:\/\/terrescitoyennes.org\/\",\"logo\":{\"@type\":\"ImageObject\",\"inLanguage\":\"fr-FR\",\"@id\":\"https:\/\/terrescitoyennes.org\/#\/schema\/logo\/image\/\",\"url\":\"https:\/\/terrescitoyennes.org\/wp-content\/uploads\/2020\/05\/LOGO-TC-propo-01.png\",\"contentUrl\":\"https:\/\/terrescitoyennes.org\/wp-content\/uploads\/2020\/05\/LOGO-TC-propo-01.png\",\"width\":519,\"height\":459,\"caption\":\"Terres Citoyennes Albigeoises\"},\"image\":{\"@id\":\"https:\/\/terrescitoyennes.org\/#\/schema\/logo\/image\/\"},\"sameAs\":[\"https:\/\/www.facebook.com\/Terres-citoyennes-albigeoises-513479312353377\/\"]},{\"@type\":\"Person\",\"@id\":\"https:\/\/terrescitoyennes.org\/#\/schema\/person\/e0960d6781bbeb4a308a46f01ba3d382\",\"name\":\"La r\u00e9daction\",\"image\":{\"@type\":\"ImageObject\",\"inLanguage\":\"fr-FR\",\"@id\":\"https:\/\/terrescitoyennes.org\/#\/schema\/person\/image\/\",\"url\":\"https:\/\/secure.gravatar.com\/avatar\/d799b7c652906e899d85a27d9adbcc8a?s=96&d=mm&r=g\",\"contentUrl\":\"https:\/\/secure.gravatar.com\/avatar\/d799b7c652906e899d85a27d9adbcc8a?s=96&d=mm&r=g\",\"caption\":\"La r\u00e9daction\"},\"url\":\"https:\/\/terrescitoyennes.org\/index.php\/author\/pascal-henry-albi\/\"}]}<\/script>\n<!-- \/ Yoast SEO plugin. -->","yoast_head_json":{"title":"Les flyers ensemenc\u00e9s sont arriv\u00e9s ! - Terres citoyennes albigeoises","robots":{"index":"index","follow":"follow","max-snippet":"max-snippet:-1","max-image-preview":"max-image-preview:large","max-video-preview":"max-video-preview:-1"},"canonical":"https:\/\/terrescitoyennes.org\/index.php\/2018\/04\/10\/les-flyers-ensemences-sont-arrives\/","og_locale":"fr_FR","og_type":"article","og_title":"Les flyers ensemenc\u00e9s sont arriv\u00e9s ! - Terres citoyennes albigeoises","og_description":"Nous avons re\u00e7u un colis de la part de la SAUGE (Soci\u00e9t\u00e9 d&rsquo;Agriculture Urbaine G\u00e9n\u00e9reuse et Engag\u00e9e)&#8230; plein de flyers ensemenc\u00e9s de graines de fleurs ! Ils seront disponibles d\u00e9s demain \u00e0 La Halte (notre QG des 48H, \u00e0 la gare routi\u00e8re, place Jean Jaur\u00e8s)&#8230; et, bien entendu, pendant tout le week-end des 48H, les [&hellip;]","og_url":"https:\/\/terrescitoyennes.org\/index.php\/2018\/04\/10\/les-flyers-ensemences-sont-arrives\/","og_site_name":"Terres citoyennes albigeoises","article_publisher":"https:\/\/www.facebook.com\/Terres-citoyennes-albigeoises-513479312353377\/","article_published_time":"2018-04-10T20:32:46+00:00","og_image":[{"url":"http:\/\/albivillecomestible.fr\/wp-content\/uploads\/2018\/04\/flyers-ensemenc\u00e9s-1024x768.jpg"}],"author":"La r\u00e9daction","twitter_card":"summary_large_image","twitter_misc":{"\u00c9crit par":"La r\u00e9daction"},"schema":{"@context":"https:\/\/schema.org","@graph":[{"@type":"Article","@id":"https:\/\/terrescitoyennes.org\/index.php\/2018\/04\/10\/les-flyers-ensemences-sont-arrives\/#article","isPartOf":{"@id":"https:\/\/terrescitoyennes.org\/index.php\/2018\/04\/10\/les-flyers-ensemences-sont-arrives\/"},"author":{"name":"La r\u00e9daction","@id":"https:\/\/terrescitoyennes.org\/#\/schema\/person\/e0960d6781bbeb4a308a46f01ba3d382"},"headline":"Les flyers ensemenc\u00e9s sont arriv\u00e9s !","datePublished":"2018-04-10T20:32:46+00:00","dateModified":"2018-04-10T20:32:46+00:00","mainEntityOfPage":{"@id":"https:\/\/terrescitoyennes.org\/index.php\/2018\/04\/10\/les-flyers-ensemences-sont-arrives\/"},"wordCount":70,"publisher":{"@id":"https:\/\/terrescitoyennes.org\/#organization"},"inLanguage":"fr-FR"},{"@type":"WebPage","@id":"https:\/\/terrescitoyennes.org\/index.php\/2018\/04\/10\/les-flyers-ensemences-sont-arrives\/","url":"https:\/\/terrescitoyennes.org\/index.php\/2018\/04\/10\/les-flyers-ensemences-sont-arrives\/","name":"Les flyers ensemenc\u00e9s sont arriv\u00e9s ! - Terres citoyennes albigeoises","isPartOf":{"@id":"https:\/\/terrescitoyennes.org\/#website"},"datePublished":"2018-04-10T20:32:46+00:00","dateModified":"2018-04-10T20:32:46+00:00","breadcrumb":{"@id":"https:\/\/terrescitoyennes.org\/index.php\/2018\/04\/10\/les-flyers-ensemences-sont-arrives\/#breadcrumb"},"inLanguage":"fr-FR","potentialAction":[{"@type":"ReadAction","target":["https:\/\/terrescitoyennes.org\/index.php\/2018\/04\/10\/les-flyers-ensemences-sont-arrives\/"]}]},{"@type":"BreadcrumbList","@id":"https:\/\/terrescitoyennes.org\/index.php\/2018\/04\/10\/les-flyers-ensemences-sont-arrives\/#breadcrumb","itemListElement":[{"@type":"ListItem","position":1,"name":"Accueil","item":"https:\/\/terrescitoyennes.org\/"},{"@type":"ListItem","position":2,"name":"Les flyers ensemenc\u00e9s sont arriv\u00e9s !"}]},{"@type":"WebSite","@id":"https:\/\/terrescitoyennes.org\/#website","url":"https:\/\/terrescitoyennes.org\/","name":"Terres Citoyennes Albigeoises","description":"","publisher":{"@id":"https:\/\/terrescitoyennes.org\/#organization"},"potentialAction":[{"@type":"SearchAction","target":{"@type":"EntryPoint","urlTemplate":"https:\/\/terrescitoyennes.org\/?s={search_term_string}"},"query-input":{"@type":"PropertyValueSpecification","valueRequired":true,"valueName":"search_term_string"}}],"inLanguage":"fr-FR"},{"@type":"Organization","@id":"https:\/\/terrescitoyennes.org\/#organization","name":"Terres Citoyennes Albigeoises","url":"https:\/\/terrescitoyennes.org\/","logo":{"@type":"ImageObject","inLanguage":"fr-FR","@id":"https:\/\/terrescitoyennes.org\/#\/schema\/logo\/image\/","url":"https:\/\/terrescitoyennes.org\/wp-content\/uploads\/2020\/05\/LOGO-TC-propo-01.png","contentUrl":"https:\/\/terrescitoyennes.org\/wp-content\/uploads\/2020\/05\/LOGO-TC-propo-01.png","width":519,"height":459,"caption":"Terres Citoyennes Albigeoises"},"image":{"@id":"https:\/\/terrescitoyennes.org\/#\/schema\/logo\/image\/"},"sameAs":["https:\/\/www.facebook.com\/Terres-citoyennes-albigeoises-513479312353377\/"]},{"@type":"Person","@id":"https:\/\/terrescitoyennes.org\/#\/schema\/person\/e0960d6781bbeb4a308a46f01ba3d382","name":"La r\u00e9daction","image":{"@type":"ImageObject","inLanguage":"fr-FR","@id":"https:\/\/terrescitoyennes.org\/#\/schema\/person\/image\/","url":"https:\/\/secure.gravatar.com\/avatar\/d799b7c652906e899d85a27d9adbcc8a?s=96&d=mm&r=g","contentUrl":"https:\/\/secure.gravatar.com\/avatar\/d799b7c652906e899d85a27d9adbcc8a?s=96&d=mm&r=g","caption":"La r\u00e9daction"},"url":"https:\/\/terrescitoyennes.org\/index.php\/author\/pascal-henry-albi\/"}]}},"_links":{"self":[{"href":"https:\/\/terrescitoyennes.org\/index.php\/wp-json\/wp\/v2\/posts\/492"}],"collection":[{"href":"https:\/\/terrescitoyennes.org\/index.php\/wp-json\/wp\/v2\/posts"}],"about":[{"href":"https:\/\/terrescitoyennes.org\/index.php\/wp-json\/wp\/v2\/types\/post"}],"author":[{"embeddable":true,"href":"https:\/\/terrescitoyennes.org\/index.php\/wp-json\/wp\/v2\/users\/3"}],"replies":[{"embeddable":true,"href":"https:\/\/terrescitoyennes.org\/index.php\/wp-json\/wp\/v2\/comments?post=492"}],"version-history":[{"count":0,"href":"https:\/\/terrescitoyennes.org\/index.php\/wp-json\/wp\/v2\/posts\/492\/revisions"}],"wp:attachment":[{"href":"https:\/\/terrescitoyennes.org\/index.php\/wp-json\/wp\/v2\/media?parent=492"}],"wp:term":[{"taxonomy":"category","embeddable":true,"href":"https:\/\/terrescitoyennes.org\/index.php\/wp-json\/wp\/v2\/categories?post=492"},{"taxonomy":"post_tag","embeddable":true,"href":"https:\/\/terrescitoyennes.org\/index.php\/wp-json\/wp\/v2\/tags?post=492"}],"curies":[{"name":"wp","href":"https:\/\/api.w.org\/{rel}","templated":true}]}}