{"id":689,"date":"2018-05-28T12:45:07","date_gmt":"2018-05-28T10:45:07","guid":{"rendered":"http:\/\/albivillecomestible.fr\/?p=689"},"modified":"2018-05-28T12:45:07","modified_gmt":"2018-05-28T10:45:07","slug":"mercredi-13-juin-a-20h30-a-la-laiterie-a-saint-juery-cafe-paysan-organise-par-ladeart","status":"publish","type":"post","link":"https:\/\/terrescitoyennes.org\/index.php\/2018\/05\/28\/mercredi-13-juin-a-20h30-a-la-laiterie-a-saint-juery-cafe-paysan-organise-par-ladeart\/","title":{"rendered":"Mercredi 13 juin \u00e0 20h30 \u00e0 Saint-Ju\u00e9ry : l&rsquo;ADEART propose un Caf\u00e9 paysan"},"content":{"rendered":"<p><img loading=\"lazy\" decoding=\"async\" class=\"aligncenter size-large wp-image-690\" src=\"http:\/\/albivillecomestible.fr\/wp-content\/uploads\/2018\/05\/ADEART_Caf\u00e9Paysan_20180613-724x1024.jpg\" alt=\"\" width=\"525\" height=\"743\" srcset=\"https:\/\/terrescitoyennes.org\/wp-content\/uploads\/2018\/05\/ADEART_Caf\u00e9Paysan_20180613-724x1024.jpg 724w, https:\/\/terrescitoyennes.org\/wp-content\/uploads\/2018\/05\/ADEART_Caf\u00e9Paysan_20180613-212x300.jpg 212w, https:\/\/terrescitoyennes.org\/wp-content\/uploads\/2018\/05\/ADEART_Caf\u00e9Paysan_20180613-768x1086.jpg 768w, https:\/\/terrescitoyennes.org\/wp-content\/uploads\/2018\/05\/ADEART_Caf\u00e9Paysan_20180613.jpg 1803w\" sizes=\"(max-width: 525px) 100vw, 525px\" \/><\/p>\n<p>L&rsquo;ADEART organise un \u00ab\u00a0Caf\u00e9 paysan\u00a0\u00bb mercredi 13 juin \u00e0 20h30, \u00e0 La Laiterie, 19 route des Avalats,\u00a0\u00e0 Saint-Ju\u00e9ry.<\/p>\n<p>Pour ceux qui ne connaissent pas encore&#8230; l&rsquo;ADEART, c&rsquo;est\u00a0ADEAR du Tarn&#8230; et les ADEAR ,\u00a0ce sont les \u00ab\u00a0Associations pour le D\u00e9veloppement de l&rsquo;Emploi Agricole et Rural\u00a0\u00bb. La principale vocation des ADEAR est d&rsquo;aider des paysans \u00e0 s&rsquo;installer, ou \u00e0 \u00e9voluer vers une agriculture paysanne.<\/p>\n<p>Quant \u00e0 la Laiterie, il s&rsquo;agit d&rsquo;un lieu\u00a0associatif, d\u00e9di\u00e9 principalement \u00e0 la cr\u00e9ation artistique, \u00e9quip\u00e9 d&rsquo;un studio\u00a0d&rsquo;enregistrement, mais aussi lieu de rencontres.<\/p>\n<p>Pour ce\u00a0premier Caf\u00e9 paysan de l&rsquo;ann\u00e9e 2018, l&rsquo;ADEART propose un d\u00e9bat autour des sujets suivants : <em>\u00ab\u00a0Comment conna\u00eetre la volont\u00e9 des citoyens d&rsquo;un territoire? Sont-ils favorables ou d\u00e9favorables aux installations agricoles? Comment pouvons-nous le savoir : un vote municipal suffit-il? Quels sont les outils actuels qui permettent aux \u00e9lus de conna\u00eetre l&rsquo;avis des administr\u00e9s? Une installation agricole se fait-elle au d\u00e9triment ou en symbiose avec son voisinage? Et l&rsquo;agriculture urbaine dans tout \u00e7a?\u00a0\u00bb<\/em><\/p>\n<p>Nous vous invitons \u00e0 venir, nombreux, participer \u00e0 ce Caf\u00e9 citoyen !<\/p>\n<p>Pour plus d&rsquo;informations : <a href=\"http:\/\/www.jeminstallepaysan.org\/tarn\" target=\"_blank\" rel=\"noopener\">http:\/\/www.jeminstallepaysan.org\/tarn<\/a><\/p>\n","protected":false},"excerpt":{"rendered":"<p>L&rsquo;ADEART organise un \u00ab\u00a0Caf\u00e9 paysan\u00a0\u00bb mercredi 13 juin \u00e0 20h30, \u00e0 La Laiterie, 19 route des Avalats,\u00a0\u00e0 Saint-Ju\u00e9ry. Pour ceux qui ne connaissent pas encore&#8230; l&rsquo;ADEART, c&rsquo;est\u00a0ADEAR du Tarn&#8230; et les ADEAR ,\u00a0ce sont les \u00ab\u00a0Associations pour le D\u00e9veloppement de l&rsquo;Emploi Agricole et Rural\u00a0\u00bb. La principale vocation des ADEAR est d&rsquo;aider des paysans \u00e0 s&rsquo;installer, [&hellip;]<\/p>\n","protected":false},"author":3,"featured_media":0,"comment_status":"closed","ping_status":"closed","sticky":false,"template":"","format":"standard","meta":{"footnotes":""},"categories":[1],"tags":[],"yoast_head":"<!-- This site is optimized with the Yoast SEO plugin v23.5 - https:\/\/yoast.com\/wordpress\/plugins\/seo\/ -->\n<title>Mercredi 13 juin \u00e0 20h30 \u00e0 Saint-Ju\u00e9ry : l&#039;ADEART propose un Caf\u00e9 paysan - Terres citoyennes albigeoises<\/title>\n<meta name=\"robots\" content=\"index, follow, max-snippet:-1, max-image-preview:large, max-video-preview:-1\" \/>\n<link rel=\"canonical\" href=\"https:\/\/terrescitoyennes.org\/index.php\/2018\/05\/28\/mercredi-13-juin-a-20h30-a-la-laiterie-a-saint-juery-cafe-paysan-organise-par-ladeart\/\" \/>\n<meta property=\"og:locale\" content=\"fr_FR\" \/>\n<meta property=\"og:type\" content=\"article\" \/>\n<meta property=\"og:title\" content=\"Mercredi 13 juin \u00e0 20h30 \u00e0 Saint-Ju\u00e9ry : l&#039;ADEART propose un Caf\u00e9 paysan - Terres citoyennes albigeoises\" \/>\n<meta property=\"og:description\" content=\"L&rsquo;ADEART organise un \u00ab\u00a0Caf\u00e9 paysan\u00a0\u00bb mercredi 13 juin \u00e0 20h30, \u00e0 La Laiterie, 19 route des Avalats,\u00a0\u00e0 Saint-Ju\u00e9ry. Pour ceux qui ne connaissent pas encore&#8230; l&rsquo;ADEART, c&rsquo;est\u00a0ADEAR du Tarn&#8230; et les ADEAR ,\u00a0ce sont les \u00ab\u00a0Associations pour le D\u00e9veloppement de l&rsquo;Emploi Agricole et Rural\u00a0\u00bb. La principale vocation des ADEAR est d&rsquo;aider des paysans \u00e0 s&rsquo;installer, [&hellip;]\" \/>\n<meta property=\"og:url\" content=\"https:\/\/terrescitoyennes.org\/index.php\/2018\/05\/28\/mercredi-13-juin-a-20h30-a-la-laiterie-a-saint-juery-cafe-paysan-organise-par-ladeart\/\" \/>\n<meta property=\"og:site_name\" content=\"Terres citoyennes albigeoises\" \/>\n<meta property=\"article:publisher\" content=\"https:\/\/www.facebook.com\/Terres-citoyennes-albigeoises-513479312353377\/\" \/>\n<meta property=\"article:published_time\" content=\"2018-05-28T10:45:07+00:00\" \/>\n<meta property=\"og:image\" content=\"http:\/\/albivillecomestible.fr\/wp-content\/uploads\/2018\/05\/ADEART_Caf\u00e9Paysan_20180613-724x1024.jpg\" \/>\n<meta name=\"author\" content=\"La r\u00e9daction\" \/>\n<meta name=\"twitter:card\" content=\"summary_large_image\" \/>\n<meta name=\"twitter:label1\" content=\"\u00c9crit par\" \/>\n\t<meta name=\"twitter:data1\" content=\"La r\u00e9daction\" \/>\n\t<meta name=\"twitter:label2\" content=\"Dur\u00e9e de lecture estim\u00e9e\" \/>\n\t<meta name=\"twitter:data2\" content=\"1 minute\" \/>\n<script type=\"application\/ld+json\" class=\"yoast-schema-graph\">{\"@context\":\"https:\/\/schema.org\",\"@graph\":[{\"@type\":\"Article\",\"@id\":\"https:\/\/terrescitoyennes.org\/index.php\/2018\/05\/28\/mercredi-13-juin-a-20h30-a-la-laiterie-a-saint-juery-cafe-paysan-organise-par-ladeart\/#article\",\"isPartOf\":{\"@id\":\"https:\/\/terrescitoyennes.org\/index.php\/2018\/05\/28\/mercredi-13-juin-a-20h30-a-la-laiterie-a-saint-juery-cafe-paysan-organise-par-ladeart\/\"},\"author\":{\"name\":\"La r\u00e9daction\",\"@id\":\"https:\/\/terrescitoyennes.org\/#\/schema\/person\/e0960d6781bbeb4a308a46f01ba3d382\"},\"headline\":\"Mercredi 13 juin \u00e0 20h30 \u00e0 Saint-Ju\u00e9ry : l&rsquo;ADEART propose un Caf\u00e9 paysan\",\"datePublished\":\"2018-05-28T10:45:07+00:00\",\"dateModified\":\"2018-05-28T10:45:07+00:00\",\"mainEntityOfPage\":{\"@id\":\"https:\/\/terrescitoyennes.org\/index.php\/2018\/05\/28\/mercredi-13-juin-a-20h30-a-la-laiterie-a-saint-juery-cafe-paysan-organise-par-ladeart\/\"},\"wordCount\":188,\"publisher\":{\"@id\":\"https:\/\/terrescitoyennes.org\/#organization\"},\"inLanguage\":\"fr-FR\"},{\"@type\":\"WebPage\",\"@id\":\"https:\/\/terrescitoyennes.org\/index.php\/2018\/05\/28\/mercredi-13-juin-a-20h30-a-la-laiterie-a-saint-juery-cafe-paysan-organise-par-ladeart\/\",\"url\":\"https:\/\/terrescitoyennes.org\/index.php\/2018\/05\/28\/mercredi-13-juin-a-20h30-a-la-laiterie-a-saint-juery-cafe-paysan-organise-par-ladeart\/\",\"name\":\"Mercredi 13 juin \u00e0 20h30 \u00e0 Saint-Ju\u00e9ry : l'ADEART propose un Caf\u00e9 paysan - Terres citoyennes albigeoises\",\"isPartOf\":{\"@id\":\"https:\/\/terrescitoyennes.org\/#website\"},\"datePublished\":\"2018-05-28T10:45:07+00:00\",\"dateModified\":\"2018-05-28T10:45:07+00:00\",\"breadcrumb\":{\"@id\":\"https:\/\/terrescitoyennes.org\/index.php\/2018\/05\/28\/mercredi-13-juin-a-20h30-a-la-laiterie-a-saint-juery-cafe-paysan-organise-par-ladeart\/#breadcrumb\"},\"inLanguage\":\"fr-FR\",\"potentialAction\":[{\"@type\":\"ReadAction\",\"target\":[\"https:\/\/terrescitoyennes.org\/index.php\/2018\/05\/28\/mercredi-13-juin-a-20h30-a-la-laiterie-a-saint-juery-cafe-paysan-organise-par-ladeart\/\"]}]},{\"@type\":\"BreadcrumbList\",\"@id\":\"https:\/\/terrescitoyennes.org\/index.php\/2018\/05\/28\/mercredi-13-juin-a-20h30-a-la-laiterie-a-saint-juery-cafe-paysan-organise-par-ladeart\/#breadcrumb\",\"itemListElement\":[{\"@type\":\"ListItem\",\"position\":1,\"name\":\"Accueil\",\"item\":\"https:\/\/terrescitoyennes.org\/\"},{\"@type\":\"ListItem\",\"position\":2,\"name\":\"Mercredi 13 juin \u00e0 20h30 \u00e0 Saint-Ju\u00e9ry : l&rsquo;ADEART propose un Caf\u00e9 paysan\"}]},{\"@type\":\"WebSite\",\"@id\":\"https:\/\/terrescitoyennes.org\/#website\",\"url\":\"https:\/\/terrescitoyennes.org\/\",\"name\":\"Terres Citoyennes Albigeoises\",\"description\":\"\",\"publisher\":{\"@id\":\"https:\/\/terrescitoyennes.org\/#organization\"},\"potentialAction\":[{\"@type\":\"SearchAction\",\"target\":{\"@type\":\"EntryPoint\",\"urlTemplate\":\"https:\/\/terrescitoyennes.org\/?s={search_term_string}\"},\"query-input\":{\"@type\":\"PropertyValueSpecification\",\"valueRequired\":true,\"valueName\":\"search_term_string\"}}],\"inLanguage\":\"fr-FR\"},{\"@type\":\"Organization\",\"@id\":\"https:\/\/terrescitoyennes.org\/#organization\",\"name\":\"Terres Citoyennes Albigeoises\",\"url\":\"https:\/\/terrescitoyennes.org\/\",\"logo\":{\"@type\":\"ImageObject\",\"inLanguage\":\"fr-FR\",\"@id\":\"https:\/\/terrescitoyennes.org\/#\/schema\/logo\/image\/\",\"url\":\"https:\/\/terrescitoyennes.org\/wp-content\/uploads\/2020\/05\/LOGO-TC-propo-01.png\",\"contentUrl\":\"https:\/\/terrescitoyennes.org\/wp-content\/uploads\/2020\/05\/LOGO-TC-propo-01.png\",\"width\":519,\"height\":459,\"caption\":\"Terres Citoyennes Albigeoises\"},\"image\":{\"@id\":\"https:\/\/terrescitoyennes.org\/#\/schema\/logo\/image\/\"},\"sameAs\":[\"https:\/\/www.facebook.com\/Terres-citoyennes-albigeoises-513479312353377\/\"]},{\"@type\":\"Person\",\"@id\":\"https:\/\/terrescitoyennes.org\/#\/schema\/person\/e0960d6781bbeb4a308a46f01ba3d382\",\"name\":\"La r\u00e9daction\",\"image\":{\"@type\":\"ImageObject\",\"inLanguage\":\"fr-FR\",\"@id\":\"https:\/\/terrescitoyennes.org\/#\/schema\/person\/image\/\",\"url\":\"https:\/\/secure.gravatar.com\/avatar\/d799b7c652906e899d85a27d9adbcc8a?s=96&d=mm&r=g\",\"contentUrl\":\"https:\/\/secure.gravatar.com\/avatar\/d799b7c652906e899d85a27d9adbcc8a?s=96&d=mm&r=g\",\"caption\":\"La r\u00e9daction\"},\"url\":\"https:\/\/terrescitoyennes.org\/index.php\/author\/pascal-henry-albi\/\"}]}<\/script>\n<!-- \/ Yoast SEO plugin. -->","yoast_head_json":{"title":"Mercredi 13 juin \u00e0 20h30 \u00e0 Saint-Ju\u00e9ry : l'ADEART propose un Caf\u00e9 paysan - Terres citoyennes albigeoises","robots":{"index":"index","follow":"follow","max-snippet":"max-snippet:-1","max-image-preview":"max-image-preview:large","max-video-preview":"max-video-preview:-1"},"canonical":"https:\/\/terrescitoyennes.org\/index.php\/2018\/05\/28\/mercredi-13-juin-a-20h30-a-la-laiterie-a-saint-juery-cafe-paysan-organise-par-ladeart\/","og_locale":"fr_FR","og_type":"article","og_title":"Mercredi 13 juin \u00e0 20h30 \u00e0 Saint-Ju\u00e9ry : l'ADEART propose un Caf\u00e9 paysan - Terres citoyennes albigeoises","og_description":"L&rsquo;ADEART organise un \u00ab\u00a0Caf\u00e9 paysan\u00a0\u00bb mercredi 13 juin \u00e0 20h30, \u00e0 La Laiterie, 19 route des Avalats,\u00a0\u00e0 Saint-Ju\u00e9ry. Pour ceux qui ne connaissent pas encore&#8230; l&rsquo;ADEART, c&rsquo;est\u00a0ADEAR du Tarn&#8230; et les ADEAR ,\u00a0ce sont les \u00ab\u00a0Associations pour le D\u00e9veloppement de l&rsquo;Emploi Agricole et Rural\u00a0\u00bb. La principale vocation des ADEAR est d&rsquo;aider des paysans \u00e0 s&rsquo;installer, [&hellip;]","og_url":"https:\/\/terrescitoyennes.org\/index.php\/2018\/05\/28\/mercredi-13-juin-a-20h30-a-la-laiterie-a-saint-juery-cafe-paysan-organise-par-ladeart\/","og_site_name":"Terres citoyennes albigeoises","article_publisher":"https:\/\/www.facebook.com\/Terres-citoyennes-albigeoises-513479312353377\/","article_published_time":"2018-05-28T10:45:07+00:00","og_image":[{"url":"http:\/\/albivillecomestible.fr\/wp-content\/uploads\/2018\/05\/ADEART_Caf\u00e9Paysan_20180613-724x1024.jpg"}],"author":"La r\u00e9daction","twitter_card":"summary_large_image","twitter_misc":{"\u00c9crit par":"La r\u00e9daction","Dur\u00e9e de lecture estim\u00e9e":"1 minute"},"schema":{"@context":"https:\/\/schema.org","@graph":[{"@type":"Article","@id":"https:\/\/terrescitoyennes.org\/index.php\/2018\/05\/28\/mercredi-13-juin-a-20h30-a-la-laiterie-a-saint-juery-cafe-paysan-organise-par-ladeart\/#article","isPartOf":{"@id":"https:\/\/terrescitoyennes.org\/index.php\/2018\/05\/28\/mercredi-13-juin-a-20h30-a-la-laiterie-a-saint-juery-cafe-paysan-organise-par-ladeart\/"},"author":{"name":"La r\u00e9daction","@id":"https:\/\/terrescitoyennes.org\/#\/schema\/person\/e0960d6781bbeb4a308a46f01ba3d382"},"headline":"Mercredi 13 juin \u00e0 20h30 \u00e0 Saint-Ju\u00e9ry : l&rsquo;ADEART propose un Caf\u00e9 paysan","datePublished":"2018-05-28T10:45:07+00:00","dateModified":"2018-05-28T10:45:07+00:00","mainEntityOfPage":{"@id":"https:\/\/terrescitoyennes.org\/index.php\/2018\/05\/28\/mercredi-13-juin-a-20h30-a-la-laiterie-a-saint-juery-cafe-paysan-organise-par-ladeart\/"},"wordCount":188,"publisher":{"@id":"https:\/\/terrescitoyennes.org\/#organization"},"inLanguage":"fr-FR"},{"@type":"WebPage","@id":"https:\/\/terrescitoyennes.org\/index.php\/2018\/05\/28\/mercredi-13-juin-a-20h30-a-la-laiterie-a-saint-juery-cafe-paysan-organise-par-ladeart\/","url":"https:\/\/terrescitoyennes.org\/index.php\/2018\/05\/28\/mercredi-13-juin-a-20h30-a-la-laiterie-a-saint-juery-cafe-paysan-organise-par-ladeart\/","name":"Mercredi 13 juin \u00e0 20h30 \u00e0 Saint-Ju\u00e9ry : l'ADEART propose un Caf\u00e9 paysan - Terres citoyennes albigeoises","isPartOf":{"@id":"https:\/\/terrescitoyennes.org\/#website"},"datePublished":"2018-05-28T10:45:07+00:00","dateModified":"2018-05-28T10:45:07+00:00","breadcrumb":{"@id":"https:\/\/terrescitoyennes.org\/index.php\/2018\/05\/28\/mercredi-13-juin-a-20h30-a-la-laiterie-a-saint-juery-cafe-paysan-organise-par-ladeart\/#breadcrumb"},"inLanguage":"fr-FR","potentialAction":[{"@type":"ReadAction","target":["https:\/\/terrescitoyennes.org\/index.php\/2018\/05\/28\/mercredi-13-juin-a-20h30-a-la-laiterie-a-saint-juery-cafe-paysan-organise-par-ladeart\/"]}]},{"@type":"BreadcrumbList","@id":"https:\/\/terrescitoyennes.org\/index.php\/2018\/05\/28\/mercredi-13-juin-a-20h30-a-la-laiterie-a-saint-juery-cafe-paysan-organise-par-ladeart\/#breadcrumb","itemListElement":[{"@type":"ListItem","position":1,"name":"Accueil","item":"https:\/\/terrescitoyennes.org\/"},{"@type":"ListItem","position":2,"name":"Mercredi 13 juin \u00e0 20h30 \u00e0 Saint-Ju\u00e9ry : l&rsquo;ADEART propose un Caf\u00e9 paysan"}]},{"@type":"WebSite","@id":"https:\/\/terrescitoyennes.org\/#website","url":"https:\/\/terrescitoyennes.org\/","name":"Terres Citoyennes Albigeoises","description":"","publisher":{"@id":"https:\/\/terrescitoyennes.org\/#organization"},"potentialAction":[{"@type":"SearchAction","target":{"@type":"EntryPoint","urlTemplate":"https:\/\/terrescitoyennes.org\/?s={search_term_string}"},"query-input":{"@type":"PropertyValueSpecification","valueRequired":true,"valueName":"search_term_string"}}],"inLanguage":"fr-FR"},{"@type":"Organization","@id":"https:\/\/terrescitoyennes.org\/#organization","name":"Terres Citoyennes Albigeoises","url":"https:\/\/terrescitoyennes.org\/","logo":{"@type":"ImageObject","inLanguage":"fr-FR","@id":"https:\/\/terrescitoyennes.org\/#\/schema\/logo\/image\/","url":"https:\/\/terrescitoyennes.org\/wp-content\/uploads\/2020\/05\/LOGO-TC-propo-01.png","contentUrl":"https:\/\/terrescitoyennes.org\/wp-content\/uploads\/2020\/05\/LOGO-TC-propo-01.png","width":519,"height":459,"caption":"Terres Citoyennes Albigeoises"},"image":{"@id":"https:\/\/terrescitoyennes.org\/#\/schema\/logo\/image\/"},"sameAs":["https:\/\/www.facebook.com\/Terres-citoyennes-albigeoises-513479312353377\/"]},{"@type":"Person","@id":"https:\/\/terrescitoyennes.org\/#\/schema\/person\/e0960d6781bbeb4a308a46f01ba3d382","name":"La r\u00e9daction","image":{"@type":"ImageObject","inLanguage":"fr-FR","@id":"https:\/\/terrescitoyennes.org\/#\/schema\/person\/image\/","url":"https:\/\/secure.gravatar.com\/avatar\/d799b7c652906e899d85a27d9adbcc8a?s=96&d=mm&r=g","contentUrl":"https:\/\/secure.gravatar.com\/avatar\/d799b7c652906e899d85a27d9adbcc8a?s=96&d=mm&r=g","caption":"La r\u00e9daction"},"url":"https:\/\/terrescitoyennes.org\/index.php\/author\/pascal-henry-albi\/"}]}},"_links":{"self":[{"href":"https:\/\/terrescitoyennes.org\/index.php\/wp-json\/wp\/v2\/posts\/689"}],"collection":[{"href":"https:\/\/terrescitoyennes.org\/index.php\/wp-json\/wp\/v2\/posts"}],"about":[{"href":"https:\/\/terrescitoyennes.org\/index.php\/wp-json\/wp\/v2\/types\/post"}],"author":[{"embeddable":true,"href":"https:\/\/terrescitoyennes.org\/index.php\/wp-json\/wp\/v2\/users\/3"}],"replies":[{"embeddable":true,"href":"https:\/\/terrescitoyennes.org\/index.php\/wp-json\/wp\/v2\/comments?post=689"}],"version-history":[{"count":0,"href":"https:\/\/terrescitoyennes.org\/index.php\/wp-json\/wp\/v2\/posts\/689\/revisions"}],"wp:attachment":[{"href":"https:\/\/terrescitoyennes.org\/index.php\/wp-json\/wp\/v2\/media?parent=689"}],"wp:term":[{"taxonomy":"category","embeddable":true,"href":"https:\/\/terrescitoyennes.org\/index.php\/wp-json\/wp\/v2\/categories?post=689"},{"taxonomy":"post_tag","embeddable":true,"href":"https:\/\/terrescitoyennes.org\/index.php\/wp-json\/wp\/v2\/tags?post=689"}],"curies":[{"name":"wp","href":"https:\/\/api.w.org\/{rel}","templated":true}]}}