{"id":803,"date":"2018-06-07T08:57:42","date_gmt":"2018-06-07T06:57:42","guid":{"rendered":"http:\/\/albivillecomestible.fr\/?p=803"},"modified":"2018-06-07T08:57:42","modified_gmt":"2018-06-07T06:57:42","slug":"des-brebis-a-albi","status":"publish","type":"post","link":"https:\/\/terrescitoyennes.org\/index.php\/2018\/06\/07\/des-brebis-a-albi\/","title":{"rendered":"Des brebis \u00e0 Albi !"},"content":{"rendered":"<p>Le num\u00e9ro de mars d&rsquo;Albimag nous l&rsquo;annon\u00e7ait :<\/p>\n<p><img loading=\"lazy\" decoding=\"async\" class=\"aligncenter wp-image-804 size-full\" src=\"http:\/\/albivillecomestible.fr\/wp-content\/uploads\/2018\/06\/Albimag-mars-2018-page-14-Brebis-dAlbi.jpg\" alt=\"\" width=\"826\" height=\"582\" srcset=\"https:\/\/terrescitoyennes.org\/wp-content\/uploads\/2018\/06\/Albimag-mars-2018-page-14-Brebis-dAlbi.jpg 826w, https:\/\/terrescitoyennes.org\/wp-content\/uploads\/2018\/06\/Albimag-mars-2018-page-14-Brebis-dAlbi-300x211.jpg 300w, https:\/\/terrescitoyennes.org\/wp-content\/uploads\/2018\/06\/Albimag-mars-2018-page-14-Brebis-dAlbi-768x541.jpg 768w\" sizes=\"(max-width: 826px) 100vw, 826px\" \/><\/p>\n<p>Le num\u00e9ro de juin d&rsquo;Albimag nous le confirme :<\/p>\n<p><img loading=\"lazy\" decoding=\"async\" class=\"aligncenter wp-image-805 size-full\" src=\"http:\/\/albivillecomestible.fr\/wp-content\/uploads\/2018\/06\/Albimag-juin-2018-page-7-Brebis-dAlbi.jpg\" alt=\"\" width=\"826\" height=\"1169\" srcset=\"https:\/\/terrescitoyennes.org\/wp-content\/uploads\/2018\/06\/Albimag-juin-2018-page-7-Brebis-dAlbi.jpg 826w, https:\/\/terrescitoyennes.org\/wp-content\/uploads\/2018\/06\/Albimag-juin-2018-page-7-Brebis-dAlbi-212x300.jpg 212w, https:\/\/terrescitoyennes.org\/wp-content\/uploads\/2018\/06\/Albimag-juin-2018-page-7-Brebis-dAlbi-768x1087.jpg 768w, https:\/\/terrescitoyennes.org\/wp-content\/uploads\/2018\/06\/Albimag-juin-2018-page-7-Brebis-dAlbi-724x1024.jpg 724w\" sizes=\"(max-width: 826px) 100vw, 826px\" \/><\/p>\n<p>Les brebis ont donc d\u00e9barqu\u00e9 \u00e0 Albi\u00a0! C&rsquo;est Albrebis !!!<\/p>\n<p>Mais peut-\u00eatre, souhaitez-vous en savoir plus?\u00a0D&rsquo;o\u00f9 viennent ces brebis?\u00a0Ont-elles un berger?<\/p>\n<p><img loading=\"lazy\" decoding=\"async\" class=\"aligncenter wp-image-806 size-full\" src=\"http:\/\/albivillecomestible.fr\/wp-content\/uploads\/2018\/06\/Petite-terre-logo.jpg\" alt=\"\" width=\"1024\" height=\"368\" srcset=\"https:\/\/terrescitoyennes.org\/wp-content\/uploads\/2018\/06\/Petite-terre-logo.jpg 1024w, https:\/\/terrescitoyennes.org\/wp-content\/uploads\/2018\/06\/Petite-terre-logo-300x108.jpg 300w, https:\/\/terrescitoyennes.org\/wp-content\/uploads\/2018\/06\/Petite-terre-logo-768x276.jpg 768w\" sizes=\"(max-width: 1024px) 100vw, 1024px\" \/><\/p>\n<p>Ces brebis viennent de <em>Petite Terre<\/em>, ferme situ\u00e9e \u00e0 Le Dourn, pr\u00e8s de Valence d&rsquo;Albigeois. En agriculture biologique, et sous mention <em>Nature &amp; Progr\u00e8s<\/em>, Chlo\u00ebn et Jordy Van den Akker sont \u00e0 la fois paysans-boulangers et \u00e9leveurs. Il cultivent un m\u00e9lange de bl\u00e9 de pays, qu&rsquo;ils transforment \u00e0 la ferme en farine puis en pain. Ils \u00e9l\u00e8vent des brebis et produisent de la viande d&rsquo;agneau vendue en colis, que l&rsquo;on peut notamment trouver \u00e0 l&rsquo;AMAP d&rsquo;Albi dans le quartier de la Madeleine !<\/p>\n<p><img loading=\"lazy\" decoding=\"async\" class=\"aligncenter wp-image-807 size-full\" src=\"http:\/\/albivillecomestible.fr\/wp-content\/uploads\/2018\/06\/Petite-terre-1051.jpg\" alt=\"\" width=\"800\" height=\"571\" srcset=\"https:\/\/terrescitoyennes.org\/wp-content\/uploads\/2018\/06\/Petite-terre-1051.jpg 800w, https:\/\/terrescitoyennes.org\/wp-content\/uploads\/2018\/06\/Petite-terre-1051-300x214.jpg 300w, https:\/\/terrescitoyennes.org\/wp-content\/uploads\/2018\/06\/Petite-terre-1051-768x548.jpg 768w\" sizes=\"(max-width: 800px) 100vw, 800px\" \/><\/p>\n<p><img loading=\"lazy\" decoding=\"async\" class=\"aligncenter wp-image-808 size-full\" src=\"http:\/\/albivillecomestible.fr\/wp-content\/uploads\/2018\/06\/Petite-terre-1081.jpg\" alt=\"\" width=\"800\" height=\"640\" srcset=\"https:\/\/terrescitoyennes.org\/wp-content\/uploads\/2018\/06\/Petite-terre-1081.jpg 800w, https:\/\/terrescitoyennes.org\/wp-content\/uploads\/2018\/06\/Petite-terre-1081-300x240.jpg 300w, https:\/\/terrescitoyennes.org\/wp-content\/uploads\/2018\/06\/Petite-terre-1081-768x614.jpg 768w\" sizes=\"(max-width: 800px) 100vw, 800px\" \/><\/p>\n<p>Pour en savoir plus :<\/p>\n<p>Le site internet des paysans-boulangers-\u00e9leveurs\u00a0: <a href=\"https:\/\/lapetiteterre.com\/\" target=\"_blank\" rel=\"noopener\">https:\/\/lapetiteterre.com\/<\/a><\/p>\n<p>Le site internet de l&rsquo;AMAP\u00a0d&rsquo;Albi &#8211; La Madeleine\u00a0: <a href=\"http:\/\/segala.reseauamaptarn.fr\/\" target=\"_blank\" rel=\"noopener\">http:\/\/segala.reseauamaptarn.fr\/<\/a><\/p>\n","protected":false},"excerpt":{"rendered":"<p>Le num\u00e9ro de mars d&rsquo;Albimag nous l&rsquo;annon\u00e7ait : Le num\u00e9ro de juin d&rsquo;Albimag nous le confirme : Les brebis ont donc d\u00e9barqu\u00e9 \u00e0 Albi\u00a0! C&rsquo;est Albrebis !!! Mais peut-\u00eatre, souhaitez-vous en savoir plus?\u00a0D&rsquo;o\u00f9 viennent ces brebis?\u00a0Ont-elles un berger? Ces brebis viennent de Petite Terre, ferme situ\u00e9e \u00e0 Le Dourn, pr\u00e8s de Valence d&rsquo;Albigeois. En agriculture [&hellip;]<\/p>\n","protected":false},"author":3,"featured_media":0,"comment_status":"closed","ping_status":"closed","sticky":false,"template":"","format":"standard","meta":{"footnotes":""},"categories":[1],"tags":[],"yoast_head":"<!-- This site is optimized with the Yoast SEO plugin v23.5 - https:\/\/yoast.com\/wordpress\/plugins\/seo\/ -->\n<title>Des brebis \u00e0 Albi ! - Terres citoyennes albigeoises<\/title>\n<meta name=\"robots\" content=\"index, follow, max-snippet:-1, max-image-preview:large, max-video-preview:-1\" \/>\n<link rel=\"canonical\" href=\"https:\/\/terrescitoyennes.org\/index.php\/2018\/06\/07\/des-brebis-a-albi\/\" \/>\n<meta property=\"og:locale\" content=\"fr_FR\" \/>\n<meta property=\"og:type\" content=\"article\" \/>\n<meta property=\"og:title\" content=\"Des brebis \u00e0 Albi ! - Terres citoyennes albigeoises\" \/>\n<meta property=\"og:description\" content=\"Le num\u00e9ro de mars d&rsquo;Albimag nous l&rsquo;annon\u00e7ait : Le num\u00e9ro de juin d&rsquo;Albimag nous le confirme : Les brebis ont donc d\u00e9barqu\u00e9 \u00e0 Albi\u00a0! C&rsquo;est Albrebis !!! Mais peut-\u00eatre, souhaitez-vous en savoir plus?\u00a0D&rsquo;o\u00f9 viennent ces brebis?\u00a0Ont-elles un berger? Ces brebis viennent de Petite Terre, ferme situ\u00e9e \u00e0 Le Dourn, pr\u00e8s de Valence d&rsquo;Albigeois. En agriculture [&hellip;]\" \/>\n<meta property=\"og:url\" content=\"https:\/\/terrescitoyennes.org\/index.php\/2018\/06\/07\/des-brebis-a-albi\/\" \/>\n<meta property=\"og:site_name\" content=\"Terres citoyennes albigeoises\" \/>\n<meta property=\"article:publisher\" content=\"https:\/\/www.facebook.com\/Terres-citoyennes-albigeoises-513479312353377\/\" \/>\n<meta property=\"article:published_time\" content=\"2018-06-07T06:57:42+00:00\" \/>\n<meta property=\"og:image\" content=\"http:\/\/albivillecomestible.fr\/wp-content\/uploads\/2018\/06\/Albimag-mars-2018-page-14-Brebis-dAlbi.jpg\" \/>\n<meta name=\"author\" content=\"La r\u00e9daction\" \/>\n<meta name=\"twitter:card\" content=\"summary_large_image\" \/>\n<meta name=\"twitter:label1\" content=\"\u00c9crit par\" \/>\n\t<meta name=\"twitter:data1\" content=\"La r\u00e9daction\" \/>\n\t<meta name=\"twitter:label2\" content=\"Dur\u00e9e de lecture estim\u00e9e\" \/>\n\t<meta name=\"twitter:data2\" content=\"1 minute\" \/>\n<script type=\"application\/ld+json\" class=\"yoast-schema-graph\">{\"@context\":\"https:\/\/schema.org\",\"@graph\":[{\"@type\":\"Article\",\"@id\":\"https:\/\/terrescitoyennes.org\/index.php\/2018\/06\/07\/des-brebis-a-albi\/#article\",\"isPartOf\":{\"@id\":\"https:\/\/terrescitoyennes.org\/index.php\/2018\/06\/07\/des-brebis-a-albi\/\"},\"author\":{\"name\":\"La r\u00e9daction\",\"@id\":\"https:\/\/terrescitoyennes.org\/#\/schema\/person\/e0960d6781bbeb4a308a46f01ba3d382\"},\"headline\":\"Des brebis \u00e0 Albi !\",\"datePublished\":\"2018-06-07T06:57:42+00:00\",\"dateModified\":\"2018-06-07T06:57:42+00:00\",\"mainEntityOfPage\":{\"@id\":\"https:\/\/terrescitoyennes.org\/index.php\/2018\/06\/07\/des-brebis-a-albi\/\"},\"wordCount\":154,\"publisher\":{\"@id\":\"https:\/\/terrescitoyennes.org\/#organization\"},\"image\":{\"@id\":\"https:\/\/terrescitoyennes.org\/index.php\/2018\/06\/07\/des-brebis-a-albi\/#primaryimage\"},\"thumbnailUrl\":\"http:\/\/albivillecomestible.fr\/wp-content\/uploads\/2018\/06\/Albimag-mars-2018-page-14-Brebis-dAlbi.jpg\",\"inLanguage\":\"fr-FR\"},{\"@type\":\"WebPage\",\"@id\":\"https:\/\/terrescitoyennes.org\/index.php\/2018\/06\/07\/des-brebis-a-albi\/\",\"url\":\"https:\/\/terrescitoyennes.org\/index.php\/2018\/06\/07\/des-brebis-a-albi\/\",\"name\":\"Des brebis \u00e0 Albi ! - Terres citoyennes albigeoises\",\"isPartOf\":{\"@id\":\"https:\/\/terrescitoyennes.org\/#website\"},\"primaryImageOfPage\":{\"@id\":\"https:\/\/terrescitoyennes.org\/index.php\/2018\/06\/07\/des-brebis-a-albi\/#primaryimage\"},\"image\":{\"@id\":\"https:\/\/terrescitoyennes.org\/index.php\/2018\/06\/07\/des-brebis-a-albi\/#primaryimage\"},\"thumbnailUrl\":\"http:\/\/albivillecomestible.fr\/wp-content\/uploads\/2018\/06\/Albimag-mars-2018-page-14-Brebis-dAlbi.jpg\",\"datePublished\":\"2018-06-07T06:57:42+00:00\",\"dateModified\":\"2018-06-07T06:57:42+00:00\",\"breadcrumb\":{\"@id\":\"https:\/\/terrescitoyennes.org\/index.php\/2018\/06\/07\/des-brebis-a-albi\/#breadcrumb\"},\"inLanguage\":\"fr-FR\",\"potentialAction\":[{\"@type\":\"ReadAction\",\"target\":[\"https:\/\/terrescitoyennes.org\/index.php\/2018\/06\/07\/des-brebis-a-albi\/\"]}]},{\"@type\":\"ImageObject\",\"inLanguage\":\"fr-FR\",\"@id\":\"https:\/\/terrescitoyennes.org\/index.php\/2018\/06\/07\/des-brebis-a-albi\/#primaryimage\",\"url\":\"http:\/\/albivillecomestible.fr\/wp-content\/uploads\/2018\/06\/Albimag-mars-2018-page-14-Brebis-dAlbi.jpg\",\"contentUrl\":\"http:\/\/albivillecomestible.fr\/wp-content\/uploads\/2018\/06\/Albimag-mars-2018-page-14-Brebis-dAlbi.jpg\"},{\"@type\":\"BreadcrumbList\",\"@id\":\"https:\/\/terrescitoyennes.org\/index.php\/2018\/06\/07\/des-brebis-a-albi\/#breadcrumb\",\"itemListElement\":[{\"@type\":\"ListItem\",\"position\":1,\"name\":\"Accueil\",\"item\":\"https:\/\/terrescitoyennes.org\/\"},{\"@type\":\"ListItem\",\"position\":2,\"name\":\"Des brebis \u00e0 Albi !\"}]},{\"@type\":\"WebSite\",\"@id\":\"https:\/\/terrescitoyennes.org\/#website\",\"url\":\"https:\/\/terrescitoyennes.org\/\",\"name\":\"Terres Citoyennes Albigeoises\",\"description\":\"\",\"publisher\":{\"@id\":\"https:\/\/terrescitoyennes.org\/#organization\"},\"potentialAction\":[{\"@type\":\"SearchAction\",\"target\":{\"@type\":\"EntryPoint\",\"urlTemplate\":\"https:\/\/terrescitoyennes.org\/?s={search_term_string}\"},\"query-input\":{\"@type\":\"PropertyValueSpecification\",\"valueRequired\":true,\"valueName\":\"search_term_string\"}}],\"inLanguage\":\"fr-FR\"},{\"@type\":\"Organization\",\"@id\":\"https:\/\/terrescitoyennes.org\/#organization\",\"name\":\"Terres Citoyennes Albigeoises\",\"url\":\"https:\/\/terrescitoyennes.org\/\",\"logo\":{\"@type\":\"ImageObject\",\"inLanguage\":\"fr-FR\",\"@id\":\"https:\/\/terrescitoyennes.org\/#\/schema\/logo\/image\/\",\"url\":\"https:\/\/terrescitoyennes.org\/wp-content\/uploads\/2020\/05\/LOGO-TC-propo-01.png\",\"contentUrl\":\"https:\/\/terrescitoyennes.org\/wp-content\/uploads\/2020\/05\/LOGO-TC-propo-01.png\",\"width\":519,\"height\":459,\"caption\":\"Terres Citoyennes Albigeoises\"},\"image\":{\"@id\":\"https:\/\/terrescitoyennes.org\/#\/schema\/logo\/image\/\"},\"sameAs\":[\"https:\/\/www.facebook.com\/Terres-citoyennes-albigeoises-513479312353377\/\"]},{\"@type\":\"Person\",\"@id\":\"https:\/\/terrescitoyennes.org\/#\/schema\/person\/e0960d6781bbeb4a308a46f01ba3d382\",\"name\":\"La r\u00e9daction\",\"image\":{\"@type\":\"ImageObject\",\"inLanguage\":\"fr-FR\",\"@id\":\"https:\/\/terrescitoyennes.org\/#\/schema\/person\/image\/\",\"url\":\"https:\/\/secure.gravatar.com\/avatar\/d799b7c652906e899d85a27d9adbcc8a?s=96&d=mm&r=g\",\"contentUrl\":\"https:\/\/secure.gravatar.com\/avatar\/d799b7c652906e899d85a27d9adbcc8a?s=96&d=mm&r=g\",\"caption\":\"La r\u00e9daction\"},\"url\":\"https:\/\/terrescitoyennes.org\/index.php\/author\/pascal-henry-albi\/\"}]}<\/script>\n<!-- \/ Yoast SEO plugin. -->","yoast_head_json":{"title":"Des brebis \u00e0 Albi ! - Terres citoyennes albigeoises","robots":{"index":"index","follow":"follow","max-snippet":"max-snippet:-1","max-image-preview":"max-image-preview:large","max-video-preview":"max-video-preview:-1"},"canonical":"https:\/\/terrescitoyennes.org\/index.php\/2018\/06\/07\/des-brebis-a-albi\/","og_locale":"fr_FR","og_type":"article","og_title":"Des brebis \u00e0 Albi ! - Terres citoyennes albigeoises","og_description":"Le num\u00e9ro de mars d&rsquo;Albimag nous l&rsquo;annon\u00e7ait : Le num\u00e9ro de juin d&rsquo;Albimag nous le confirme : Les brebis ont donc d\u00e9barqu\u00e9 \u00e0 Albi\u00a0! C&rsquo;est Albrebis !!! Mais peut-\u00eatre, souhaitez-vous en savoir plus?\u00a0D&rsquo;o\u00f9 viennent ces brebis?\u00a0Ont-elles un berger? Ces brebis viennent de Petite Terre, ferme situ\u00e9e \u00e0 Le Dourn, pr\u00e8s de Valence d&rsquo;Albigeois. En agriculture [&hellip;]","og_url":"https:\/\/terrescitoyennes.org\/index.php\/2018\/06\/07\/des-brebis-a-albi\/","og_site_name":"Terres citoyennes albigeoises","article_publisher":"https:\/\/www.facebook.com\/Terres-citoyennes-albigeoises-513479312353377\/","article_published_time":"2018-06-07T06:57:42+00:00","og_image":[{"url":"http:\/\/albivillecomestible.fr\/wp-content\/uploads\/2018\/06\/Albimag-mars-2018-page-14-Brebis-dAlbi.jpg"}],"author":"La r\u00e9daction","twitter_card":"summary_large_image","twitter_misc":{"\u00c9crit par":"La r\u00e9daction","Dur\u00e9e de lecture estim\u00e9e":"1 minute"},"schema":{"@context":"https:\/\/schema.org","@graph":[{"@type":"Article","@id":"https:\/\/terrescitoyennes.org\/index.php\/2018\/06\/07\/des-brebis-a-albi\/#article","isPartOf":{"@id":"https:\/\/terrescitoyennes.org\/index.php\/2018\/06\/07\/des-brebis-a-albi\/"},"author":{"name":"La r\u00e9daction","@id":"https:\/\/terrescitoyennes.org\/#\/schema\/person\/e0960d6781bbeb4a308a46f01ba3d382"},"headline":"Des brebis \u00e0 Albi !","datePublished":"2018-06-07T06:57:42+00:00","dateModified":"2018-06-07T06:57:42+00:00","mainEntityOfPage":{"@id":"https:\/\/terrescitoyennes.org\/index.php\/2018\/06\/07\/des-brebis-a-albi\/"},"wordCount":154,"publisher":{"@id":"https:\/\/terrescitoyennes.org\/#organization"},"image":{"@id":"https:\/\/terrescitoyennes.org\/index.php\/2018\/06\/07\/des-brebis-a-albi\/#primaryimage"},"thumbnailUrl":"http:\/\/albivillecomestible.fr\/wp-content\/uploads\/2018\/06\/Albimag-mars-2018-page-14-Brebis-dAlbi.jpg","inLanguage":"fr-FR"},{"@type":"WebPage","@id":"https:\/\/terrescitoyennes.org\/index.php\/2018\/06\/07\/des-brebis-a-albi\/","url":"https:\/\/terrescitoyennes.org\/index.php\/2018\/06\/07\/des-brebis-a-albi\/","name":"Des brebis \u00e0 Albi ! - Terres citoyennes albigeoises","isPartOf":{"@id":"https:\/\/terrescitoyennes.org\/#website"},"primaryImageOfPage":{"@id":"https:\/\/terrescitoyennes.org\/index.php\/2018\/06\/07\/des-brebis-a-albi\/#primaryimage"},"image":{"@id":"https:\/\/terrescitoyennes.org\/index.php\/2018\/06\/07\/des-brebis-a-albi\/#primaryimage"},"thumbnailUrl":"http:\/\/albivillecomestible.fr\/wp-content\/uploads\/2018\/06\/Albimag-mars-2018-page-14-Brebis-dAlbi.jpg","datePublished":"2018-06-07T06:57:42+00:00","dateModified":"2018-06-07T06:57:42+00:00","breadcrumb":{"@id":"https:\/\/terrescitoyennes.org\/index.php\/2018\/06\/07\/des-brebis-a-albi\/#breadcrumb"},"inLanguage":"fr-FR","potentialAction":[{"@type":"ReadAction","target":["https:\/\/terrescitoyennes.org\/index.php\/2018\/06\/07\/des-brebis-a-albi\/"]}]},{"@type":"ImageObject","inLanguage":"fr-FR","@id":"https:\/\/terrescitoyennes.org\/index.php\/2018\/06\/07\/des-brebis-a-albi\/#primaryimage","url":"http:\/\/albivillecomestible.fr\/wp-content\/uploads\/2018\/06\/Albimag-mars-2018-page-14-Brebis-dAlbi.jpg","contentUrl":"http:\/\/albivillecomestible.fr\/wp-content\/uploads\/2018\/06\/Albimag-mars-2018-page-14-Brebis-dAlbi.jpg"},{"@type":"BreadcrumbList","@id":"https:\/\/terrescitoyennes.org\/index.php\/2018\/06\/07\/des-brebis-a-albi\/#breadcrumb","itemListElement":[{"@type":"ListItem","position":1,"name":"Accueil","item":"https:\/\/terrescitoyennes.org\/"},{"@type":"ListItem","position":2,"name":"Des brebis \u00e0 Albi !"}]},{"@type":"WebSite","@id":"https:\/\/terrescitoyennes.org\/#website","url":"https:\/\/terrescitoyennes.org\/","name":"Terres Citoyennes Albigeoises","description":"","publisher":{"@id":"https:\/\/terrescitoyennes.org\/#organization"},"potentialAction":[{"@type":"SearchAction","target":{"@type":"EntryPoint","urlTemplate":"https:\/\/terrescitoyennes.org\/?s={search_term_string}"},"query-input":{"@type":"PropertyValueSpecification","valueRequired":true,"valueName":"search_term_string"}}],"inLanguage":"fr-FR"},{"@type":"Organization","@id":"https:\/\/terrescitoyennes.org\/#organization","name":"Terres Citoyennes Albigeoises","url":"https:\/\/terrescitoyennes.org\/","logo":{"@type":"ImageObject","inLanguage":"fr-FR","@id":"https:\/\/terrescitoyennes.org\/#\/schema\/logo\/image\/","url":"https:\/\/terrescitoyennes.org\/wp-content\/uploads\/2020\/05\/LOGO-TC-propo-01.png","contentUrl":"https:\/\/terrescitoyennes.org\/wp-content\/uploads\/2020\/05\/LOGO-TC-propo-01.png","width":519,"height":459,"caption":"Terres Citoyennes Albigeoises"},"image":{"@id":"https:\/\/terrescitoyennes.org\/#\/schema\/logo\/image\/"},"sameAs":["https:\/\/www.facebook.com\/Terres-citoyennes-albigeoises-513479312353377\/"]},{"@type":"Person","@id":"https:\/\/terrescitoyennes.org\/#\/schema\/person\/e0960d6781bbeb4a308a46f01ba3d382","name":"La r\u00e9daction","image":{"@type":"ImageObject","inLanguage":"fr-FR","@id":"https:\/\/terrescitoyennes.org\/#\/schema\/person\/image\/","url":"https:\/\/secure.gravatar.com\/avatar\/d799b7c652906e899d85a27d9adbcc8a?s=96&d=mm&r=g","contentUrl":"https:\/\/secure.gravatar.com\/avatar\/d799b7c652906e899d85a27d9adbcc8a?s=96&d=mm&r=g","caption":"La r\u00e9daction"},"url":"https:\/\/terrescitoyennes.org\/index.php\/author\/pascal-henry-albi\/"}]}},"_links":{"self":[{"href":"https:\/\/terrescitoyennes.org\/index.php\/wp-json\/wp\/v2\/posts\/803"}],"collection":[{"href":"https:\/\/terrescitoyennes.org\/index.php\/wp-json\/wp\/v2\/posts"}],"about":[{"href":"https:\/\/terrescitoyennes.org\/index.php\/wp-json\/wp\/v2\/types\/post"}],"author":[{"embeddable":true,"href":"https:\/\/terrescitoyennes.org\/index.php\/wp-json\/wp\/v2\/users\/3"}],"replies":[{"embeddable":true,"href":"https:\/\/terrescitoyennes.org\/index.php\/wp-json\/wp\/v2\/comments?post=803"}],"version-history":[{"count":0,"href":"https:\/\/terrescitoyennes.org\/index.php\/wp-json\/wp\/v2\/posts\/803\/revisions"}],"wp:attachment":[{"href":"https:\/\/terrescitoyennes.org\/index.php\/wp-json\/wp\/v2\/media?parent=803"}],"wp:term":[{"taxonomy":"category","embeddable":true,"href":"https:\/\/terrescitoyennes.org\/index.php\/wp-json\/wp\/v2\/categories?post=803"},{"taxonomy":"post_tag","embeddable":true,"href":"https:\/\/terrescitoyennes.org\/index.php\/wp-json\/wp\/v2\/tags?post=803"}],"curies":[{"name":"wp","href":"https:\/\/api.w.org\/{rel}","templated":true}]}}