{"id":848,"date":"2018-06-17T22:48:06","date_gmt":"2018-06-17T20:48:06","guid":{"rendered":"http:\/\/albivillecomestible.fr\/?p=848"},"modified":"2018-06-17T22:48:06","modified_gmt":"2018-06-17T20:48:06","slug":"et-si-on-mangeait-local-le-pole-territorial-albigeois-bastides-publie-son-rapport-denquete","status":"publish","type":"post","link":"https:\/\/terrescitoyennes.org\/index.php\/2018\/06\/17\/et-si-on-mangeait-local-le-pole-territorial-albigeois-bastides-publie-son-rapport-denquete\/","title":{"rendered":"Et si on mangeait local? Le p\u00f4le territorial Albigeois Bastides publie son rapport d&rsquo;enqu\u00eate&#8230;"},"content":{"rendered":"<p><img loading=\"lazy\" decoding=\"async\" class=\"aligncenter size-full wp-image-849\" src=\"http:\/\/albivillecomestible.fr\/wp-content\/uploads\/2018\/06\/affiche_enquete_21.png\" alt=\"\" width=\"640\" height=\"911\" srcset=\"https:\/\/terrescitoyennes.org\/wp-content\/uploads\/2018\/06\/affiche_enquete_21.png 640w, https:\/\/terrescitoyennes.org\/wp-content\/uploads\/2018\/06\/affiche_enquete_21-211x300.png 211w\" sizes=\"(max-width: 640px) 100vw, 640px\" \/>Le p\u00f4le territorial Albigeois Bastides s&rsquo;est engag\u00e9 dans la mise en place d&rsquo;un Projet Alimentaire Territorial.<\/p>\n<p>Dans ce cadre, il a r\u00e9alis\u00e9 une enqu\u00eate sur la consommation de produits alimentaires locaux.<\/p>\n<p>Cette enqu\u00eate a donn\u00e9 lieu \u00e0 une journ\u00e9e de restitution, de visites, de tables rondes et d&rsquo;\u00e9changes, vendredi 25 mai \u00e0 Cap D\u00e9couverte.<\/p>\n<p>Le p\u00f4le territorial Albigeois Bastides a maintenant publi\u00e9 sur son site internet un compte-rendu de cette journ\u00e9e, ainsi que le rapport final de l&rsquo;enqu\u00eate, agr\u00e9ment\u00e9 d&rsquo;une vid\u00e9o r\u00e9sumant la d\u00e9marche.<\/p>\n<p>Nous vous invitons \u00e0 prendre connaissance de ces documents ici : <a href=\"https:\/\/www.pays-albigeois-bastides.fr\/actualites\/retour-sur-le-forum-et-si-mangeait-local\" target=\"_blank\" rel=\"noopener\">https:\/\/www.pays-albigeois-bastides.fr\/actualites\/retour-sur-le-forum-et-si-mangeait-local<\/a><\/p>\n","protected":false},"excerpt":{"rendered":"<p>Le p\u00f4le territorial Albigeois Bastides s&rsquo;est engag\u00e9 dans la mise en place d&rsquo;un Projet Alimentaire Territorial. Dans ce cadre, il a r\u00e9alis\u00e9 une enqu\u00eate sur la consommation de produits alimentaires locaux. Cette enqu\u00eate a donn\u00e9 lieu \u00e0 une journ\u00e9e de restitution, de visites, de tables rondes et d&rsquo;\u00e9changes, vendredi 25 mai \u00e0 Cap D\u00e9couverte. Le [&hellip;]<\/p>\n","protected":false},"author":3,"featured_media":0,"comment_status":"closed","ping_status":"closed","sticky":false,"template":"","format":"standard","meta":{"footnotes":""},"categories":[1],"tags":[],"yoast_head":"<!-- This site is optimized with the Yoast SEO plugin v23.5 - https:\/\/yoast.com\/wordpress\/plugins\/seo\/ -->\n<title>Et si on mangeait local? Le p\u00f4le territorial Albigeois Bastides publie son rapport d&#039;enqu\u00eate... - Terres citoyennes albigeoises<\/title>\n<meta name=\"robots\" content=\"index, follow, max-snippet:-1, max-image-preview:large, max-video-preview:-1\" \/>\n<link rel=\"canonical\" href=\"https:\/\/terrescitoyennes.org\/index.php\/2018\/06\/17\/et-si-on-mangeait-local-le-pole-territorial-albigeois-bastides-publie-son-rapport-denquete\/\" \/>\n<meta property=\"og:locale\" content=\"fr_FR\" \/>\n<meta property=\"og:type\" content=\"article\" \/>\n<meta property=\"og:title\" content=\"Et si on mangeait local? Le p\u00f4le territorial Albigeois Bastides publie son rapport d&#039;enqu\u00eate... - Terres citoyennes albigeoises\" \/>\n<meta property=\"og:description\" content=\"Le p\u00f4le territorial Albigeois Bastides s&rsquo;est engag\u00e9 dans la mise en place d&rsquo;un Projet Alimentaire Territorial. Dans ce cadre, il a r\u00e9alis\u00e9 une enqu\u00eate sur la consommation de produits alimentaires locaux. Cette enqu\u00eate a donn\u00e9 lieu \u00e0 une journ\u00e9e de restitution, de visites, de tables rondes et d&rsquo;\u00e9changes, vendredi 25 mai \u00e0 Cap D\u00e9couverte. Le [&hellip;]\" \/>\n<meta property=\"og:url\" content=\"https:\/\/terrescitoyennes.org\/index.php\/2018\/06\/17\/et-si-on-mangeait-local-le-pole-territorial-albigeois-bastides-publie-son-rapport-denquete\/\" \/>\n<meta property=\"og:site_name\" content=\"Terres citoyennes albigeoises\" \/>\n<meta property=\"article:publisher\" content=\"https:\/\/www.facebook.com\/Terres-citoyennes-albigeoises-513479312353377\/\" \/>\n<meta property=\"article:published_time\" content=\"2018-06-17T20:48:06+00:00\" \/>\n<meta property=\"og:image\" content=\"http:\/\/albivillecomestible.fr\/wp-content\/uploads\/2018\/06\/affiche_enquete_21.png\" \/>\n<meta name=\"author\" content=\"La r\u00e9daction\" \/>\n<meta name=\"twitter:card\" content=\"summary_large_image\" \/>\n<meta name=\"twitter:label1\" content=\"\u00c9crit par\" \/>\n\t<meta name=\"twitter:data1\" content=\"La r\u00e9daction\" \/>\n\t<meta name=\"twitter:label2\" content=\"Dur\u00e9e de lecture estim\u00e9e\" \/>\n\t<meta name=\"twitter:data2\" content=\"1 minute\" \/>\n<script type=\"application\/ld+json\" class=\"yoast-schema-graph\">{\"@context\":\"https:\/\/schema.org\",\"@graph\":[{\"@type\":\"Article\",\"@id\":\"https:\/\/terrescitoyennes.org\/index.php\/2018\/06\/17\/et-si-on-mangeait-local-le-pole-territorial-albigeois-bastides-publie-son-rapport-denquete\/#article\",\"isPartOf\":{\"@id\":\"https:\/\/terrescitoyennes.org\/index.php\/2018\/06\/17\/et-si-on-mangeait-local-le-pole-territorial-albigeois-bastides-publie-son-rapport-denquete\/\"},\"author\":{\"name\":\"La r\u00e9daction\",\"@id\":\"https:\/\/terrescitoyennes.org\/#\/schema\/person\/e0960d6781bbeb4a308a46f01ba3d382\"},\"headline\":\"Et si on mangeait local? Le p\u00f4le territorial Albigeois Bastides publie son rapport d&rsquo;enqu\u00eate&#8230;\",\"datePublished\":\"2018-06-17T20:48:06+00:00\",\"dateModified\":\"2018-06-17T20:48:06+00:00\",\"mainEntityOfPage\":{\"@id\":\"https:\/\/terrescitoyennes.org\/index.php\/2018\/06\/17\/et-si-on-mangeait-local-le-pole-territorial-albigeois-bastides-publie-son-rapport-denquete\/\"},\"wordCount\":126,\"publisher\":{\"@id\":\"https:\/\/terrescitoyennes.org\/#organization\"},\"image\":{\"@id\":\"https:\/\/terrescitoyennes.org\/index.php\/2018\/06\/17\/et-si-on-mangeait-local-le-pole-territorial-albigeois-bastides-publie-son-rapport-denquete\/#primaryimage\"},\"thumbnailUrl\":\"http:\/\/albivillecomestible.fr\/wp-content\/uploads\/2018\/06\/affiche_enquete_21.png\",\"inLanguage\":\"fr-FR\"},{\"@type\":\"WebPage\",\"@id\":\"https:\/\/terrescitoyennes.org\/index.php\/2018\/06\/17\/et-si-on-mangeait-local-le-pole-territorial-albigeois-bastides-publie-son-rapport-denquete\/\",\"url\":\"https:\/\/terrescitoyennes.org\/index.php\/2018\/06\/17\/et-si-on-mangeait-local-le-pole-territorial-albigeois-bastides-publie-son-rapport-denquete\/\",\"name\":\"Et si on mangeait local? Le p\u00f4le territorial Albigeois Bastides publie son rapport d'enqu\u00eate... - Terres citoyennes albigeoises\",\"isPartOf\":{\"@id\":\"https:\/\/terrescitoyennes.org\/#website\"},\"primaryImageOfPage\":{\"@id\":\"https:\/\/terrescitoyennes.org\/index.php\/2018\/06\/17\/et-si-on-mangeait-local-le-pole-territorial-albigeois-bastides-publie-son-rapport-denquete\/#primaryimage\"},\"image\":{\"@id\":\"https:\/\/terrescitoyennes.org\/index.php\/2018\/06\/17\/et-si-on-mangeait-local-le-pole-territorial-albigeois-bastides-publie-son-rapport-denquete\/#primaryimage\"},\"thumbnailUrl\":\"http:\/\/albivillecomestible.fr\/wp-content\/uploads\/2018\/06\/affiche_enquete_21.png\",\"datePublished\":\"2018-06-17T20:48:06+00:00\",\"dateModified\":\"2018-06-17T20:48:06+00:00\",\"breadcrumb\":{\"@id\":\"https:\/\/terrescitoyennes.org\/index.php\/2018\/06\/17\/et-si-on-mangeait-local-le-pole-territorial-albigeois-bastides-publie-son-rapport-denquete\/#breadcrumb\"},\"inLanguage\":\"fr-FR\",\"potentialAction\":[{\"@type\":\"ReadAction\",\"target\":[\"https:\/\/terrescitoyennes.org\/index.php\/2018\/06\/17\/et-si-on-mangeait-local-le-pole-territorial-albigeois-bastides-publie-son-rapport-denquete\/\"]}]},{\"@type\":\"ImageObject\",\"inLanguage\":\"fr-FR\",\"@id\":\"https:\/\/terrescitoyennes.org\/index.php\/2018\/06\/17\/et-si-on-mangeait-local-le-pole-territorial-albigeois-bastides-publie-son-rapport-denquete\/#primaryimage\",\"url\":\"http:\/\/albivillecomestible.fr\/wp-content\/uploads\/2018\/06\/affiche_enquete_21.png\",\"contentUrl\":\"http:\/\/albivillecomestible.fr\/wp-content\/uploads\/2018\/06\/affiche_enquete_21.png\"},{\"@type\":\"BreadcrumbList\",\"@id\":\"https:\/\/terrescitoyennes.org\/index.php\/2018\/06\/17\/et-si-on-mangeait-local-le-pole-territorial-albigeois-bastides-publie-son-rapport-denquete\/#breadcrumb\",\"itemListElement\":[{\"@type\":\"ListItem\",\"position\":1,\"name\":\"Accueil\",\"item\":\"https:\/\/terrescitoyennes.org\/\"},{\"@type\":\"ListItem\",\"position\":2,\"name\":\"Et si on mangeait local? Le p\u00f4le territorial Albigeois Bastides publie son rapport d&rsquo;enqu\u00eate&#8230;\"}]},{\"@type\":\"WebSite\",\"@id\":\"https:\/\/terrescitoyennes.org\/#website\",\"url\":\"https:\/\/terrescitoyennes.org\/\",\"name\":\"Terres Citoyennes Albigeoises\",\"description\":\"\",\"publisher\":{\"@id\":\"https:\/\/terrescitoyennes.org\/#organization\"},\"potentialAction\":[{\"@type\":\"SearchAction\",\"target\":{\"@type\":\"EntryPoint\",\"urlTemplate\":\"https:\/\/terrescitoyennes.org\/?s={search_term_string}\"},\"query-input\":{\"@type\":\"PropertyValueSpecification\",\"valueRequired\":true,\"valueName\":\"search_term_string\"}}],\"inLanguage\":\"fr-FR\"},{\"@type\":\"Organization\",\"@id\":\"https:\/\/terrescitoyennes.org\/#organization\",\"name\":\"Terres Citoyennes Albigeoises\",\"url\":\"https:\/\/terrescitoyennes.org\/\",\"logo\":{\"@type\":\"ImageObject\",\"inLanguage\":\"fr-FR\",\"@id\":\"https:\/\/terrescitoyennes.org\/#\/schema\/logo\/image\/\",\"url\":\"https:\/\/terrescitoyennes.org\/wp-content\/uploads\/2020\/05\/LOGO-TC-propo-01.png\",\"contentUrl\":\"https:\/\/terrescitoyennes.org\/wp-content\/uploads\/2020\/05\/LOGO-TC-propo-01.png\",\"width\":519,\"height\":459,\"caption\":\"Terres Citoyennes Albigeoises\"},\"image\":{\"@id\":\"https:\/\/terrescitoyennes.org\/#\/schema\/logo\/image\/\"},\"sameAs\":[\"https:\/\/www.facebook.com\/Terres-citoyennes-albigeoises-513479312353377\/\"]},{\"@type\":\"Person\",\"@id\":\"https:\/\/terrescitoyennes.org\/#\/schema\/person\/e0960d6781bbeb4a308a46f01ba3d382\",\"name\":\"La r\u00e9daction\",\"image\":{\"@type\":\"ImageObject\",\"inLanguage\":\"fr-FR\",\"@id\":\"https:\/\/terrescitoyennes.org\/#\/schema\/person\/image\/\",\"url\":\"https:\/\/secure.gravatar.com\/avatar\/d799b7c652906e899d85a27d9adbcc8a?s=96&d=mm&r=g\",\"contentUrl\":\"https:\/\/secure.gravatar.com\/avatar\/d799b7c652906e899d85a27d9adbcc8a?s=96&d=mm&r=g\",\"caption\":\"La r\u00e9daction\"},\"url\":\"https:\/\/terrescitoyennes.org\/index.php\/author\/pascal-henry-albi\/\"}]}<\/script>\n<!-- \/ Yoast SEO plugin. -->","yoast_head_json":{"title":"Et si on mangeait local? Le p\u00f4le territorial Albigeois Bastides publie son rapport d'enqu\u00eate... - Terres citoyennes albigeoises","robots":{"index":"index","follow":"follow","max-snippet":"max-snippet:-1","max-image-preview":"max-image-preview:large","max-video-preview":"max-video-preview:-1"},"canonical":"https:\/\/terrescitoyennes.org\/index.php\/2018\/06\/17\/et-si-on-mangeait-local-le-pole-territorial-albigeois-bastides-publie-son-rapport-denquete\/","og_locale":"fr_FR","og_type":"article","og_title":"Et si on mangeait local? Le p\u00f4le territorial Albigeois Bastides publie son rapport d'enqu\u00eate... - Terres citoyennes albigeoises","og_description":"Le p\u00f4le territorial Albigeois Bastides s&rsquo;est engag\u00e9 dans la mise en place d&rsquo;un Projet Alimentaire Territorial. Dans ce cadre, il a r\u00e9alis\u00e9 une enqu\u00eate sur la consommation de produits alimentaires locaux. Cette enqu\u00eate a donn\u00e9 lieu \u00e0 une journ\u00e9e de restitution, de visites, de tables rondes et d&rsquo;\u00e9changes, vendredi 25 mai \u00e0 Cap D\u00e9couverte. Le [&hellip;]","og_url":"https:\/\/terrescitoyennes.org\/index.php\/2018\/06\/17\/et-si-on-mangeait-local-le-pole-territorial-albigeois-bastides-publie-son-rapport-denquete\/","og_site_name":"Terres citoyennes albigeoises","article_publisher":"https:\/\/www.facebook.com\/Terres-citoyennes-albigeoises-513479312353377\/","article_published_time":"2018-06-17T20:48:06+00:00","og_image":[{"url":"http:\/\/albivillecomestible.fr\/wp-content\/uploads\/2018\/06\/affiche_enquete_21.png"}],"author":"La r\u00e9daction","twitter_card":"summary_large_image","twitter_misc":{"\u00c9crit par":"La r\u00e9daction","Dur\u00e9e de lecture estim\u00e9e":"1 minute"},"schema":{"@context":"https:\/\/schema.org","@graph":[{"@type":"Article","@id":"https:\/\/terrescitoyennes.org\/index.php\/2018\/06\/17\/et-si-on-mangeait-local-le-pole-territorial-albigeois-bastides-publie-son-rapport-denquete\/#article","isPartOf":{"@id":"https:\/\/terrescitoyennes.org\/index.php\/2018\/06\/17\/et-si-on-mangeait-local-le-pole-territorial-albigeois-bastides-publie-son-rapport-denquete\/"},"author":{"name":"La r\u00e9daction","@id":"https:\/\/terrescitoyennes.org\/#\/schema\/person\/e0960d6781bbeb4a308a46f01ba3d382"},"headline":"Et si on mangeait local? Le p\u00f4le territorial Albigeois Bastides publie son rapport d&rsquo;enqu\u00eate&#8230;","datePublished":"2018-06-17T20:48:06+00:00","dateModified":"2018-06-17T20:48:06+00:00","mainEntityOfPage":{"@id":"https:\/\/terrescitoyennes.org\/index.php\/2018\/06\/17\/et-si-on-mangeait-local-le-pole-territorial-albigeois-bastides-publie-son-rapport-denquete\/"},"wordCount":126,"publisher":{"@id":"https:\/\/terrescitoyennes.org\/#organization"},"image":{"@id":"https:\/\/terrescitoyennes.org\/index.php\/2018\/06\/17\/et-si-on-mangeait-local-le-pole-territorial-albigeois-bastides-publie-son-rapport-denquete\/#primaryimage"},"thumbnailUrl":"http:\/\/albivillecomestible.fr\/wp-content\/uploads\/2018\/06\/affiche_enquete_21.png","inLanguage":"fr-FR"},{"@type":"WebPage","@id":"https:\/\/terrescitoyennes.org\/index.php\/2018\/06\/17\/et-si-on-mangeait-local-le-pole-territorial-albigeois-bastides-publie-son-rapport-denquete\/","url":"https:\/\/terrescitoyennes.org\/index.php\/2018\/06\/17\/et-si-on-mangeait-local-le-pole-territorial-albigeois-bastides-publie-son-rapport-denquete\/","name":"Et si on mangeait local? Le p\u00f4le territorial Albigeois Bastides publie son rapport d'enqu\u00eate... - Terres citoyennes albigeoises","isPartOf":{"@id":"https:\/\/terrescitoyennes.org\/#website"},"primaryImageOfPage":{"@id":"https:\/\/terrescitoyennes.org\/index.php\/2018\/06\/17\/et-si-on-mangeait-local-le-pole-territorial-albigeois-bastides-publie-son-rapport-denquete\/#primaryimage"},"image":{"@id":"https:\/\/terrescitoyennes.org\/index.php\/2018\/06\/17\/et-si-on-mangeait-local-le-pole-territorial-albigeois-bastides-publie-son-rapport-denquete\/#primaryimage"},"thumbnailUrl":"http:\/\/albivillecomestible.fr\/wp-content\/uploads\/2018\/06\/affiche_enquete_21.png","datePublished":"2018-06-17T20:48:06+00:00","dateModified":"2018-06-17T20:48:06+00:00","breadcrumb":{"@id":"https:\/\/terrescitoyennes.org\/index.php\/2018\/06\/17\/et-si-on-mangeait-local-le-pole-territorial-albigeois-bastides-publie-son-rapport-denquete\/#breadcrumb"},"inLanguage":"fr-FR","potentialAction":[{"@type":"ReadAction","target":["https:\/\/terrescitoyennes.org\/index.php\/2018\/06\/17\/et-si-on-mangeait-local-le-pole-territorial-albigeois-bastides-publie-son-rapport-denquete\/"]}]},{"@type":"ImageObject","inLanguage":"fr-FR","@id":"https:\/\/terrescitoyennes.org\/index.php\/2018\/06\/17\/et-si-on-mangeait-local-le-pole-territorial-albigeois-bastides-publie-son-rapport-denquete\/#primaryimage","url":"http:\/\/albivillecomestible.fr\/wp-content\/uploads\/2018\/06\/affiche_enquete_21.png","contentUrl":"http:\/\/albivillecomestible.fr\/wp-content\/uploads\/2018\/06\/affiche_enquete_21.png"},{"@type":"BreadcrumbList","@id":"https:\/\/terrescitoyennes.org\/index.php\/2018\/06\/17\/et-si-on-mangeait-local-le-pole-territorial-albigeois-bastides-publie-son-rapport-denquete\/#breadcrumb","itemListElement":[{"@type":"ListItem","position":1,"name":"Accueil","item":"https:\/\/terrescitoyennes.org\/"},{"@type":"ListItem","position":2,"name":"Et si on mangeait local? Le p\u00f4le territorial Albigeois Bastides publie son rapport d&rsquo;enqu\u00eate&#8230;"}]},{"@type":"WebSite","@id":"https:\/\/terrescitoyennes.org\/#website","url":"https:\/\/terrescitoyennes.org\/","name":"Terres Citoyennes Albigeoises","description":"","publisher":{"@id":"https:\/\/terrescitoyennes.org\/#organization"},"potentialAction":[{"@type":"SearchAction","target":{"@type":"EntryPoint","urlTemplate":"https:\/\/terrescitoyennes.org\/?s={search_term_string}"},"query-input":{"@type":"PropertyValueSpecification","valueRequired":true,"valueName":"search_term_string"}}],"inLanguage":"fr-FR"},{"@type":"Organization","@id":"https:\/\/terrescitoyennes.org\/#organization","name":"Terres Citoyennes Albigeoises","url":"https:\/\/terrescitoyennes.org\/","logo":{"@type":"ImageObject","inLanguage":"fr-FR","@id":"https:\/\/terrescitoyennes.org\/#\/schema\/logo\/image\/","url":"https:\/\/terrescitoyennes.org\/wp-content\/uploads\/2020\/05\/LOGO-TC-propo-01.png","contentUrl":"https:\/\/terrescitoyennes.org\/wp-content\/uploads\/2020\/05\/LOGO-TC-propo-01.png","width":519,"height":459,"caption":"Terres Citoyennes Albigeoises"},"image":{"@id":"https:\/\/terrescitoyennes.org\/#\/schema\/logo\/image\/"},"sameAs":["https:\/\/www.facebook.com\/Terres-citoyennes-albigeoises-513479312353377\/"]},{"@type":"Person","@id":"https:\/\/terrescitoyennes.org\/#\/schema\/person\/e0960d6781bbeb4a308a46f01ba3d382","name":"La r\u00e9daction","image":{"@type":"ImageObject","inLanguage":"fr-FR","@id":"https:\/\/terrescitoyennes.org\/#\/schema\/person\/image\/","url":"https:\/\/secure.gravatar.com\/avatar\/d799b7c652906e899d85a27d9adbcc8a?s=96&d=mm&r=g","contentUrl":"https:\/\/secure.gravatar.com\/avatar\/d799b7c652906e899d85a27d9adbcc8a?s=96&d=mm&r=g","caption":"La r\u00e9daction"},"url":"https:\/\/terrescitoyennes.org\/index.php\/author\/pascal-henry-albi\/"}]}},"_links":{"self":[{"href":"https:\/\/terrescitoyennes.org\/index.php\/wp-json\/wp\/v2\/posts\/848"}],"collection":[{"href":"https:\/\/terrescitoyennes.org\/index.php\/wp-json\/wp\/v2\/posts"}],"about":[{"href":"https:\/\/terrescitoyennes.org\/index.php\/wp-json\/wp\/v2\/types\/post"}],"author":[{"embeddable":true,"href":"https:\/\/terrescitoyennes.org\/index.php\/wp-json\/wp\/v2\/users\/3"}],"replies":[{"embeddable":true,"href":"https:\/\/terrescitoyennes.org\/index.php\/wp-json\/wp\/v2\/comments?post=848"}],"version-history":[{"count":0,"href":"https:\/\/terrescitoyennes.org\/index.php\/wp-json\/wp\/v2\/posts\/848\/revisions"}],"wp:attachment":[{"href":"https:\/\/terrescitoyennes.org\/index.php\/wp-json\/wp\/v2\/media?parent=848"}],"wp:term":[{"taxonomy":"category","embeddable":true,"href":"https:\/\/terrescitoyennes.org\/index.php\/wp-json\/wp\/v2\/categories?post=848"},{"taxonomy":"post_tag","embeddable":true,"href":"https:\/\/terrescitoyennes.org\/index.php\/wp-json\/wp\/v2\/tags?post=848"}],"curies":[{"name":"wp","href":"https:\/\/api.w.org\/{rel}","templated":true}]}}