{"id":893,"date":"2018-07-11T15:14:21","date_gmt":"2018-07-11T13:14:21","guid":{"rendered":"http:\/\/albivillecomestible.fr\/?p=893"},"modified":"2018-07-11T15:14:21","modified_gmt":"2018-07-11T13:14:21","slug":"rendez-vous-a-la-halte-avec-les-incroyables-comestibles-albigeois","status":"publish","type":"post","link":"https:\/\/terrescitoyennes.org\/index.php\/2018\/07\/11\/rendez-vous-a-la-halte-avec-les-incroyables-comestibles-albigeois\/","title":{"rendered":"Rendez-vous \u00e0 La Halte, ce jeudi 12 juillet \u00e0 partir de 17h30, avec les Incroyables Comestibles Albigeois!"},"content":{"rendered":"<p><img loading=\"lazy\" decoding=\"async\" class=\"aligncenter size-full wp-image-894\" src=\"http:\/\/albivillecomestible.fr\/wp-content\/uploads\/2018\/07\/LaHalte20180711.jpg\" alt=\"\" width=\"800\" height=\"600\" srcset=\"https:\/\/terrescitoyennes.org\/wp-content\/uploads\/2018\/07\/LaHalte20180711.jpg 800w, https:\/\/terrescitoyennes.org\/wp-content\/uploads\/2018\/07\/LaHalte20180711-300x225.jpg 300w, https:\/\/terrescitoyennes.org\/wp-content\/uploads\/2018\/07\/LaHalte20180711-768x576.jpg 768w\" sizes=\"(max-width: 800px) 100vw, 800px\" \/><\/p>\n<p>Ce jeudi 12 juillet 2018, les Incroyables Comestibles Albigeois seront \u00e0 La Halte, place Jean Jaur\u00e8s \u00e0 Albi, \u00e0 partir de 17h30 !<\/p>\n<p>Deux mois et demi apr\u00e8s leur installation lors des 48H de l&rsquo;agriculture urbaine, Thierry, et tous les usagers quotidiens, ont pris soin des bancs-bacs et des plantations, les tomates et les courges poussent&#8230;<\/p>\n<p>Au programme ce jeudi : d\u00e9corer les bacs avec les pochoirs, installer l&rsquo;ardoise des Incroyables Comestibles Albigeois, un peu de nettoyage, de paillage, de tuteurage&#8230;<\/p>\n<p>&#8230; et \u00e7a sera aussi l&rsquo;occasion d&rsquo;\u00e9voquer le prochain projet de v\u00e9g\u00e9talisation imagin\u00e9 par Albi Ville Comestible en lien avec les Incroyables Comestibles Albigeois !<\/p>\n<p>Alors, venez nombreux, ce jeudi 12 juillet, \u00e0 La Halte, place Jean Jaur\u00e8s \u00e0 Albi !<\/p>\n","protected":false},"excerpt":{"rendered":"<p>Ce jeudi 12 juillet 2018, les Incroyables Comestibles Albigeois seront \u00e0 La Halte, place Jean Jaur\u00e8s \u00e0 Albi, \u00e0 partir de 17h30 ! Deux mois et demi apr\u00e8s leur installation lors des 48H de l&rsquo;agriculture urbaine, Thierry, et tous les usagers quotidiens, ont pris soin des bancs-bacs et des plantations, les tomates et les courges [&hellip;]<\/p>\n","protected":false},"author":3,"featured_media":0,"comment_status":"closed","ping_status":"closed","sticky":false,"template":"","format":"standard","meta":{"footnotes":""},"categories":[1],"tags":[],"yoast_head":"<!-- This site is optimized with the Yoast SEO plugin v23.5 - https:\/\/yoast.com\/wordpress\/plugins\/seo\/ -->\n<title>Rendez-vous \u00e0 La Halte, ce jeudi 12 juillet \u00e0 partir de 17h30, avec les Incroyables Comestibles Albigeois! - Terres citoyennes albigeoises<\/title>\n<meta name=\"robots\" content=\"index, follow, max-snippet:-1, max-image-preview:large, max-video-preview:-1\" \/>\n<link rel=\"canonical\" href=\"https:\/\/terrescitoyennes.org\/index.php\/2018\/07\/11\/rendez-vous-a-la-halte-avec-les-incroyables-comestibles-albigeois\/\" \/>\n<meta property=\"og:locale\" content=\"fr_FR\" \/>\n<meta property=\"og:type\" content=\"article\" \/>\n<meta property=\"og:title\" content=\"Rendez-vous \u00e0 La Halte, ce jeudi 12 juillet \u00e0 partir de 17h30, avec les Incroyables Comestibles Albigeois! - Terres citoyennes albigeoises\" \/>\n<meta property=\"og:description\" content=\"Ce jeudi 12 juillet 2018, les Incroyables Comestibles Albigeois seront \u00e0 La Halte, place Jean Jaur\u00e8s \u00e0 Albi, \u00e0 partir de 17h30 ! Deux mois et demi apr\u00e8s leur installation lors des 48H de l&rsquo;agriculture urbaine, Thierry, et tous les usagers quotidiens, ont pris soin des bancs-bacs et des plantations, les tomates et les courges [&hellip;]\" \/>\n<meta property=\"og:url\" content=\"https:\/\/terrescitoyennes.org\/index.php\/2018\/07\/11\/rendez-vous-a-la-halte-avec-les-incroyables-comestibles-albigeois\/\" \/>\n<meta property=\"og:site_name\" content=\"Terres citoyennes albigeoises\" \/>\n<meta property=\"article:publisher\" content=\"https:\/\/www.facebook.com\/Terres-citoyennes-albigeoises-513479312353377\/\" \/>\n<meta property=\"article:published_time\" content=\"2018-07-11T13:14:21+00:00\" \/>\n<meta property=\"og:image\" content=\"http:\/\/albivillecomestible.fr\/wp-content\/uploads\/2018\/07\/LaHalte20180711.jpg\" \/>\n<meta name=\"author\" content=\"La r\u00e9daction\" \/>\n<meta name=\"twitter:card\" content=\"summary_large_image\" \/>\n<meta name=\"twitter:label1\" content=\"\u00c9crit par\" \/>\n\t<meta name=\"twitter:data1\" content=\"La r\u00e9daction\" \/>\n\t<meta name=\"twitter:label2\" content=\"Dur\u00e9e de lecture estim\u00e9e\" \/>\n\t<meta name=\"twitter:data2\" content=\"1 minute\" \/>\n<script type=\"application\/ld+json\" class=\"yoast-schema-graph\">{\"@context\":\"https:\/\/schema.org\",\"@graph\":[{\"@type\":\"Article\",\"@id\":\"https:\/\/terrescitoyennes.org\/index.php\/2018\/07\/11\/rendez-vous-a-la-halte-avec-les-incroyables-comestibles-albigeois\/#article\",\"isPartOf\":{\"@id\":\"https:\/\/terrescitoyennes.org\/index.php\/2018\/07\/11\/rendez-vous-a-la-halte-avec-les-incroyables-comestibles-albigeois\/\"},\"author\":{\"name\":\"La r\u00e9daction\",\"@id\":\"https:\/\/terrescitoyennes.org\/#\/schema\/person\/e0960d6781bbeb4a308a46f01ba3d382\"},\"headline\":\"Rendez-vous \u00e0 La Halte, ce jeudi 12 juillet \u00e0 partir de 17h30, avec les Incroyables Comestibles Albigeois!\",\"datePublished\":\"2018-07-11T13:14:21+00:00\",\"dateModified\":\"2018-07-11T13:14:21+00:00\",\"mainEntityOfPage\":{\"@id\":\"https:\/\/terrescitoyennes.org\/index.php\/2018\/07\/11\/rendez-vous-a-la-halte-avec-les-incroyables-comestibles-albigeois\/\"},\"wordCount\":130,\"publisher\":{\"@id\":\"https:\/\/terrescitoyennes.org\/#organization\"},\"image\":{\"@id\":\"https:\/\/terrescitoyennes.org\/index.php\/2018\/07\/11\/rendez-vous-a-la-halte-avec-les-incroyables-comestibles-albigeois\/#primaryimage\"},\"thumbnailUrl\":\"http:\/\/albivillecomestible.fr\/wp-content\/uploads\/2018\/07\/LaHalte20180711.jpg\",\"inLanguage\":\"fr-FR\"},{\"@type\":\"WebPage\",\"@id\":\"https:\/\/terrescitoyennes.org\/index.php\/2018\/07\/11\/rendez-vous-a-la-halte-avec-les-incroyables-comestibles-albigeois\/\",\"url\":\"https:\/\/terrescitoyennes.org\/index.php\/2018\/07\/11\/rendez-vous-a-la-halte-avec-les-incroyables-comestibles-albigeois\/\",\"name\":\"Rendez-vous \u00e0 La Halte, ce jeudi 12 juillet \u00e0 partir de 17h30, avec les Incroyables Comestibles Albigeois! - Terres citoyennes albigeoises\",\"isPartOf\":{\"@id\":\"https:\/\/terrescitoyennes.org\/#website\"},\"primaryImageOfPage\":{\"@id\":\"https:\/\/terrescitoyennes.org\/index.php\/2018\/07\/11\/rendez-vous-a-la-halte-avec-les-incroyables-comestibles-albigeois\/#primaryimage\"},\"image\":{\"@id\":\"https:\/\/terrescitoyennes.org\/index.php\/2018\/07\/11\/rendez-vous-a-la-halte-avec-les-incroyables-comestibles-albigeois\/#primaryimage\"},\"thumbnailUrl\":\"http:\/\/albivillecomestible.fr\/wp-content\/uploads\/2018\/07\/LaHalte20180711.jpg\",\"datePublished\":\"2018-07-11T13:14:21+00:00\",\"dateModified\":\"2018-07-11T13:14:21+00:00\",\"breadcrumb\":{\"@id\":\"https:\/\/terrescitoyennes.org\/index.php\/2018\/07\/11\/rendez-vous-a-la-halte-avec-les-incroyables-comestibles-albigeois\/#breadcrumb\"},\"inLanguage\":\"fr-FR\",\"potentialAction\":[{\"@type\":\"ReadAction\",\"target\":[\"https:\/\/terrescitoyennes.org\/index.php\/2018\/07\/11\/rendez-vous-a-la-halte-avec-les-incroyables-comestibles-albigeois\/\"]}]},{\"@type\":\"ImageObject\",\"inLanguage\":\"fr-FR\",\"@id\":\"https:\/\/terrescitoyennes.org\/index.php\/2018\/07\/11\/rendez-vous-a-la-halte-avec-les-incroyables-comestibles-albigeois\/#primaryimage\",\"url\":\"http:\/\/albivillecomestible.fr\/wp-content\/uploads\/2018\/07\/LaHalte20180711.jpg\",\"contentUrl\":\"http:\/\/albivillecomestible.fr\/wp-content\/uploads\/2018\/07\/LaHalte20180711.jpg\"},{\"@type\":\"BreadcrumbList\",\"@id\":\"https:\/\/terrescitoyennes.org\/index.php\/2018\/07\/11\/rendez-vous-a-la-halte-avec-les-incroyables-comestibles-albigeois\/#breadcrumb\",\"itemListElement\":[{\"@type\":\"ListItem\",\"position\":1,\"name\":\"Accueil\",\"item\":\"https:\/\/terrescitoyennes.org\/\"},{\"@type\":\"ListItem\",\"position\":2,\"name\":\"Rendez-vous \u00e0 La Halte, ce jeudi 12 juillet \u00e0 partir de 17h30, avec les Incroyables Comestibles Albigeois!\"}]},{\"@type\":\"WebSite\",\"@id\":\"https:\/\/terrescitoyennes.org\/#website\",\"url\":\"https:\/\/terrescitoyennes.org\/\",\"name\":\"Terres Citoyennes Albigeoises\",\"description\":\"\",\"publisher\":{\"@id\":\"https:\/\/terrescitoyennes.org\/#organization\"},\"potentialAction\":[{\"@type\":\"SearchAction\",\"target\":{\"@type\":\"EntryPoint\",\"urlTemplate\":\"https:\/\/terrescitoyennes.org\/?s={search_term_string}\"},\"query-input\":{\"@type\":\"PropertyValueSpecification\",\"valueRequired\":true,\"valueName\":\"search_term_string\"}}],\"inLanguage\":\"fr-FR\"},{\"@type\":\"Organization\",\"@id\":\"https:\/\/terrescitoyennes.org\/#organization\",\"name\":\"Terres Citoyennes Albigeoises\",\"url\":\"https:\/\/terrescitoyennes.org\/\",\"logo\":{\"@type\":\"ImageObject\",\"inLanguage\":\"fr-FR\",\"@id\":\"https:\/\/terrescitoyennes.org\/#\/schema\/logo\/image\/\",\"url\":\"https:\/\/terrescitoyennes.org\/wp-content\/uploads\/2020\/05\/LOGO-TC-propo-01.png\",\"contentUrl\":\"https:\/\/terrescitoyennes.org\/wp-content\/uploads\/2020\/05\/LOGO-TC-propo-01.png\",\"width\":519,\"height\":459,\"caption\":\"Terres Citoyennes Albigeoises\"},\"image\":{\"@id\":\"https:\/\/terrescitoyennes.org\/#\/schema\/logo\/image\/\"},\"sameAs\":[\"https:\/\/www.facebook.com\/Terres-citoyennes-albigeoises-513479312353377\/\"]},{\"@type\":\"Person\",\"@id\":\"https:\/\/terrescitoyennes.org\/#\/schema\/person\/e0960d6781bbeb4a308a46f01ba3d382\",\"name\":\"La r\u00e9daction\",\"image\":{\"@type\":\"ImageObject\",\"inLanguage\":\"fr-FR\",\"@id\":\"https:\/\/terrescitoyennes.org\/#\/schema\/person\/image\/\",\"url\":\"https:\/\/secure.gravatar.com\/avatar\/d799b7c652906e899d85a27d9adbcc8a?s=96&d=mm&r=g\",\"contentUrl\":\"https:\/\/secure.gravatar.com\/avatar\/d799b7c652906e899d85a27d9adbcc8a?s=96&d=mm&r=g\",\"caption\":\"La r\u00e9daction\"},\"url\":\"https:\/\/terrescitoyennes.org\/index.php\/author\/pascal-henry-albi\/\"}]}<\/script>\n<!-- \/ Yoast SEO plugin. -->","yoast_head_json":{"title":"Rendez-vous \u00e0 La Halte, ce jeudi 12 juillet \u00e0 partir de 17h30, avec les Incroyables Comestibles Albigeois! - Terres citoyennes albigeoises","robots":{"index":"index","follow":"follow","max-snippet":"max-snippet:-1","max-image-preview":"max-image-preview:large","max-video-preview":"max-video-preview:-1"},"canonical":"https:\/\/terrescitoyennes.org\/index.php\/2018\/07\/11\/rendez-vous-a-la-halte-avec-les-incroyables-comestibles-albigeois\/","og_locale":"fr_FR","og_type":"article","og_title":"Rendez-vous \u00e0 La Halte, ce jeudi 12 juillet \u00e0 partir de 17h30, avec les Incroyables Comestibles Albigeois! - Terres citoyennes albigeoises","og_description":"Ce jeudi 12 juillet 2018, les Incroyables Comestibles Albigeois seront \u00e0 La Halte, place Jean Jaur\u00e8s \u00e0 Albi, \u00e0 partir de 17h30 ! Deux mois et demi apr\u00e8s leur installation lors des 48H de l&rsquo;agriculture urbaine, Thierry, et tous les usagers quotidiens, ont pris soin des bancs-bacs et des plantations, les tomates et les courges [&hellip;]","og_url":"https:\/\/terrescitoyennes.org\/index.php\/2018\/07\/11\/rendez-vous-a-la-halte-avec-les-incroyables-comestibles-albigeois\/","og_site_name":"Terres citoyennes albigeoises","article_publisher":"https:\/\/www.facebook.com\/Terres-citoyennes-albigeoises-513479312353377\/","article_published_time":"2018-07-11T13:14:21+00:00","og_image":[{"url":"http:\/\/albivillecomestible.fr\/wp-content\/uploads\/2018\/07\/LaHalte20180711.jpg"}],"author":"La r\u00e9daction","twitter_card":"summary_large_image","twitter_misc":{"\u00c9crit par":"La r\u00e9daction","Dur\u00e9e de lecture estim\u00e9e":"1 minute"},"schema":{"@context":"https:\/\/schema.org","@graph":[{"@type":"Article","@id":"https:\/\/terrescitoyennes.org\/index.php\/2018\/07\/11\/rendez-vous-a-la-halte-avec-les-incroyables-comestibles-albigeois\/#article","isPartOf":{"@id":"https:\/\/terrescitoyennes.org\/index.php\/2018\/07\/11\/rendez-vous-a-la-halte-avec-les-incroyables-comestibles-albigeois\/"},"author":{"name":"La r\u00e9daction","@id":"https:\/\/terrescitoyennes.org\/#\/schema\/person\/e0960d6781bbeb4a308a46f01ba3d382"},"headline":"Rendez-vous \u00e0 La Halte, ce jeudi 12 juillet \u00e0 partir de 17h30, avec les Incroyables Comestibles Albigeois!","datePublished":"2018-07-11T13:14:21+00:00","dateModified":"2018-07-11T13:14:21+00:00","mainEntityOfPage":{"@id":"https:\/\/terrescitoyennes.org\/index.php\/2018\/07\/11\/rendez-vous-a-la-halte-avec-les-incroyables-comestibles-albigeois\/"},"wordCount":130,"publisher":{"@id":"https:\/\/terrescitoyennes.org\/#organization"},"image":{"@id":"https:\/\/terrescitoyennes.org\/index.php\/2018\/07\/11\/rendez-vous-a-la-halte-avec-les-incroyables-comestibles-albigeois\/#primaryimage"},"thumbnailUrl":"http:\/\/albivillecomestible.fr\/wp-content\/uploads\/2018\/07\/LaHalte20180711.jpg","inLanguage":"fr-FR"},{"@type":"WebPage","@id":"https:\/\/terrescitoyennes.org\/index.php\/2018\/07\/11\/rendez-vous-a-la-halte-avec-les-incroyables-comestibles-albigeois\/","url":"https:\/\/terrescitoyennes.org\/index.php\/2018\/07\/11\/rendez-vous-a-la-halte-avec-les-incroyables-comestibles-albigeois\/","name":"Rendez-vous \u00e0 La Halte, ce jeudi 12 juillet \u00e0 partir de 17h30, avec les Incroyables Comestibles Albigeois! - Terres citoyennes albigeoises","isPartOf":{"@id":"https:\/\/terrescitoyennes.org\/#website"},"primaryImageOfPage":{"@id":"https:\/\/terrescitoyennes.org\/index.php\/2018\/07\/11\/rendez-vous-a-la-halte-avec-les-incroyables-comestibles-albigeois\/#primaryimage"},"image":{"@id":"https:\/\/terrescitoyennes.org\/index.php\/2018\/07\/11\/rendez-vous-a-la-halte-avec-les-incroyables-comestibles-albigeois\/#primaryimage"},"thumbnailUrl":"http:\/\/albivillecomestible.fr\/wp-content\/uploads\/2018\/07\/LaHalte20180711.jpg","datePublished":"2018-07-11T13:14:21+00:00","dateModified":"2018-07-11T13:14:21+00:00","breadcrumb":{"@id":"https:\/\/terrescitoyennes.org\/index.php\/2018\/07\/11\/rendez-vous-a-la-halte-avec-les-incroyables-comestibles-albigeois\/#breadcrumb"},"inLanguage":"fr-FR","potentialAction":[{"@type":"ReadAction","target":["https:\/\/terrescitoyennes.org\/index.php\/2018\/07\/11\/rendez-vous-a-la-halte-avec-les-incroyables-comestibles-albigeois\/"]}]},{"@type":"ImageObject","inLanguage":"fr-FR","@id":"https:\/\/terrescitoyennes.org\/index.php\/2018\/07\/11\/rendez-vous-a-la-halte-avec-les-incroyables-comestibles-albigeois\/#primaryimage","url":"http:\/\/albivillecomestible.fr\/wp-content\/uploads\/2018\/07\/LaHalte20180711.jpg","contentUrl":"http:\/\/albivillecomestible.fr\/wp-content\/uploads\/2018\/07\/LaHalte20180711.jpg"},{"@type":"BreadcrumbList","@id":"https:\/\/terrescitoyennes.org\/index.php\/2018\/07\/11\/rendez-vous-a-la-halte-avec-les-incroyables-comestibles-albigeois\/#breadcrumb","itemListElement":[{"@type":"ListItem","position":1,"name":"Accueil","item":"https:\/\/terrescitoyennes.org\/"},{"@type":"ListItem","position":2,"name":"Rendez-vous \u00e0 La Halte, ce jeudi 12 juillet \u00e0 partir de 17h30, avec les Incroyables Comestibles Albigeois!"}]},{"@type":"WebSite","@id":"https:\/\/terrescitoyennes.org\/#website","url":"https:\/\/terrescitoyennes.org\/","name":"Terres Citoyennes Albigeoises","description":"","publisher":{"@id":"https:\/\/terrescitoyennes.org\/#organization"},"potentialAction":[{"@type":"SearchAction","target":{"@type":"EntryPoint","urlTemplate":"https:\/\/terrescitoyennes.org\/?s={search_term_string}"},"query-input":{"@type":"PropertyValueSpecification","valueRequired":true,"valueName":"search_term_string"}}],"inLanguage":"fr-FR"},{"@type":"Organization","@id":"https:\/\/terrescitoyennes.org\/#organization","name":"Terres Citoyennes Albigeoises","url":"https:\/\/terrescitoyennes.org\/","logo":{"@type":"ImageObject","inLanguage":"fr-FR","@id":"https:\/\/terrescitoyennes.org\/#\/schema\/logo\/image\/","url":"https:\/\/terrescitoyennes.org\/wp-content\/uploads\/2020\/05\/LOGO-TC-propo-01.png","contentUrl":"https:\/\/terrescitoyennes.org\/wp-content\/uploads\/2020\/05\/LOGO-TC-propo-01.png","width":519,"height":459,"caption":"Terres Citoyennes Albigeoises"},"image":{"@id":"https:\/\/terrescitoyennes.org\/#\/schema\/logo\/image\/"},"sameAs":["https:\/\/www.facebook.com\/Terres-citoyennes-albigeoises-513479312353377\/"]},{"@type":"Person","@id":"https:\/\/terrescitoyennes.org\/#\/schema\/person\/e0960d6781bbeb4a308a46f01ba3d382","name":"La r\u00e9daction","image":{"@type":"ImageObject","inLanguage":"fr-FR","@id":"https:\/\/terrescitoyennes.org\/#\/schema\/person\/image\/","url":"https:\/\/secure.gravatar.com\/avatar\/d799b7c652906e899d85a27d9adbcc8a?s=96&d=mm&r=g","contentUrl":"https:\/\/secure.gravatar.com\/avatar\/d799b7c652906e899d85a27d9adbcc8a?s=96&d=mm&r=g","caption":"La r\u00e9daction"},"url":"https:\/\/terrescitoyennes.org\/index.php\/author\/pascal-henry-albi\/"}]}},"_links":{"self":[{"href":"https:\/\/terrescitoyennes.org\/index.php\/wp-json\/wp\/v2\/posts\/893"}],"collection":[{"href":"https:\/\/terrescitoyennes.org\/index.php\/wp-json\/wp\/v2\/posts"}],"about":[{"href":"https:\/\/terrescitoyennes.org\/index.php\/wp-json\/wp\/v2\/types\/post"}],"author":[{"embeddable":true,"href":"https:\/\/terrescitoyennes.org\/index.php\/wp-json\/wp\/v2\/users\/3"}],"replies":[{"embeddable":true,"href":"https:\/\/terrescitoyennes.org\/index.php\/wp-json\/wp\/v2\/comments?post=893"}],"version-history":[{"count":0,"href":"https:\/\/terrescitoyennes.org\/index.php\/wp-json\/wp\/v2\/posts\/893\/revisions"}],"wp:attachment":[{"href":"https:\/\/terrescitoyennes.org\/index.php\/wp-json\/wp\/v2\/media?parent=893"}],"wp:term":[{"taxonomy":"category","embeddable":true,"href":"https:\/\/terrescitoyennes.org\/index.php\/wp-json\/wp\/v2\/categories?post=893"},{"taxonomy":"post_tag","embeddable":true,"href":"https:\/\/terrescitoyennes.org\/index.php\/wp-json\/wp\/v2\/tags?post=893"}],"curies":[{"name":"wp","href":"https:\/\/api.w.org\/{rel}","templated":true}]}}